{"id":435400,"date":"2021-03-10T15:17:59","date_gmt":"2021-03-10T14:17:59","guid":{"rendered":"https:\/\/hashtag.al\/?p=435400"},"modified":"2021-03-10T15:14:29","modified_gmt":"2021-03-10T14:14:29","slug":"duka-poston-foton-me-gjelin-e-iu-pergjigjet-rames-pas-25-prillit-do-te-gjej-pune-ne-pulari","status":"publish","type":"post","link":"https:\/\/www.hashtag.al\/index.php\/2021\/03\/10\/duka-poston-foton-me-gjelin-e-iu-pergjigjet-rames-pas-25-prillit-do-te-gjej-pune-ne-pulari\/","title":{"rendered":"Duka poston foton me gjelin e iu p\u00ebrgjigjet Ram\u00ebs: Pas 25 prillit do t\u00eb gjej pun\u00eb n\u00eb pulari","gt_translate_keys":[{"key":"rendered","format":"text"}]},"content":{"rendered":"<p><span style=\"color: #000000;\"><img loading=\"lazy\" decoding=\"async\" class=\"aligncenter size-full wp-image-435401\" src=\"https:\/\/hashtag.al\/wp-content\/uploads\/2021\/03\/dukaramagjeli.jpg\" alt=\"\" width=\"960\" height=\"758\" srcset=\"https:\/\/www.hashtag.al\/wp-content\/uploads\/2021\/03\/dukaramagjeli.jpg 960w, https:\/\/www.hashtag.al\/wp-content\/uploads\/2021\/03\/dukaramagjeli-300x237.jpg 300w, https:\/\/www.hashtag.al\/wp-content\/uploads\/2021\/03\/dukaramagjeli-768x606.jpg 768w\" sizes=\"auto, (max-width: 960px) 100vw, 960px\" \/><\/span><\/p>\n<p><span style=\"color: #000000;\">Kreu i Partis\u00eb Agrare i \u00ebsht\u00eb p\u00ebrgjigjur kryeministrit Rama q\u00eb e thumboi gjat\u00eb prezantimit t\u00eb kandidat\u00ebve t\u00eb PS-s\u00eb p\u00ebr zgjedhjet e 25 prillit. <\/span><\/p>\n<p><span style=\"color: #000000;\">Duka ka postuar foton e nj\u00eb gjeli si dhe titullin e nj\u00eb shkrimi q\u00eb thekson raportin e KLSH-s\u00eb, sipas t\u00eb cilit n\u00eb 8 vite qeverisje d\u00ebmi n\u00eb buxhet ka qen\u00eb 6.2 miliard\u00eb euro. <\/span><\/p>\n<p><span style=\"color: #000000;\">Duka shkruan n\u00eb postimin e tij se pas 25 prillit do i gjej\u00eb nj\u00eb vend pune n\u00eb pulari.<\/span><\/p>\n<p><span style=\"color: #000000;\"><em>\u201cMeqen\u00ebse ka frik\u00eb t\u00eb merret me bilancin e tij, po e nxjerr un\u00eb nj\u00eb arritje t\u00eb k\u00ebtyre 8 viteve. U pa puna, pas 25 prillit do t\u2019ia gjej nj\u00eb vend n\u00eb pulari.\u201d<\/em> &#8211; shkruan Duka n\u00eb Facebook.<\/span><\/p>\n<p><img loading=\"lazy\" decoding=\"async\" class=\"aligncenter size-full wp-image-435402\" src=\"https:\/\/hashtag.al\/wp-content\/uploads\/2021\/03\/ramaduka.jpg\" alt=\"\" width=\"774\" height=\"602\" srcset=\"https:\/\/www.hashtag.al\/wp-content\/uploads\/2021\/03\/ramaduka.jpg 774w, https:\/\/www.hashtag.al\/wp-content\/uploads\/2021\/03\/ramaduka-300x233.jpg 300w, https:\/\/www.hashtag.al\/wp-content\/uploads\/2021\/03\/ramaduka-768x597.jpg 768w\" sizes=\"auto, (max-width: 774px) 100vw, 774px\" \/><\/p>\n","protected":false,"gt_translate_keys":[{"key":"rendered","format":"html"}]},"excerpt":{"rendered":"<p>Kreu i Partis\u00eb Agrare i \u00ebsht\u00eb p\u00ebrgjigjur kryeministrit Rama q\u00eb e thumboi gjat\u00eb prezantimit t\u00eb kandidat\u00ebve t\u00eb PS-s\u00eb p\u00ebr zgjedhjet e 25 prillit. Duka ka postuar foton e nj\u00eb gjeli si dhe titullin e nj\u00eb shkrimi q\u00eb thekson raportin e KLSH-s\u00eb, sipas t\u00eb cilit n\u00eb 8 vite qeverisje d\u00ebmi n\u00eb buxhet ka qen\u00eb 6.2 miliard\u00eb [&hellip;]<\/p>\n","protected":false,"gt_translate_keys":[{"key":"rendered","format":"html"}]},"author":51,"featured_media":435401,"comment_status":"open","ping_status":"open","sticky":false,"template":"","format":"standard","meta":{"footnotes":""},"categories":[65,13],"tags":[],"class_list":["post-435400","post","type-post","status-publish","format-standard","has-post-thumbnail","hentry","category-lajme","category-te-fundit"],"gt_translate_keys":[{"key":"link","format":"url"}],"_links":{"self":[{"href":"https:\/\/www.hashtag.al\/index.php\/wp-json\/wp\/v2\/posts\/435400","targetHints":{"allow":["GET"]}}],"collection":[{"href":"https:\/\/www.hashtag.al\/index.php\/wp-json\/wp\/v2\/posts"}],"about":[{"href":"https:\/\/www.hashtag.al\/index.php\/wp-json\/wp\/v2\/types\/post"}],"author":[{"embeddable":true,"href":"https:\/\/www.hashtag.al\/index.php\/wp-json\/wp\/v2\/users\/51"}],"replies":[{"embeddable":true,"href":"https:\/\/www.hashtag.al\/index.php\/wp-json\/wp\/v2\/comments?post=435400"}],"version-history":[{"count":0,"href":"https:\/\/www.hashtag.al\/index.php\/wp-json\/wp\/v2\/posts\/435400\/revisions"}],"wp:featuredmedia":[{"embeddable":true,"href":"https:\/\/www.hashtag.al\/index.php\/wp-json\/wp\/v2\/media\/435401"}],"wp:attachment":[{"href":"https:\/\/www.hashtag.al\/index.php\/wp-json\/wp\/v2\/media?parent=435400"}],"wp:term":[{"taxonomy":"category","embeddable":true,"href":"https:\/\/www.hashtag.al\/index.php\/wp-json\/wp\/v2\/categories?post=435400"},{"taxonomy":"post_tag","embeddable":true,"href":"https:\/\/www.hashtag.al\/index.php\/wp-json\/wp\/v2\/tags?post=435400"}],"curies":[{"name":"wp","href":"https:\/\/api.w.org\/{rel}","templated":true}]}}