{"id":435292,"date":"2021-03-10T08:42:08","date_gmt":"2021-03-10T07:42:08","guid":{"rendered":"https:\/\/hashtag.al\/?p=435292"},"modified":"2021-03-10T08:45:49","modified_gmt":"2021-03-10T07:45:49","slug":"operacioni-tibus-arrestohet-personi-i-gjashte-qe-dyshohet-se-tregonte-droge-nga-shqiperia-drejt-italise","status":"publish","type":"post","link":"https:\/\/www.hashtag.al\/index.php\/2021\/03\/10\/operacioni-tibus-arrestohet-personi-i-gjashte-qe-dyshohet-se-tregonte-droge-nga-shqiperia-drejt-italise\/","title":{"rendered":"Operacioni \u201cTibus\u201d, arrestohet personi i gjasht\u00eb q\u00eb dyshohet se tregonte drog\u00eb nga Shqip\u00ebria drejt Italis\u00eb","gt_translate_keys":[{"key":"rendered","format":"text"}]},"content":{"rendered":"<p><span style=\"color: #000000;\"><a href=\"https:\/\/hashtag.al\/wp-content\/uploads\/2021\/03\/Tibus.jpg\"><img loading=\"lazy\" decoding=\"async\" class=\"aligncenter size-full wp-image-435122\" src=\"https:\/\/hashtag.al\/wp-content\/uploads\/2021\/03\/Tibus.jpg\" alt=\"\" width=\"770\" height=\"433\" srcset=\"https:\/\/www.hashtag.al\/wp-content\/uploads\/2021\/03\/Tibus.jpg 770w, https:\/\/www.hashtag.al\/wp-content\/uploads\/2021\/03\/Tibus-300x169.jpg 300w, https:\/\/www.hashtag.al\/wp-content\/uploads\/2021\/03\/Tibus-768x432.jpg 768w\" sizes=\"auto, (max-width: 770px) 100vw, 770px\" \/><\/a><\/span><\/p>\n<p><span style=\"color: #000000;\">Ka shkuar n\u00eb gjasht\u00eb numri i personave t\u00eb arrestuar n\u00eb Shqip\u00ebri, n\u00eb kuad\u00ebr t\u00eb operacionit nd\u00ebrkomb\u00ebtar antidrog\u00eb t\u00eb koduar \u201cTibus\u201d.<\/span><\/p>\n<p><span style=\"color: #000000;\">Sipas policis\u00eb n\u00eb pranga ka r\u00ebn\u00eb shtetasi 30-vje\u00e7ar Andi Veshaj, i cili do t\u00eb ekstradohet n\u00eb Itali.<\/span><\/p>\n<p><span style=\"color: #000000;\"><em>\u00a0\u201cN\u00eb vijim t\u00eb operacionit \u2018TIBUS\u2019, n\u00eb Vlor\u00eb, \u00ebsht\u00eb kapur nga FAST Albania, FNSH, strukturat e DVP Vlor\u00eb dhe Interpol Tirana, nj\u00eb shtetas tjet\u00ebr, i cili u arrestua me q\u00ebllim ekstradimi drejt Italis\u00eb, konkretisht: <\/em><\/span><\/p>\n<ol>\n<li><span style=\"color: #000000;\"><em> V., 30 vje\u00e7, banues n\u00eb Vlor\u00eb, Shqip\u00ebri.<\/em><\/span><\/li>\n<\/ol>\n<p><span style=\"color: #000000;\"><em>Arrestimi i tij u b\u00eb pasi edhe ky shtetas, ashtu si 5 shtetasit e tjer\u00eb t\u00eb arrestuar m\u00ebngjesin e djesh\u00ebm, ishte shpallur n\u00eb k\u00ebrkim nd\u00ebrkomb\u00ebtar nga Interpol Roma, Itali, pasi Gjykata e Rom\u00ebs, Itali, ka l\u00ebshuar urdh\u00ebr-arrestin p\u00ebr kryerjen e vepr\u00ebs penale \u2018Organizat\u00eb kriminale me q\u00ebllim trafikun e narkotik\u00ebve\u2019. <\/em><\/span><\/p>\n<p><span style=\"color: #000000;\"><em>Interpol Tirana, n\u00eb bashk\u00ebpunim me Interpol Rom\u00ebn dhe agjencit\u00eb e tjera ligjzbatuese, vijon procedurat p\u00ebr ekstradimin e k\u00ebtij shtetasi drejt Italis\u00eb.\u201d-<\/em> thuhet n\u00eb njoftimin e Policis\u00eb.<\/span><\/p>\n<p><span style=\"color: #000000;\">Nj\u00eb dit\u00eb m\u00eb par\u00eb u arrestuan pes\u00eb persona: Albano Juzaj, 25 vje\u00e7, Dionis Moskaj, 23 vje\u00e7, Ersild Nelaj, 27 vje\u00e7, Rezart Elmazaj, 31 vje\u00e7 dhe Zeqir Aliaj, 25 vje\u00e7, t\u00eb gjith\u00eb banues n\u00eb Vlor\u00eb.<\/span><\/p>\n<p><span style=\"color: #000000;\">K\u00ebta persona dyshohen se nga data 01.06.2018 deri m\u00eb 21.01.2019, kan\u00eb marr\u00eb pjes\u00eb n\u00eb role t\u00eb ndryshme n\u00eb nj\u00eb organizat\u00eb kriminale, me q\u00ebllim trafikimin e l\u00ebnd\u00ebve narkotike nga Shqip\u00ebria n\u00eb drejtim t\u00eb Italis\u00eb dhe vendeve t\u00eb tjera t\u00eb Evrop\u00ebs.<\/span><\/p>\n<p><iframe loading=\"lazy\" style=\"border: none; overflow: hidden;\" src=\"https:\/\/www.facebook.com\/plugins\/video.php?height=314&amp;href=https%3A%2F%2Fwww.facebook.com%2Fpoliciashtetitshqiptar%2Fvideos%2F864416951015576%2F&amp;show_text=false&amp;width=560\" width=\"560\" height=\"314\" frameborder=\"0\" scrolling=\"no\" allowfullscreen=\"allowfullscreen\"><\/iframe><\/p>\n","protected":false,"gt_translate_keys":[{"key":"rendered","format":"html"}]},"excerpt":{"rendered":"<p>Ka shkuar n\u00eb gjasht\u00eb numri i personave t\u00eb arrestuar n\u00eb Shqip\u00ebri, n\u00eb kuad\u00ebr t\u00eb operacionit nd\u00ebrkomb\u00ebtar antidrog\u00eb t\u00eb koduar \u201cTibus\u201d. Sipas policis\u00eb n\u00eb pranga ka r\u00ebn\u00eb shtetasi 30-vje\u00e7ar Andi Veshaj, i cili do t\u00eb ekstradohet n\u00eb Itali. \u00a0\u201cN\u00eb vijim t\u00eb operacionit \u2018TIBUS\u2019, n\u00eb Vlor\u00eb, \u00ebsht\u00eb kapur nga FAST Albania, FNSH, strukturat e DVP Vlor\u00eb dhe [&hellip;]<\/p>\n","protected":false,"gt_translate_keys":[{"key":"rendered","format":"html"}]},"author":30,"featured_media":435122,"comment_status":"open","ping_status":"open","sticky":false,"template":"","format":"standard","meta":{"footnotes":""},"categories":[65,13],"tags":[],"class_list":["post-435292","post","type-post","status-publish","format-standard","has-post-thumbnail","hentry","category-lajme","category-te-fundit"],"gt_translate_keys":[{"key":"link","format":"url"}],"_links":{"self":[{"href":"https:\/\/www.hashtag.al\/index.php\/wp-json\/wp\/v2\/posts\/435292","targetHints":{"allow":["GET"]}}],"collection":[{"href":"https:\/\/www.hashtag.al\/index.php\/wp-json\/wp\/v2\/posts"}],"about":[{"href":"https:\/\/www.hashtag.al\/index.php\/wp-json\/wp\/v2\/types\/post"}],"author":[{"embeddable":true,"href":"https:\/\/www.hashtag.al\/index.php\/wp-json\/wp\/v2\/users\/30"}],"replies":[{"embeddable":true,"href":"https:\/\/www.hashtag.al\/index.php\/wp-json\/wp\/v2\/comments?post=435292"}],"version-history":[{"count":0,"href":"https:\/\/www.hashtag.al\/index.php\/wp-json\/wp\/v2\/posts\/435292\/revisions"}],"wp:featuredmedia":[{"embeddable":true,"href":"https:\/\/www.hashtag.al\/index.php\/wp-json\/wp\/v2\/media\/435122"}],"wp:attachment":[{"href":"https:\/\/www.hashtag.al\/index.php\/wp-json\/wp\/v2\/media?parent=435292"}],"wp:term":[{"taxonomy":"category","embeddable":true,"href":"https:\/\/www.hashtag.al\/index.php\/wp-json\/wp\/v2\/categories?post=435292"},{"taxonomy":"post_tag","embeddable":true,"href":"https:\/\/www.hashtag.al\/index.php\/wp-json\/wp\/v2\/tags?post=435292"}],"curies":[{"name":"wp","href":"https:\/\/api.w.org\/{rel}","templated":true}]}}