{"id":435230,"date":"2021-03-09T19:47:31","date_gmt":"2021-03-09T18:47:31","guid":{"rendered":"https:\/\/hashtag.al\/?p=435230"},"modified":"2021-03-09T20:06:17","modified_gmt":"2021-03-09T19:06:17","slug":"kpa-ja-le-ne-fuqi-vendimin-e-kpk-se-shkarkon-gjyqtarin-idriz-mulkurti","status":"publish","type":"post","link":"https:\/\/www.hashtag.al\/index.php\/2021\/03\/09\/kpa-ja-le-ne-fuqi-vendimin-e-kpk-se-shkarkon-gjyqtarin-idriz-mulkurti\/","title":{"rendered":"KPA-ja l\u00eb n\u00eb fuqi vendimin e KPK-s\u00eb, shkarkon gjyqtarin Idriz Mulkurti","gt_translate_keys":[{"key":"rendered","format":"text"}]},"content":{"rendered":"<p><span style=\"color: #000000;\"><img loading=\"lazy\" decoding=\"async\" class=\"aligncenter size-full wp-image-265492\" src=\"https:\/\/hashtag.al\/wp-content\/uploads\/2019\/01\/kpk.jpeg\" alt=\"\" width=\"1280\" height=\"853\" srcset=\"https:\/\/www.hashtag.al\/wp-content\/uploads\/2019\/01\/kpk.jpeg 1280w, https:\/\/www.hashtag.al\/wp-content\/uploads\/2019\/01\/kpk-300x200.jpeg 300w, https:\/\/www.hashtag.al\/wp-content\/uploads\/2019\/01\/kpk-768x512.jpeg 768w, https:\/\/www.hashtag.al\/wp-content\/uploads\/2019\/01\/kpk-1024x682.jpeg 1024w\" sizes=\"auto, (max-width: 1280px) 100vw, 1280px\" \/><\/span><\/p>\n<p><span style=\"color: #000000;\">Kolegji i Posa\u00e7\u00ebm i Apelimit ka l\u00ebn\u00eb n\u00eb fuqi vendimin e Komisionit t\u00eb Pavarur t\u00eb Kualifikimit duke shkarkuar nga detyra gjyqtarin e Krimeve t\u00eb R\u00ebnda Idriz Mulkurti.<\/span><\/p>\n<p><span style=\"color: #000000;\">N\u00eb seanc\u00ebn e zhvilluar dit\u00ebn e sotme nuk ishin t\u00eb pranish\u00ebm gjyqtari e as avokati i tij. <\/span><\/p>\n<p><span style=\"color: #000000;\">Gjyqtari i shkarkua nga KPK-ja pasi sipas saj nuk justifikonte dot pasurin\u00eb.<\/span><\/p>\n","protected":false,"gt_translate_keys":[{"key":"rendered","format":"html"}]},"excerpt":{"rendered":"<p>Kolegji i Posa\u00e7\u00ebm i Apelimit ka l\u00ebn\u00eb n\u00eb fuqi vendimin e Komisionit t\u00eb Pavarur t\u00eb Kualifikimit duke shkarkuar nga detyra gjyqtarin e Krimeve t\u00eb R\u00ebnda Idriz Mulkurti. N\u00eb seanc\u00ebn e zhvilluar dit\u00ebn e sotme nuk ishin t\u00eb pranish\u00ebm gjyqtari e as avokati i tij. Gjyqtari i shkarkua nga KPK-ja pasi sipas saj nuk justifikonte dot [&hellip;]<\/p>\n","protected":false,"gt_translate_keys":[{"key":"rendered","format":"html"}]},"author":51,"featured_media":265492,"comment_status":"open","ping_status":"open","sticky":false,"template":"","format":"standard","meta":{"footnotes":""},"categories":[65,13],"tags":[],"class_list":["post-435230","post","type-post","status-publish","format-standard","has-post-thumbnail","hentry","category-lajme","category-te-fundit"],"gt_translate_keys":[{"key":"link","format":"url"}],"_links":{"self":[{"href":"https:\/\/www.hashtag.al\/index.php\/wp-json\/wp\/v2\/posts\/435230","targetHints":{"allow":["GET"]}}],"collection":[{"href":"https:\/\/www.hashtag.al\/index.php\/wp-json\/wp\/v2\/posts"}],"about":[{"href":"https:\/\/www.hashtag.al\/index.php\/wp-json\/wp\/v2\/types\/post"}],"author":[{"embeddable":true,"href":"https:\/\/www.hashtag.al\/index.php\/wp-json\/wp\/v2\/users\/51"}],"replies":[{"embeddable":true,"href":"https:\/\/www.hashtag.al\/index.php\/wp-json\/wp\/v2\/comments?post=435230"}],"version-history":[{"count":0,"href":"https:\/\/www.hashtag.al\/index.php\/wp-json\/wp\/v2\/posts\/435230\/revisions"}],"wp:featuredmedia":[{"embeddable":true,"href":"https:\/\/www.hashtag.al\/index.php\/wp-json\/wp\/v2\/media\/265492"}],"wp:attachment":[{"href":"https:\/\/www.hashtag.al\/index.php\/wp-json\/wp\/v2\/media?parent=435230"}],"wp:term":[{"taxonomy":"category","embeddable":true,"href":"https:\/\/www.hashtag.al\/index.php\/wp-json\/wp\/v2\/categories?post=435230"},{"taxonomy":"post_tag","embeddable":true,"href":"https:\/\/www.hashtag.al\/index.php\/wp-json\/wp\/v2\/tags?post=435230"}],"curies":[{"name":"wp","href":"https:\/\/api.w.org\/{rel}","templated":true}]}}