{"id":435192,"date":"2021-03-09T17:08:46","date_gmt":"2021-03-09T16:08:46","guid":{"rendered":"https:\/\/hashtag.al\/?p=435192"},"modified":"2021-03-09T17:08:46","modified_gmt":"2021-03-09T16:08:46","slug":"gjiknuri-publikon-foton-e-kandidateve-ne-vlore-mungon-i-11-ti-ne-liste-alket-hyseni","status":"publish","type":"post","link":"https:\/\/www.hashtag.al\/index.php\/2021\/03\/09\/gjiknuri-publikon-foton-e-kandidateve-ne-vlore-mungon-i-11-ti-ne-liste-alket-hyseni\/","title":{"rendered":"Gjiknuri publikon foton e kandidat\u00ebve n\u00eb Vlor\u00eb, mungon i 11-ti n\u00eb list\u00eb Alket Hyseni","gt_translate_keys":[{"key":"rendered","format":"text"}]},"content":{"rendered":"<p><span style=\"color: #000000;\"><img loading=\"lazy\" decoding=\"async\" class=\"aligncenter size-full wp-image-435193\" src=\"https:\/\/hashtag.al\/wp-content\/uploads\/2021\/03\/damiani.jpg\" alt=\"\" width=\"1213\" height=\"905\" srcset=\"https:\/\/www.hashtag.al\/wp-content\/uploads\/2021\/03\/damiani.jpg 1213w, https:\/\/www.hashtag.al\/wp-content\/uploads\/2021\/03\/damiani-300x224.jpg 300w, https:\/\/www.hashtag.al\/wp-content\/uploads\/2021\/03\/damiani-768x573.jpg 768w, https:\/\/www.hashtag.al\/wp-content\/uploads\/2021\/03\/damiani-1024x764.jpg 1024w\" sizes=\"auto, (max-width: 1213px) 100vw, 1213px\" \/><\/span><\/p>\n<p><span style=\"color: #000000;\">Deputeti i PS-s\u00eb, Alket Hyseni, \u00ebsht\u00eb t\u00ebrhequr nga gara p\u00ebr deputet n\u00eb zgjedhjet e 25 prillit. Ai u rendit i 11-ti n\u00eb list\u00ebn e qarkut t\u00eb Vlor\u00ebs por nuk dihet n\u00ebse ka qen\u00eb ky shkaku i t\u00ebrheqjes. <\/span><\/p>\n<p><span style=\"color: #000000;\">Drejtuesi politik i PS-s\u00eb n\u00eb k\u00ebt\u00eb qark, Gjiknuri ka botuar nj\u00eb foto me 12 kandidat\u00ebt p\u00ebr deputet\u00eb n\u00eb k\u00ebt\u00eb qark, ku mungon fotografia e Hysenit.<\/span><\/p>\n<p><span style=\"color: #000000;\">Hyseni nuk \u00ebsht\u00eb emri i vet\u00ebm q\u00eb nuk kandidon n\u00eb radh\u00ebt e PS-s\u00eb n\u00eb k\u00ebto zgjedhje. M\u00eb her\u00ebt jan\u00eb t\u00ebrhequr Vasilika Hysi, Alfred Peza, Eglantina Gjermeni, Musa Ulqini, Sadik Vorpsi e Besnik Bare.<\/span><\/p>\n<p>&nbsp;<\/p>\n","protected":false,"gt_translate_keys":[{"key":"rendered","format":"html"}]},"excerpt":{"rendered":"<p>Deputeti i PS-s\u00eb, Alket Hyseni, \u00ebsht\u00eb t\u00ebrhequr nga gara p\u00ebr deputet n\u00eb zgjedhjet e 25 prillit. Ai u rendit i 11-ti n\u00eb list\u00ebn e qarkut t\u00eb Vlor\u00ebs por nuk dihet n\u00ebse ka qen\u00eb ky shkaku i t\u00ebrheqjes. Drejtuesi politik i PS-s\u00eb n\u00eb k\u00ebt\u00eb qark, Gjiknuri ka botuar nj\u00eb foto me 12 kandidat\u00ebt p\u00ebr deputet\u00eb n\u00eb [&hellip;]<\/p>\n","protected":false,"gt_translate_keys":[{"key":"rendered","format":"html"}]},"author":51,"featured_media":435194,"comment_status":"open","ping_status":"open","sticky":false,"template":"","format":"standard","meta":{"footnotes":""},"categories":[65,13],"tags":[],"class_list":["post-435192","post","type-post","status-publish","format-standard","has-post-thumbnail","hentry","category-lajme","category-te-fundit"],"gt_translate_keys":[{"key":"link","format":"url"}],"_links":{"self":[{"href":"https:\/\/www.hashtag.al\/index.php\/wp-json\/wp\/v2\/posts\/435192","targetHints":{"allow":["GET"]}}],"collection":[{"href":"https:\/\/www.hashtag.al\/index.php\/wp-json\/wp\/v2\/posts"}],"about":[{"href":"https:\/\/www.hashtag.al\/index.php\/wp-json\/wp\/v2\/types\/post"}],"author":[{"embeddable":true,"href":"https:\/\/www.hashtag.al\/index.php\/wp-json\/wp\/v2\/users\/51"}],"replies":[{"embeddable":true,"href":"https:\/\/www.hashtag.al\/index.php\/wp-json\/wp\/v2\/comments?post=435192"}],"version-history":[{"count":0,"href":"https:\/\/www.hashtag.al\/index.php\/wp-json\/wp\/v2\/posts\/435192\/revisions"}],"wp:featuredmedia":[{"embeddable":true,"href":"https:\/\/www.hashtag.al\/index.php\/wp-json\/wp\/v2\/media\/435194"}],"wp:attachment":[{"href":"https:\/\/www.hashtag.al\/index.php\/wp-json\/wp\/v2\/media?parent=435192"}],"wp:term":[{"taxonomy":"category","embeddable":true,"href":"https:\/\/www.hashtag.al\/index.php\/wp-json\/wp\/v2\/categories?post=435192"},{"taxonomy":"post_tag","embeddable":true,"href":"https:\/\/www.hashtag.al\/index.php\/wp-json\/wp\/v2\/tags?post=435192"}],"curies":[{"name":"wp","href":"https:\/\/api.w.org\/{rel}","templated":true}]}}