{"id":435189,"date":"2021-03-09T16:54:51","date_gmt":"2021-03-09T15:54:51","guid":{"rendered":"https:\/\/hashtag.al\/?p=435189"},"modified":"2021-03-09T16:50:57","modified_gmt":"2021-03-09T15:50:57","slug":"basha-i-bindur-25-prilli-dite-ndryshimi-plebishitare-fitore-e-thelle-pertej-te-gjitha-sondazheve","status":"publish","type":"post","link":"https:\/\/www.hashtag.al\/index.php\/2021\/03\/09\/basha-i-bindur-25-prilli-dite-ndryshimi-plebishitare-fitore-e-thelle-pertej-te-gjitha-sondazheve\/","title":{"rendered":"Basha i bindur: 25 prilli dit\u00eb ndryshimi plebishitare, fitore e thell\u00eb p\u00ebrtej t\u00eb gjitha sondazheve","gt_translate_keys":[{"key":"rendered","format":"text"}]},"content":{"rendered":"<p><span style=\"color: #000000;\"><img loading=\"lazy\" decoding=\"async\" class=\"aligncenter size-full wp-image-435190\" src=\"https:\/\/hashtag.al\/wp-content\/uploads\/2021\/03\/basha2.jpg\" alt=\"\" width=\"1230\" height=\"706\" srcset=\"https:\/\/www.hashtag.al\/wp-content\/uploads\/2021\/03\/basha2.jpg 1230w, https:\/\/www.hashtag.al\/wp-content\/uploads\/2021\/03\/basha2-300x172.jpg 300w, https:\/\/www.hashtag.al\/wp-content\/uploads\/2021\/03\/basha2-768x441.jpg 768w, https:\/\/www.hashtag.al\/wp-content\/uploads\/2021\/03\/basha2-1024x588.jpg 1024w\" sizes=\"auto, (max-width: 1230px) 100vw, 1230px\" \/><\/span><\/p>\n<p><span style=\"color: #000000;\">Kreu i Partis\u00eb Demokratike tha se 25 prilli do jet\u00eb dita e ndryshimit plebishitar, p\u00ebrtej t\u00eb gjitha sondazheve. <\/span><\/p>\n<p><span style=\"color: #000000;\">Basha e b\u00ebri deklarat\u00ebn gjat\u00eb nj\u00eb bashk\u00ebbisedimi me gazetar\u00ebt ku theksoi se vendi ka nevoj\u00eb p\u00ebr ndryshim dhe se ai do vij\u00eb me \u00e7do kusht.<\/span><\/p>\n<p><span style=\"color: #000000;\"> Ai theksoi se ekipi i ri qeveris\u00ebs do b\u00ebj\u00eb n\u00eb vend ndryshimin m\u00eb t\u00eb madh q\u00eb prej vitit 1992.<\/span><\/p>\n<p><span style=\"color: #000000;\"><em>\u201cShqiptar\u00ebt do votojn\u00eb p\u00ebr ndryshimin, 25 prilli do jet\u00eb dit\u00eb ndryshimi plebishitare, p\u00ebr ndryshimin e madh, p\u00ebrtej t\u00eb gjitha sondazheve. Edi Rama e di k\u00ebt\u00eb, prandaj ndryshoi n\u00eb m\u00ebnyr\u00eb t\u00eb nj\u00ebanshme Kushtetut\u00ebn e Kodin Zgjedhor. Ka m\u00eb shum\u00eb pushtete se \u00e7do njeri pas Enver Hoxh\u00ebs dhe ja ku jemi sot. Gj\u00ebrat po shkojn\u00eb keq e m\u00eb keq. 25 prilli do jet\u00eb fitorja e \u00e7do shqiptari. P\u00ebrgjegj\u00ebsia jon\u00eb \u00ebsht\u00eb t\u00eb zbatoj\u00eb \u00e7do angazhim q\u00eb kemi marr\u00eb para shqiptar\u00ebve. Bashk\u00eb me ekipin q\u00eb kemi nd\u00ebrtuar ndryshimi do marr\u00eb p\u00ebrmasa m\u00eb t\u00eb thella q\u00eb prej vitit 1992.\u201d<\/em> &#8211; tha Basha.<\/span><\/p>\n","protected":false,"gt_translate_keys":[{"key":"rendered","format":"html"}]},"excerpt":{"rendered":"<p>Kreu i Partis\u00eb Demokratike tha se 25 prilli do jet\u00eb dita e ndryshimit plebishitar, p\u00ebrtej t\u00eb gjitha sondazheve. Basha e b\u00ebri deklarat\u00ebn gjat\u00eb nj\u00eb bashk\u00ebbisedimi me gazetar\u00ebt ku theksoi se vendi ka nevoj\u00eb p\u00ebr ndryshim dhe se ai do vij\u00eb me \u00e7do kusht. Ai theksoi se ekipi i ri qeveris\u00ebs do b\u00ebj\u00eb n\u00eb vend ndryshimin [&hellip;]<\/p>\n","protected":false,"gt_translate_keys":[{"key":"rendered","format":"html"}]},"author":51,"featured_media":435190,"comment_status":"open","ping_status":"open","sticky":false,"template":"","format":"standard","meta":{"footnotes":""},"categories":[65,13],"tags":[],"class_list":["post-435189","post","type-post","status-publish","format-standard","has-post-thumbnail","hentry","category-lajme","category-te-fundit"],"gt_translate_keys":[{"key":"link","format":"url"}],"_links":{"self":[{"href":"https:\/\/www.hashtag.al\/index.php\/wp-json\/wp\/v2\/posts\/435189","targetHints":{"allow":["GET"]}}],"collection":[{"href":"https:\/\/www.hashtag.al\/index.php\/wp-json\/wp\/v2\/posts"}],"about":[{"href":"https:\/\/www.hashtag.al\/index.php\/wp-json\/wp\/v2\/types\/post"}],"author":[{"embeddable":true,"href":"https:\/\/www.hashtag.al\/index.php\/wp-json\/wp\/v2\/users\/51"}],"replies":[{"embeddable":true,"href":"https:\/\/www.hashtag.al\/index.php\/wp-json\/wp\/v2\/comments?post=435189"}],"version-history":[{"count":0,"href":"https:\/\/www.hashtag.al\/index.php\/wp-json\/wp\/v2\/posts\/435189\/revisions"}],"wp:featuredmedia":[{"embeddable":true,"href":"https:\/\/www.hashtag.al\/index.php\/wp-json\/wp\/v2\/media\/435190"}],"wp:attachment":[{"href":"https:\/\/www.hashtag.al\/index.php\/wp-json\/wp\/v2\/media?parent=435189"}],"wp:term":[{"taxonomy":"category","embeddable":true,"href":"https:\/\/www.hashtag.al\/index.php\/wp-json\/wp\/v2\/categories?post=435189"},{"taxonomy":"post_tag","embeddable":true,"href":"https:\/\/www.hashtag.al\/index.php\/wp-json\/wp\/v2\/tags?post=435189"}],"curies":[{"name":"wp","href":"https:\/\/api.w.org\/{rel}","templated":true}]}}