{"id":434826,"date":"2021-03-08T11:16:50","date_gmt":"2021-03-08T10:16:50","guid":{"rendered":"https:\/\/hashtag.al\/?p=434826"},"modified":"2021-03-08T11:16:50","modified_gmt":"2021-03-08T10:16:50","slug":"konfirmohet-viktima-e-pare-nga-zjarri-ne-berat","status":"publish","type":"post","link":"https:\/\/www.hashtag.al\/index.php\/2021\/03\/08\/konfirmohet-viktima-e-pare-nga-zjarri-ne-berat\/","title":{"rendered":"Konfirmohet viktima e par\u00eb nga zjarri n\u00eb Berat","gt_translate_keys":[{"key":"rendered","format":"text"}]},"content":{"rendered":"<p><span style=\"color: #000000;\"><a href=\"https:\/\/hashtag.al\/wp-content\/uploads\/2021\/03\/zjarri-berat.jpg\"><img loading=\"lazy\" decoding=\"async\" class=\"aligncenter size-full wp-image-434830\" src=\"https:\/\/hashtag.al\/wp-content\/uploads\/2021\/03\/zjarri-berat.jpg\" alt=\"\" width=\"583\" height=\"336\" srcset=\"https:\/\/www.hashtag.al\/wp-content\/uploads\/2021\/03\/zjarri-berat.jpg 583w, https:\/\/www.hashtag.al\/wp-content\/uploads\/2021\/03\/zjarri-berat-300x173.jpg 300w, https:\/\/www.hashtag.al\/wp-content\/uploads\/2021\/03\/zjarri-berat-250x145.jpg 250w\" sizes=\"auto, (max-width: 583px) 100vw, 583px\" \/><\/a><\/span><\/p>\n<p><span style=\"color: #000000;\">Policia ka konfirmuar zyrtarisht se nj\u00eb nga viktimat nga zjarri q\u00eb ra gjat\u00eb nat\u00ebs n\u00eb lagjen Muzakaj n\u00eb Berat, \u00ebsht\u00eb 61-vje\u00e7ari Jani Vangjeli.<\/span><\/p>\n<p><span style=\"color: #000000;\"><em>\u201cN\u00eb vijim t\u00eb informacionit paraprak t\u00eb dh\u00ebn\u00eb n\u00eb or\u00ebt e para t\u00eb m\u00ebngjesit t\u00eb sot\u00ebm n\u00eb lidhje me zjarrin q\u00eb ka r\u00ebn\u00eb n\u00eb disa banesa n\u00eb lagjen \u2018Muzakaj\u2019, ju informojm\u00eb se:<\/em><\/span><\/p>\n<p><span style=\"color: #000000;\"><em>N\u00eb vijim t\u00eb veprimeve hetimore t\u00eb kryera nga grupi hetimor, gjat\u00eb k\u00ebqyrjes s\u00eb vendit t\u00eb ngjarjes \u00ebsht\u00eb gjetur nj\u00eb tjet\u00ebr trup i djegur, i cili dyshohet se \u00ebsht\u00eb\u00a0 J. V., 61 vje\u00e7.\u00a0 <\/em><\/span><\/p>\n<p><span style=\"color: #000000;\"><em>Trupi i pajet\u00eb u d\u00ebrgua n\u00eb morgun e Spitalit Rajonal Berat. .\u201d-<\/em> thuhet n\u00eb njoftimin e policis\u00eb.<\/span><\/p>\n<p><span style=\"color: #000000;\"><a href=\"https:\/\/hashtag.al\/wp-content\/uploads\/2021\/03\/maxresdefault.jpg\"><img loading=\"lazy\" decoding=\"async\" class=\"aligncenter size-full wp-image-434828\" src=\"https:\/\/hashtag.al\/wp-content\/uploads\/2021\/03\/maxresdefault.jpg\" alt=\"\" width=\"1280\" height=\"720\" srcset=\"https:\/\/www.hashtag.al\/wp-content\/uploads\/2021\/03\/maxresdefault.jpg 1280w, https:\/\/www.hashtag.al\/wp-content\/uploads\/2021\/03\/maxresdefault-300x169.jpg 300w, https:\/\/www.hashtag.al\/wp-content\/uploads\/2021\/03\/maxresdefault-768x432.jpg 768w, https:\/\/www.hashtag.al\/wp-content\/uploads\/2021\/03\/maxresdefault-1024x576.jpg 1024w\" sizes=\"auto, (max-width: 1280px) 100vw, 1280px\" \/><\/a><\/span><\/p>\n<p><span style=\"color: #000000;\">Zjarri ra mbr\u00ebm\u00eb pas mesnate n\u00eb banes\u00ebn e 61 vje\u00e7arit, i cili banonte me t\u00eb birin. Dyshohet se nga flak\u00ebt ka humbur jet\u00ebn dhe ky i fundit i cili quhet: Mateo Vangjeli 36 vje\u00e7.<\/span><\/p>\n<p><span style=\"color: #000000;\">Zjarri nisi fillimisht n\u00eb banes\u00ebn e tyre, e m\u00eb pas \u00ebsht\u00eb p\u00ebrhapur dhe n\u00eb dy banesa t\u00eb tjera ngjitur t\u00eb shtetasve R.S dhe P.N si dhe n\u00eb katin e tret\u00eb t\u00eb pallatit p\u00ebrball\u00eb n\u00eb banes\u00ebn e shtetasit M.H.<\/span><\/p>\n<p><span style=\"color: #000000;\"><a href=\"https:\/\/hashtag.al\/wp-content\/uploads\/2021\/03\/Berat-1.jpg\"><img loading=\"lazy\" decoding=\"async\" class=\"aligncenter size-full wp-image-434827\" src=\"https:\/\/hashtag.al\/wp-content\/uploads\/2021\/03\/Berat-1.jpg\" alt=\"\" width=\"900\" height=\"548\" srcset=\"https:\/\/www.hashtag.al\/wp-content\/uploads\/2021\/03\/Berat-1.jpg 900w, https:\/\/www.hashtag.al\/wp-content\/uploads\/2021\/03\/Berat-1-300x183.jpg 300w, https:\/\/www.hashtag.al\/wp-content\/uploads\/2021\/03\/Berat-1-768x468.jpg 768w\" sizes=\"auto, (max-width: 900px) 100vw, 900px\" \/><\/a><\/span><\/p>\n<p><span style=\"color: #000000;\">Mbr\u00ebm\u00eb me ta n\u00eb banes\u00eb ka qen\u00eb dhe nj\u00eb shok i djalit e ka patur dyshime se mos edhe ai ka humbur jet\u00ebn n\u00eb banes\u00eb. Por sipas televizionit \u201cNews 24\u201d, miku nuk ka q\u00ebndruar p\u00ebr t\u00eb fjetur por \u00ebsht\u00eb larguar q\u00eb mbr\u00ebm\u00eb.\/ <strong>Hashtag.al<\/strong><\/span><\/p>\n<div style=\"width: 1170px;\" class=\"wp-video\"><video class=\"wp-video-shortcode\" id=\"video-434826-1\" width=\"1170\" height=\"658\" preload=\"metadata\" controls=\"controls\"><source type=\"video\/mp4\" src=\"https:\/\/hashtag.al\/wp-content\/uploads\/2021\/03\/zjarri.mp4?_=1\" \/><a href=\"https:\/\/hashtag.al\/wp-content\/uploads\/2021\/03\/zjarri.mp4\">https:\/\/hashtag.al\/wp-content\/uploads\/2021\/03\/zjarri.mp4<\/a><\/video><\/div>\n","protected":false,"gt_translate_keys":[{"key":"rendered","format":"html"}]},"excerpt":{"rendered":"<p>Policia ka konfirmuar zyrtarisht se nj\u00eb nga viktimat nga zjarri q\u00eb ra gjat\u00eb nat\u00ebs n\u00eb lagjen Muzakaj n\u00eb Berat, \u00ebsht\u00eb 61-vje\u00e7ari Jani Vangjeli. \u201cN\u00eb vijim t\u00eb informacionit paraprak t\u00eb dh\u00ebn\u00eb n\u00eb or\u00ebt e para t\u00eb m\u00ebngjesit t\u00eb sot\u00ebm n\u00eb lidhje me zjarrin q\u00eb ka r\u00ebn\u00eb n\u00eb disa banesa n\u00eb lagjen \u2018Muzakaj\u2019, ju informojm\u00eb se: N\u00eb [&hellip;]<\/p>\n","protected":false,"gt_translate_keys":[{"key":"rendered","format":"html"}]},"author":30,"featured_media":434828,"comment_status":"open","ping_status":"open","sticky":false,"template":"","format":"standard","meta":{"footnotes":""},"categories":[65,13],"tags":[],"class_list":["post-434826","post","type-post","status-publish","format-standard","has-post-thumbnail","hentry","category-lajme","category-te-fundit"],"gt_translate_keys":[{"key":"link","format":"url"}],"_links":{"self":[{"href":"https:\/\/www.hashtag.al\/index.php\/wp-json\/wp\/v2\/posts\/434826","targetHints":{"allow":["GET"]}}],"collection":[{"href":"https:\/\/www.hashtag.al\/index.php\/wp-json\/wp\/v2\/posts"}],"about":[{"href":"https:\/\/www.hashtag.al\/index.php\/wp-json\/wp\/v2\/types\/post"}],"author":[{"embeddable":true,"href":"https:\/\/www.hashtag.al\/index.php\/wp-json\/wp\/v2\/users\/30"}],"replies":[{"embeddable":true,"href":"https:\/\/www.hashtag.al\/index.php\/wp-json\/wp\/v2\/comments?post=434826"}],"version-history":[{"count":0,"href":"https:\/\/www.hashtag.al\/index.php\/wp-json\/wp\/v2\/posts\/434826\/revisions"}],"wp:featuredmedia":[{"embeddable":true,"href":"https:\/\/www.hashtag.al\/index.php\/wp-json\/wp\/v2\/media\/434828"}],"wp:attachment":[{"href":"https:\/\/www.hashtag.al\/index.php\/wp-json\/wp\/v2\/media?parent=434826"}],"wp:term":[{"taxonomy":"category","embeddable":true,"href":"https:\/\/www.hashtag.al\/index.php\/wp-json\/wp\/v2\/categories?post=434826"},{"taxonomy":"post_tag","embeddable":true,"href":"https:\/\/www.hashtag.al\/index.php\/wp-json\/wp\/v2\/tags?post=434826"}],"curies":[{"name":"wp","href":"https:\/\/api.w.org\/{rel}","templated":true}]}}