{"id":434713,"date":"2021-03-07T19:03:55","date_gmt":"2021-03-07T18:03:55","guid":{"rendered":"https:\/\/hashtag.al\/?p=434713"},"modified":"2021-03-07T19:03:55","modified_gmt":"2021-03-07T18:03:55","slug":"18-viktima-nga-shperthimi-i-minave-ne-siri","status":"publish","type":"post","link":"https:\/\/www.hashtag.al\/index.php\/2021\/03\/07\/18-viktima-nga-shperthimi-i-minave-ne-siri\/","title":{"rendered":"18 viktima nga shp\u00ebrthimi i minave n\u00eb Siri","gt_translate_keys":[{"key":"rendered","format":"text"}]},"content":{"rendered":"<p><span style=\"color: #000000;\"><img loading=\"lazy\" decoding=\"async\" class=\"aligncenter size-full wp-image-434714\" src=\"https:\/\/hashtag.al\/wp-content\/uploads\/2021\/03\/siri.jpg\" alt=\"\" width=\"863\" height=\"486\" srcset=\"https:\/\/www.hashtag.al\/wp-content\/uploads\/2021\/03\/siri.jpg 863w, https:\/\/www.hashtag.al\/wp-content\/uploads\/2021\/03\/siri-300x169.jpg 300w, https:\/\/www.hashtag.al\/wp-content\/uploads\/2021\/03\/siri-768x433.jpg 768w\" sizes=\"auto, (max-width: 863px) 100vw, 863px\" \/><\/span><\/p>\n<p><span style=\"color: #000000;\">T\u00eb pakt\u00ebn 18 persona u vran\u00eb dhe tre t\u00eb tjer\u00eb u plagos\u00ebn t\u00eb diel\u00ebn nga shp\u00ebrthin\u00eb e minave n\u00eb Sirin\u00eb per\u00ebndimore.<\/span><\/p>\n<p><span style=\"color: #000000;\">Dy mina shp\u00ebrthyen n\u00eb fshatin Al-Salamiyah, i vendosur n\u00eb lindje t\u00eb Hamas, sipas agjencis\u00eb s\u00eb lajmeve SANA.<\/span><\/p>\n<p><span style=\"color: #000000;\">Zona ku ndodhi shp\u00ebrthimi kontrollohet nga forcat e regjimit t\u00eb presidentit Asad dhe militant\u00ebt e mb\u00ebshtetur nga Irani.<\/span><\/p>\n<p><span style=\"color: #000000;\">Siria ka qen\u00eb e p\u00ebrfshir\u00eb n\u00eb nj\u00eb luft\u00eb t\u00eb eg\u00ebr civile q\u00eb nga fillimi i vitit 2011, kur qeveria e Bashar al-Asad goditi protestat.<\/span><\/p>\n<p><span style=\"color: #000000;\"> M\u00eb shum\u00eb se 5 milion\u00eb civil\u00eb jan\u00eb zhvendosur q\u00eb at\u00ebher\u00eb nd\u00ebrsa qindra mij\u00ebra sirian\u00eb kan\u00eb mbetur viktim\u00eb e konfliktit civil.<\/span><\/p>\n<p>&nbsp;<\/p>\n","protected":false,"gt_translate_keys":[{"key":"rendered","format":"html"}]},"excerpt":{"rendered":"<p>T\u00eb pakt\u00ebn 18 persona u vran\u00eb dhe tre t\u00eb tjer\u00eb u plagos\u00ebn t\u00eb diel\u00ebn nga shp\u00ebrthin\u00eb e minave n\u00eb Sirin\u00eb per\u00ebndimore. Dy mina shp\u00ebrthyen n\u00eb fshatin Al-Salamiyah, i vendosur n\u00eb lindje t\u00eb Hamas, sipas agjencis\u00eb s\u00eb lajmeve SANA. Zona ku ndodhi shp\u00ebrthimi kontrollohet nga forcat e regjimit t\u00eb presidentit Asad dhe militant\u00ebt e mb\u00ebshtetur nga [&hellip;]<\/p>\n","protected":false,"gt_translate_keys":[{"key":"rendered","format":"html"}]},"author":51,"featured_media":434714,"comment_status":"open","ping_status":"open","sticky":false,"template":"","format":"standard","meta":{"footnotes":""},"categories":[6],"tags":[],"class_list":["post-434713","post","type-post","status-publish","format-standard","has-post-thumbnail","hentry","category-nderkombetare"],"gt_translate_keys":[{"key":"link","format":"url"}],"_links":{"self":[{"href":"https:\/\/www.hashtag.al\/index.php\/wp-json\/wp\/v2\/posts\/434713","targetHints":{"allow":["GET"]}}],"collection":[{"href":"https:\/\/www.hashtag.al\/index.php\/wp-json\/wp\/v2\/posts"}],"about":[{"href":"https:\/\/www.hashtag.al\/index.php\/wp-json\/wp\/v2\/types\/post"}],"author":[{"embeddable":true,"href":"https:\/\/www.hashtag.al\/index.php\/wp-json\/wp\/v2\/users\/51"}],"replies":[{"embeddable":true,"href":"https:\/\/www.hashtag.al\/index.php\/wp-json\/wp\/v2\/comments?post=434713"}],"version-history":[{"count":0,"href":"https:\/\/www.hashtag.al\/index.php\/wp-json\/wp\/v2\/posts\/434713\/revisions"}],"wp:featuredmedia":[{"embeddable":true,"href":"https:\/\/www.hashtag.al\/index.php\/wp-json\/wp\/v2\/media\/434714"}],"wp:attachment":[{"href":"https:\/\/www.hashtag.al\/index.php\/wp-json\/wp\/v2\/media?parent=434713"}],"wp:term":[{"taxonomy":"category","embeddable":true,"href":"https:\/\/www.hashtag.al\/index.php\/wp-json\/wp\/v2\/categories?post=434713"},{"taxonomy":"post_tag","embeddable":true,"href":"https:\/\/www.hashtag.al\/index.php\/wp-json\/wp\/v2\/tags?post=434713"}],"curies":[{"name":"wp","href":"https:\/\/api.w.org\/{rel}","templated":true}]}}