{"id":434643,"date":"2021-03-07T12:04:24","date_gmt":"2021-03-07T11:04:24","guid":{"rendered":"https:\/\/hashtag.al\/?p=434643"},"modified":"2021-03-07T12:04:24","modified_gmt":"2021-03-07T11:04:24","slug":"vucic-viktimizohet-serbia-ne-pozite-te-pashprese-ne-perendim-na-kerkojne-njohjen-e-kosoves","status":"publish","type":"post","link":"https:\/\/www.hashtag.al\/index.php\/2021\/03\/07\/vucic-viktimizohet-serbia-ne-pozite-te-pashprese-ne-perendim-na-kerkojne-njohjen-e-kosoves\/","title":{"rendered":"Vu\u00e7i\u00e7 viktimizohet: Serbia n\u00eb pozit\u00eb t\u00eb pashpres\u00eb, n\u00eb Per\u00ebndim na k\u00ebrkojn\u00eb njohjen e Kosov\u00ebs","gt_translate_keys":[{"key":"rendered","format":"text"}]},"content":{"rendered":"<p><span style=\"color: #000000;\"><img loading=\"lazy\" decoding=\"async\" class=\"aligncenter size-full wp-image-397877\" src=\"https:\/\/hashtag.al\/wp-content\/uploads\/2020\/09\/Vucici.png\" alt=\"\" width=\"640\" height=\"386\" srcset=\"https:\/\/www.hashtag.al\/wp-content\/uploads\/2020\/09\/Vucici.png 640w, https:\/\/www.hashtag.al\/wp-content\/uploads\/2020\/09\/Vucici-300x181.png 300w\" sizes=\"auto, (max-width: 640px) 100vw, 640px\" \/><\/span><\/p>\n<p><span style=\"color: #000000;\">Presidenti i Serbis\u00eb, Aleksandar Vu\u00e7i\u00e7, deklaroi se Serbia \u00ebsht\u00eb n\u00eb nj\u00eb situat\u00eb shum\u00eb t\u00eb v\u00ebshtir\u00eb n\u00eb lidhje me Kosov\u00ebn, dhe shtoi se gjith\u00e7ka q\u00eb duan shtetet per\u00ebndimore nga Serbia p\u00ebrshtatet n\u00eb nj\u00eb fjali \u2013 njohja e pavar\u00ebsis\u00eb s\u00eb Kosov\u00ebs.<\/span><\/p>\n<p><span style=\"color: #000000;\">Pas seanc\u00ebs s\u00eb K\u00ebshillit t\u00eb Sigurimit Komb\u00ebtar, Vu\u00e7i\u00e7 theksoi se ai pret q\u00eb dialogu t\u00eb vazhdoj\u00eb n\u00eb fillim t\u00eb majit, nd\u00ebrsa tha se Serbia \u00ebsht\u00eb n\u00eb nj\u00eb pozit\u00eb t\u00eb pashpres\u00eb.<\/span><\/p>\n<p><span style=\"color: #000000;\">\u201c<em>Serbia \u00ebsht\u00eb n\u00eb nj\u00eb pozit\u00eb t\u00eb pashpres\u00eb, jo sepse nuk ka qen\u00eb kurr\u00eb k\u00ebshtu, por \u00ebsht\u00eb n\u00eb nj\u00eb situat\u00eb shum\u00eb t\u00eb v\u00ebshtir\u00eb. Un\u00eb do t\u00eb doja t\u2019u thoja t\u00eb gjith\u00eb qytetar\u00ebve n\u00eb t\u00eb gjith\u00eb hemisfer\u00ebn per\u00ebndimore pritet q\u00eb Serbia do ta pranoj\u00eb pavar\u00ebsin\u00eb e Kosov\u00ebs dhe ky \u00ebsht\u00eb thelbi i gjith\u00eb procesit.\u00a0Gjith\u00e7ka q\u00eb ata duan nga ne p\u00ebrshtatet n\u00eb nj\u00eb fjali, gjith\u00e7ka tjet\u00ebr \u00ebsht\u00eb e par\u00ebnd\u00ebsishme.\u00a0Nuk ka ndryshuar shum\u00eb, p\u00ebrve\u00e7 se kjo d\u00ebshir\u00eb do t\u00eb jet\u00eb m\u00eb e theksuar dhe madje m\u00eb drastike se m\u00eb par\u00eb<\/em>\u201d, u shpreh Vu\u00e7i\u00e7.<\/span><\/p>\n","protected":false,"gt_translate_keys":[{"key":"rendered","format":"html"}]},"excerpt":{"rendered":"<p>Presidenti i Serbis\u00eb, Aleksandar Vu\u00e7i\u00e7, deklaroi se Serbia \u00ebsht\u00eb n\u00eb nj\u00eb situat\u00eb shum\u00eb t\u00eb v\u00ebshtir\u00eb n\u00eb lidhje me Kosov\u00ebn, dhe shtoi se gjith\u00e7ka q\u00eb duan shtetet per\u00ebndimore nga Serbia p\u00ebrshtatet n\u00eb nj\u00eb fjali \u2013 njohja e pavar\u00ebsis\u00eb s\u00eb Kosov\u00ebs. Pas seanc\u00ebs s\u00eb K\u00ebshillit t\u00eb Sigurimit Komb\u00ebtar, Vu\u00e7i\u00e7 theksoi se ai pret q\u00eb dialogu t\u00eb vazhdoj\u00eb [&hellip;]<\/p>\n","protected":false,"gt_translate_keys":[{"key":"rendered","format":"html"}]},"author":32,"featured_media":397877,"comment_status":"open","ping_status":"open","sticky":false,"template":"","format":"standard","meta":{"footnotes":""},"categories":[149,13],"tags":[],"class_list":["post-434643","post","type-post","status-publish","format-standard","has-post-thumbnail","hentry","category-kosoverajon","category-te-fundit"],"gt_translate_keys":[{"key":"link","format":"url"}],"_links":{"self":[{"href":"https:\/\/www.hashtag.al\/index.php\/wp-json\/wp\/v2\/posts\/434643","targetHints":{"allow":["GET"]}}],"collection":[{"href":"https:\/\/www.hashtag.al\/index.php\/wp-json\/wp\/v2\/posts"}],"about":[{"href":"https:\/\/www.hashtag.al\/index.php\/wp-json\/wp\/v2\/types\/post"}],"author":[{"embeddable":true,"href":"https:\/\/www.hashtag.al\/index.php\/wp-json\/wp\/v2\/users\/32"}],"replies":[{"embeddable":true,"href":"https:\/\/www.hashtag.al\/index.php\/wp-json\/wp\/v2\/comments?post=434643"}],"version-history":[{"count":0,"href":"https:\/\/www.hashtag.al\/index.php\/wp-json\/wp\/v2\/posts\/434643\/revisions"}],"wp:featuredmedia":[{"embeddable":true,"href":"https:\/\/www.hashtag.al\/index.php\/wp-json\/wp\/v2\/media\/397877"}],"wp:attachment":[{"href":"https:\/\/www.hashtag.al\/index.php\/wp-json\/wp\/v2\/media?parent=434643"}],"wp:term":[{"taxonomy":"category","embeddable":true,"href":"https:\/\/www.hashtag.al\/index.php\/wp-json\/wp\/v2\/categories?post=434643"},{"taxonomy":"post_tag","embeddable":true,"href":"https:\/\/www.hashtag.al\/index.php\/wp-json\/wp\/v2\/tags?post=434643"}],"curies":[{"name":"wp","href":"https:\/\/api.w.org\/{rel}","templated":true}]}}