{"id":434629,"date":"2021-03-07T10:06:47","date_gmt":"2021-03-07T09:06:47","guid":{"rendered":"https:\/\/hashtag.al\/?p=434629"},"modified":"2021-03-07T10:06:47","modified_gmt":"2021-03-07T09:06:47","slug":"sanremo-fitohet-nga-grupi-maneskin-ermal-meta-renditet-i-treti","status":"publish","type":"post","link":"https:\/\/www.hashtag.al\/index.php\/2021\/03\/07\/sanremo-fitohet-nga-grupi-maneskin-ermal-meta-renditet-i-treti\/","title":{"rendered":"Sanremo fitohet nga grupi Maneskin, Ermal Meta renditet i treti","gt_translate_keys":[{"key":"rendered","format":"text"}]},"content":{"rendered":"<p><span style=\"color: #000000;\"><img loading=\"lazy\" decoding=\"async\" class=\"aligncenter size-full wp-image-434630\" src=\"https:\/\/hashtag.al\/wp-content\/uploads\/2021\/03\/maneskin-vincono-sanremo-2021-lapresse.jpg\" alt=\"\" width=\"2080\" height=\"1302\" srcset=\"https:\/\/www.hashtag.al\/wp-content\/uploads\/2021\/03\/maneskin-vincono-sanremo-2021-lapresse.jpg 2080w, https:\/\/www.hashtag.al\/wp-content\/uploads\/2021\/03\/maneskin-vincono-sanremo-2021-lapresse-300x188.jpg 300w, https:\/\/www.hashtag.al\/wp-content\/uploads\/2021\/03\/maneskin-vincono-sanremo-2021-lapresse-768x481.jpg 768w, https:\/\/www.hashtag.al\/wp-content\/uploads\/2021\/03\/maneskin-vincono-sanremo-2021-lapresse-1024x640.jpg 1024w\" sizes=\"auto, (max-width: 2080px) 100vw, 2080px\" \/><\/span><\/p>\n<p><span style=\"color: #000000;\">Festivali i 71-t\u00eb i Sanremos ka p\u00ebrmbyllur gar\u00ebn mes k\u00ebng\u00ebtar\u00ebve.<\/span><\/p>\n<p><span style=\"color: #000000;\">Fitues wshtw shpallur grupi i rrokut Maneskin.<\/span><\/p>\n<p><span style=\"color: #000000;\">Grupi i p\u00ebrb\u00ebr\u00eb nga Damiano David, Victoria De Angelis, Thomas Raggi dhe Ethan Torchio pushtuan sall\u00ebn dhe fituan zemr\u00ebn e t\u00eb gjith\u00ebve me k\u00ebng\u00ebn \u2018Zitti e buona\u2019.<\/span><\/p>\n<p><iframe loading=\"lazy\" src=\"https:\/\/www.youtube.com\/embed\/-ZIgN2_n9t0\" width=\"640\" height=\"360\" frameborder=\"0\" allowfullscreen=\"allowfullscreen\"><\/iframe><\/p>\n<p><span style=\"color: #000000;\">N\u00eb vendin e dyt\u00eb u rendit Fedez dhe Francesca Michielin me \u2018Call me name\u2019.<\/span><\/p>\n<p><span style=\"color: #000000;\">K\u00ebng\u00ebtari shqiptar Ermal Meta ka fituar vendin e tret\u00eb n\u00eb edicionin e 71 e t\u00eb Sanremos, me k\u00ebng\u00ebn \u201cUn milione di cose da dirti\u201d.<\/span><\/p>\n<p><iframe loading=\"lazy\" src=\"https:\/\/www.youtube.com\/embed\/Kni7wZw03-c\" width=\"400\" height=\"225\" frameborder=\"0\" allowfullscreen=\"allowfullscreen\"><\/iframe><\/p>\n","protected":false,"gt_translate_keys":[{"key":"rendered","format":"html"}]},"excerpt":{"rendered":"<p>Festivali i 71-t\u00eb i Sanremos ka p\u00ebrmbyllur gar\u00ebn mes k\u00ebng\u00ebtar\u00ebve. Fitues wshtw shpallur grupi i rrokut Maneskin. Grupi i p\u00ebrb\u00ebr\u00eb nga Damiano David, Victoria De Angelis, Thomas Raggi dhe Ethan Torchio pushtuan sall\u00ebn dhe fituan zemr\u00ebn e t\u00eb gjith\u00ebve me k\u00ebng\u00ebn \u2018Zitti e buona\u2019. N\u00eb vendin e dyt\u00eb u rendit Fedez dhe Francesca Michielin me [&hellip;]<\/p>\n","protected":false,"gt_translate_keys":[{"key":"rendered","format":"html"}]},"author":32,"featured_media":434630,"comment_status":"open","ping_status":"open","sticky":false,"template":"","format":"standard","meta":{"footnotes":""},"categories":[53,13],"tags":[],"class_list":["post-434629","post","type-post","status-publish","format-standard","has-post-thumbnail","hentry","category-fast-foodi","category-te-fundit"],"gt_translate_keys":[{"key":"link","format":"url"}],"_links":{"self":[{"href":"https:\/\/www.hashtag.al\/index.php\/wp-json\/wp\/v2\/posts\/434629","targetHints":{"allow":["GET"]}}],"collection":[{"href":"https:\/\/www.hashtag.al\/index.php\/wp-json\/wp\/v2\/posts"}],"about":[{"href":"https:\/\/www.hashtag.al\/index.php\/wp-json\/wp\/v2\/types\/post"}],"author":[{"embeddable":true,"href":"https:\/\/www.hashtag.al\/index.php\/wp-json\/wp\/v2\/users\/32"}],"replies":[{"embeddable":true,"href":"https:\/\/www.hashtag.al\/index.php\/wp-json\/wp\/v2\/comments?post=434629"}],"version-history":[{"count":0,"href":"https:\/\/www.hashtag.al\/index.php\/wp-json\/wp\/v2\/posts\/434629\/revisions"}],"wp:featuredmedia":[{"embeddable":true,"href":"https:\/\/www.hashtag.al\/index.php\/wp-json\/wp\/v2\/media\/434630"}],"wp:attachment":[{"href":"https:\/\/www.hashtag.al\/index.php\/wp-json\/wp\/v2\/media?parent=434629"}],"wp:term":[{"taxonomy":"category","embeddable":true,"href":"https:\/\/www.hashtag.al\/index.php\/wp-json\/wp\/v2\/categories?post=434629"},{"taxonomy":"post_tag","embeddable":true,"href":"https:\/\/www.hashtag.al\/index.php\/wp-json\/wp\/v2\/tags?post=434629"}],"curies":[{"name":"wp","href":"https:\/\/api.w.org\/{rel}","templated":true}]}}