{"id":434608,"date":"2021-03-06T21:48:25","date_gmt":"2021-03-06T20:48:25","guid":{"rendered":"https:\/\/hashtag.al\/?p=434608"},"modified":"2021-03-06T21:48:25","modified_gmt":"2021-03-06T20:48:25","slug":"osmani-vendosjen-e-ambasades-ne-jeruzalem-do-e-diskutojme-me-shba-te","status":"publish","type":"post","link":"https:\/\/www.hashtag.al\/index.php\/2021\/03\/06\/osmani-vendosjen-e-ambasades-ne-jeruzalem-do-e-diskutojme-me-shba-te\/","title":{"rendered":"Osmani: Vendosjen e ambasad\u00ebs n\u00eb Jeruzalem do e diskutojm\u00eb me SHBA-t\u00eb","gt_translate_keys":[{"key":"rendered","format":"text"}]},"content":{"rendered":"<p><span style=\"color: #000000;\"><img loading=\"lazy\" decoding=\"async\" class=\"aligncenter size-full wp-image-434069\" src=\"https:\/\/hashtag.al\/wp-content\/uploads\/2021\/03\/osmani.jpg\" alt=\"\" width=\"1667\" height=\"987\" srcset=\"https:\/\/www.hashtag.al\/wp-content\/uploads\/2021\/03\/osmani.jpg 1667w, https:\/\/www.hashtag.al\/wp-content\/uploads\/2021\/03\/osmani-300x178.jpg 300w, https:\/\/www.hashtag.al\/wp-content\/uploads\/2021\/03\/osmani-768x455.jpg 768w, https:\/\/www.hashtag.al\/wp-content\/uploads\/2021\/03\/osmani-1024x606.jpg 1024w\" sizes=\"auto, (max-width: 1667px) 100vw, 1667px\" \/><\/span><\/p>\n<p><span style=\"color: #000000;\">Ushtruesja e detyr\u00ebs s\u00eb presidentit, Vjosa Osmani, ka folur lidhur me vendin e Ambasad\u00ebs s\u00eb Kosov\u00ebs n\u00eb Izrael i cili njohu Kosov\u00ebn nga marr\u00ebveshja e Uashingtonit, n\u00eb mes t\u00eb Kosov\u00ebs dhe Serbis\u00eb.<\/span><\/p>\n<p><span style=\"color: #000000;\">Osmani n\u00eb RTV 21 ka th\u00ebn\u00eb se qeveria Kurti do t\u00eb koordinohet p\u00ebr \u00e7do veprim me Adminsitrat\u00ebn Biden.<\/span><\/p>\n<p><span style=\"color: #000000;\">\u201c<em>Ne do t\u00eb koordinojm\u00eb \u00e7do veprim tonin diplomatik me SHBA-n\u00eb dhe Administrat\u00ebn Biden, atje \u00ebsht\u00eb Jerusalemi yn\u00eb<\/em>\u201d-\u00ebsht\u00eb shprehur Osmani.<\/span><\/p>\n","protected":false,"gt_translate_keys":[{"key":"rendered","format":"html"}]},"excerpt":{"rendered":"<p>Ushtruesja e detyr\u00ebs s\u00eb presidentit, Vjosa Osmani, ka folur lidhur me vendin e Ambasad\u00ebs s\u00eb Kosov\u00ebs n\u00eb Izrael i cili njohu Kosov\u00ebn nga marr\u00ebveshja e Uashingtonit, n\u00eb mes t\u00eb Kosov\u00ebs dhe Serbis\u00eb. Osmani n\u00eb RTV 21 ka th\u00ebn\u00eb se qeveria Kurti do t\u00eb koordinohet p\u00ebr \u00e7do veprim me Adminsitrat\u00ebn Biden. \u201cNe do t\u00eb koordinojm\u00eb \u00e7do [&hellip;]<\/p>\n","protected":false,"gt_translate_keys":[{"key":"rendered","format":"html"}]},"author":32,"featured_media":434069,"comment_status":"open","ping_status":"open","sticky":false,"template":"","format":"standard","meta":{"footnotes":""},"categories":[149,13],"tags":[],"class_list":["post-434608","post","type-post","status-publish","format-standard","has-post-thumbnail","hentry","category-kosoverajon","category-te-fundit"],"gt_translate_keys":[{"key":"link","format":"url"}],"_links":{"self":[{"href":"https:\/\/www.hashtag.al\/index.php\/wp-json\/wp\/v2\/posts\/434608","targetHints":{"allow":["GET"]}}],"collection":[{"href":"https:\/\/www.hashtag.al\/index.php\/wp-json\/wp\/v2\/posts"}],"about":[{"href":"https:\/\/www.hashtag.al\/index.php\/wp-json\/wp\/v2\/types\/post"}],"author":[{"embeddable":true,"href":"https:\/\/www.hashtag.al\/index.php\/wp-json\/wp\/v2\/users\/32"}],"replies":[{"embeddable":true,"href":"https:\/\/www.hashtag.al\/index.php\/wp-json\/wp\/v2\/comments?post=434608"}],"version-history":[{"count":0,"href":"https:\/\/www.hashtag.al\/index.php\/wp-json\/wp\/v2\/posts\/434608\/revisions"}],"wp:featuredmedia":[{"embeddable":true,"href":"https:\/\/www.hashtag.al\/index.php\/wp-json\/wp\/v2\/media\/434069"}],"wp:attachment":[{"href":"https:\/\/www.hashtag.al\/index.php\/wp-json\/wp\/v2\/media?parent=434608"}],"wp:term":[{"taxonomy":"category","embeddable":true,"href":"https:\/\/www.hashtag.al\/index.php\/wp-json\/wp\/v2\/categories?post=434608"},{"taxonomy":"post_tag","embeddable":true,"href":"https:\/\/www.hashtag.al\/index.php\/wp-json\/wp\/v2\/tags?post=434608"}],"curies":[{"name":"wp","href":"https:\/\/api.w.org\/{rel}","templated":true}]}}