{"id":434531,"date":"2021-03-06T13:43:04","date_gmt":"2021-03-06T12:43:04","guid":{"rendered":"https:\/\/hashtag.al\/?p=434531"},"modified":"2021-03-06T13:45:40","modified_gmt":"2021-03-06T12:45:40","slug":"edi-rama-sdo-kthehet-pa-gje-ne-tirane-tre-dhuratat-qe-mori-sot-nga-italianet-foto","status":"publish","type":"post","link":"https:\/\/www.hashtag.al\/index.php\/2021\/03\/06\/edi-rama-sdo-kthehet-pa-gje-ne-tirane-tre-dhuratat-qe-mori-sot-nga-italianet-foto\/","title":{"rendered":"Edi Rama s\u2019do kthehet pa gj\u00eb n\u00eb Tiran\u00eb, tre dhuratat q\u00eb mori sot nga italian\u00ebt (FOTO)","gt_translate_keys":[{"key":"rendered","format":"text"}]},"content":{"rendered":"<p><span style=\"color: #000000;\"><a href=\"https:\/\/hashtag.al\/wp-content\/uploads\/2021\/03\/RAMA.jpg\"><img loading=\"lazy\" decoding=\"async\" class=\"aligncenter size-full wp-image-434468\" src=\"https:\/\/hashtag.al\/wp-content\/uploads\/2021\/03\/RAMA.jpg\" alt=\"\" width=\"896\" height=\"501\" srcset=\"https:\/\/www.hashtag.al\/wp-content\/uploads\/2021\/03\/RAMA.jpg 896w, https:\/\/www.hashtag.al\/wp-content\/uploads\/2021\/03\/RAMA-300x168.jpg 300w, https:\/\/www.hashtag.al\/wp-content\/uploads\/2021\/03\/RAMA-768x429.jpg 768w\" sizes=\"auto, (max-width: 896px) 100vw, 896px\" \/><\/a><\/span><\/p>\n<p><span style=\"color: #000000;\">Me rastin e 30-vjetorit t\u00eb eksodit t\u00eb shqiptar\u00ebve n\u00eb Itali, kryeministri Edi Rama ndodhej n\u00eb shtetin fqinj ku pati disa organizime me k\u00ebt\u00eb rast.<\/span><\/p>\n<p><span style=\"color: #000000;\">E nga takimet e tij n\u00eb Itali, ai nuk doli duarbosh por do t\u00eb kthehet n\u00eb Tiran\u00eb me t\u00eb pakt\u00ebn tre dhurata, n\u00eb rast se s\u2019do marr\u00eb edhe ndonj\u00eb dhurat\u00eb t\u00eb kat\u00ebrt apo t\u00eb pest\u00eb n\u00eb vazhdim.<\/span><\/p>\n<p><span style=\"color: #000000;\">Fillimisht guvernatori i Puglias Michele Emiliano i dha atij \u00e7mimin \u201cRr\u00ebnj\u00ebt e Puglias\u201d, nj\u00eb \u00e7mim q\u00eb si\u00e7 shpjegoi guvernatori \u00ebsht\u00eb hera e par\u00eb q\u00eb i jepet nj\u00eb qytetari q\u00eb nuk \u00ebsht\u00eb nga Puglia.\u00a0Kjo me motivacionin p\u00ebr ndihm\u00ebn e dh\u00ebn\u00eb p\u00ebr Puglian me mjek\u00eb, kur vendi ishte n\u00eb momentin m\u00eb t\u00eb v\u00ebshtir\u00eb p\u00ebr shkak t\u00eb luft\u00ebs me Covid.<\/span><\/p>\n<p><span style=\"color: #000000;\"><a href=\"https:\/\/hashtag.al\/wp-content\/uploads\/2021\/03\/r-1.jpg\"><img loading=\"lazy\" decoding=\"async\" class=\"aligncenter size-full wp-image-434532\" src=\"https:\/\/hashtag.al\/wp-content\/uploads\/2021\/03\/r-1.jpg\" alt=\"\" width=\"830\" height=\"427\" srcset=\"https:\/\/www.hashtag.al\/wp-content\/uploads\/2021\/03\/r-1.jpg 830w, https:\/\/www.hashtag.al\/wp-content\/uploads\/2021\/03\/r-1-300x154.jpg 300w, https:\/\/www.hashtag.al\/wp-content\/uploads\/2021\/03\/r-1-768x395.jpg 768w\" sizes=\"auto, (max-width: 830px) 100vw, 830px\" \/><\/a><\/span><\/p>\n<p><span style=\"color: #000000;\">M\u00eb von\u00eb, ishte kryebashkiaku i Barit Antonio Decaro, ai i cili i dor\u00ebzoi atij nj\u00eb piktur\u00eb. Piktura si\u00e7 shpjegoi kryebashkiaku, ishte realizuar nga nj\u00eb fans barez i kryeministrit Edi Rama, q\u00eb e kishte patur idhull at\u00eb q\u00eb pa u b\u00ebr\u00eb ende kryeminist\u00ebr.<\/span><\/p>\n<p><span style=\"color: #000000;\">Pastaj Decaroi i dor\u00ebzoi atij edhe nj\u00eb dhurat\u00eb tjet\u00ebr, ikon\u00ebn e shenjtores Sh\u00ebn Nikolla.<a href=\"https:\/\/hashtag.al\/wp-content\/uploads\/2021\/03\/shen-Nikolla.jpg\"><img loading=\"lazy\" decoding=\"async\" class=\"aligncenter size-full wp-image-434533\" src=\"https:\/\/hashtag.al\/wp-content\/uploads\/2021\/03\/shen-Nikolla.jpg\" alt=\"\" width=\"832\" height=\"376\" srcset=\"https:\/\/www.hashtag.al\/wp-content\/uploads\/2021\/03\/shen-Nikolla.jpg 832w, https:\/\/www.hashtag.al\/wp-content\/uploads\/2021\/03\/shen-Nikolla-300x136.jpg 300w, https:\/\/www.hashtag.al\/wp-content\/uploads\/2021\/03\/shen-Nikolla-768x347.jpg 768w\" sizes=\"auto, (max-width: 832px) 100vw, 832px\" \/><\/a><\/span><\/p>\n","protected":false,"gt_translate_keys":[{"key":"rendered","format":"html"}]},"excerpt":{"rendered":"<p>Me rastin e 30-vjetorit t\u00eb eksodit t\u00eb shqiptar\u00ebve n\u00eb Itali, kryeministri Edi Rama ndodhej n\u00eb shtetin fqinj ku pati disa organizime me k\u00ebt\u00eb rast. E nga takimet e tij n\u00eb Itali, ai nuk doli duarbosh por do t\u00eb kthehet n\u00eb Tiran\u00eb me t\u00eb pakt\u00ebn tre dhurata, n\u00eb rast se s\u2019do marr\u00eb edhe ndonj\u00eb dhurat\u00eb t\u00eb [&hellip;]<\/p>\n","protected":false,"gt_translate_keys":[{"key":"rendered","format":"html"}]},"author":30,"featured_media":434534,"comment_status":"open","ping_status":"open","sticky":false,"template":"","format":"standard","meta":{"footnotes":""},"categories":[53,65],"tags":[],"class_list":["post-434531","post","type-post","status-publish","format-standard","has-post-thumbnail","hentry","category-fast-foodi","category-lajme"],"gt_translate_keys":[{"key":"link","format":"url"}],"_links":{"self":[{"href":"https:\/\/www.hashtag.al\/index.php\/wp-json\/wp\/v2\/posts\/434531","targetHints":{"allow":["GET"]}}],"collection":[{"href":"https:\/\/www.hashtag.al\/index.php\/wp-json\/wp\/v2\/posts"}],"about":[{"href":"https:\/\/www.hashtag.al\/index.php\/wp-json\/wp\/v2\/types\/post"}],"author":[{"embeddable":true,"href":"https:\/\/www.hashtag.al\/index.php\/wp-json\/wp\/v2\/users\/30"}],"replies":[{"embeddable":true,"href":"https:\/\/www.hashtag.al\/index.php\/wp-json\/wp\/v2\/comments?post=434531"}],"version-history":[{"count":0,"href":"https:\/\/www.hashtag.al\/index.php\/wp-json\/wp\/v2\/posts\/434531\/revisions"}],"wp:featuredmedia":[{"embeddable":true,"href":"https:\/\/www.hashtag.al\/index.php\/wp-json\/wp\/v2\/media\/434534"}],"wp:attachment":[{"href":"https:\/\/www.hashtag.al\/index.php\/wp-json\/wp\/v2\/media?parent=434531"}],"wp:term":[{"taxonomy":"category","embeddable":true,"href":"https:\/\/www.hashtag.al\/index.php\/wp-json\/wp\/v2\/categories?post=434531"},{"taxonomy":"post_tag","embeddable":true,"href":"https:\/\/www.hashtag.al\/index.php\/wp-json\/wp\/v2\/tags?post=434531"}],"curies":[{"name":"wp","href":"https:\/\/api.w.org\/{rel}","templated":true}]}}