{"id":434258,"date":"2021-03-05T10:52:30","date_gmt":"2021-03-05T09:52:30","guid":{"rendered":"https:\/\/hashtag.al\/?p=434258"},"modified":"2021-03-05T11:19:38","modified_gmt":"2021-03-05T10:19:38","slug":"jo-vetem-najada-comon-rama-merr-edhe-luljeta-bozon-ne-listen-e-tij-te-kandidateve-per-deputete","status":"publish","type":"post","link":"https:\/\/www.hashtag.al\/index.php\/2021\/03\/05\/jo-vetem-najada-comon-rama-merr-edhe-luljeta-bozon-ne-listen-e-tij-te-kandidateve-per-deputete\/","title":{"rendered":"Jo vet\u00ebm Najada \u00c7omon, Rama merr edhe Luljeta Bozon n\u00eb list\u00ebn e tij t\u00eb kandidat\u00ebve p\u00ebr deputet\u00eb","gt_translate_keys":[{"key":"rendered","format":"text"}]},"content":{"rendered":"<p><span style=\"color: #000000;\"><a href=\"https:\/\/hashtag.al\/wp-content\/uploads\/2021\/03\/bozdo-rama.jpg\"><img loading=\"lazy\" decoding=\"async\" class=\"aligncenter size-full wp-image-434259\" src=\"https:\/\/hashtag.al\/wp-content\/uploads\/2021\/03\/bozdo-rama.jpg\" alt=\"\" width=\"868\" height=\"502\" srcset=\"https:\/\/www.hashtag.al\/wp-content\/uploads\/2021\/03\/bozdo-rama.jpg 868w, https:\/\/www.hashtag.al\/wp-content\/uploads\/2021\/03\/bozdo-rama-300x174.jpg 300w, https:\/\/www.hashtag.al\/wp-content\/uploads\/2021\/03\/bozdo-rama-768x444.jpg 768w, https:\/\/www.hashtag.al\/wp-content\/uploads\/2021\/03\/bozdo-rama-250x145.jpg 250w\" sizes=\"auto, (max-width: 868px) 100vw, 868px\" \/><\/a><\/span><\/p>\n<p><span style=\"color: #000000;\">Kryeministri Edi Rama ka ftuar sot gjat\u00eb prezantimit t\u00eb Programit t\u00eb tij p\u00ebr Rind\u00ebrtimin, inxhinjieren Luljeta Bozo dhe zbuloi se ajo do t\u00eb ishte nj\u00ebra nd\u00ebr kandidatet e PS-s\u00eb n\u00eb zgjedhjet e 25 Prillit.<\/span><\/p>\n<p><em><span style=\"color: #000000;\">\u201cDua t\u00eb t\u00eb falenderoj shum\u00eb Luljeta dhe tani dua ta ndaj dhe me ata q\u00eb po na ndjekin\u00a0 q\u00eb t\u2019i u tregove zem\u00ebrgjer\u00eb dhe pasi u mendove nuk the jo p\u00ebr t\u00eb qen\u00eb pjes\u00eb e skuadr\u00ebs son\u00eb t\u00eb 25 Prillit, ku me k\u00ebnaq\u00ebsin\u00eb dhe nderin m\u00eb t\u00eb madh time ne do kemi nj\u00eb p\u00ebrfaq\u00ebsues t\u00eb shtres\u00ebs m\u00eb t\u00eb madhe shoq\u00ebrore q\u00eb jan\u00eb gjysh\u00ebrit dhe gjyshet q\u00eb kan\u00eb shum\u00eb p\u00ebr t\u00eb dh\u00ebn\u00eb dhe nga maja e integritetit t\u00eb vet dhe eksperienc\u00ebs jo vet\u00ebm si inxhinier\u00eb, si n\u00ebn\u00eb e si gjyshe, edhe si st\u00ebrgjyshe, do jesh nj\u00eb ndihm\u00eb e madhe p\u00ebr t\u00eb na e shkulur veshin me kujdes q\u00eb ne t\u00eb mund t\u00eb jemi gjithmon\u00eb t\u00eb fokusuar.<\/span><\/em><\/p>\n<p><span style=\"color: #000000;\"><em>Kshu q\u00eb Luljeta do jet\u00eb simboli i gjith\u00eb asaj q\u00eb shqiptar\u00ebt p\u00ebr he\u00ebr\u00eb t\u00eb par\u00eb u b\u00ebn\u00eb bashk\u00eb p\u00ebr t\u00eb kaluar ato momente t\u00eb tmerrshme dhe mish\u00ebriumi i asaj d\u00ebshire timen t\u00eb madhe q\u00eb skuadra jon\u00eb, p\u00ebrfaq\u00ebsuesit tan\u00eb, ata q\u00eb flasin n\u00eb em\u00ebr t\u00eb njer\u00ebzve q\u00eb t\u00eb jen\u00eb sh\u00ebmb\u00eblltyra e tyre. Per her\u00eb t\u00eb par\u00eb t\u00eb gjith\u00eb pensionist\u00ebt do ken\u00eb njeriun aty. Kur kam th\u00ebn\u00eb q\u00eb deputeti q\u00eb duam, do jen\u00eb ide t\u00eb reja, njer\u00ebz t\u00eb rinj por jo mosha t\u00eb reja. Nuk kisha siguri se do ta bindja plot\u00ebsisht Luljet\u00ebn, por ajo nuk na e b\u00ebri shum\u00eb t\u00eb v\u00ebshtir\u00eb. Jam shum\u00eb mir\u00ebnjoh\u00ebs dhe i d\u00ebshiruar t\u00eb shkoj p\u00ebrpara njer\u00ebzve e t\u00eb kem n\u00eb krah dy simbolet e dy goditjeve t\u00eb m\u00ebdha, Najad\u00ebn dhe ty nga ana tjet\u00ebr. Dy gra t\u00eb jasht\u00ebzakonshme.\u201d<\/em>&#8211; deklaroi Rama.<\/span><\/p>\n<p><span style=\"color: #000000;\">Zonja Bozo tha se do t\u00eb p\u00ebrpiqet t\u00eb b\u00ebj\u00eb m\u00eb t\u00eb mir\u00ebn: <em>\u201cFaleminderit shum\u00eb p\u00ebr konsiderat\u00ebn. Do b\u00ebj m\u00eb t\u00eb mir\u00ebn, do p\u00ebrpiqemi sa t\u00eb kemi fuqi, t\u00eb b\u00ebjm\u00eb m\u00eb sh<span style=\"color: #000000;\">um\u00eb p\u00ebr k\u00ebt\u00eb popullin ton\u00eb shum\u00eb t\u00eb shtrenjt\u00eb, q\u00eb gjithmon\u00eb ka qen\u00eb i vuajtur e i vuajtur por do shikoj\u00eb drit\u00eb se s\u2019b\u00ebn patjet\u00ebr.\u201d<\/span><\/em><\/span><\/p>\n<p><span style=\"color: #000000;\">Kujtojm\u00eb se dit\u00ebn e djeshme kryeministri Edi Rama prezantoi shefen e Infektivit Najada \u00c7omon, nj\u00ebher\u00ebsh dhe an\u00ebtare e Komitetit Teknik t\u00eb Ekspert\u00ebve, si nj\u00eb nga kandidatet e PS-s\u00eb n\u00eb zgjedhjet e 25 Prillit.<\/span><\/p>\n<p><span style=\"color: #000000;\">Tanim\u00eb list\u00ebs s\u00eb kandidat\u00ebve t\u00eb PS-s\u00eb, do t\u2019u bashkohet edhe Luljeta Bozo.\/<strong> Hashtag.al<\/strong><\/span><\/p>\n","protected":false,"gt_translate_keys":[{"key":"rendered","format":"html"}]},"excerpt":{"rendered":"<p>Kryeministri Edi Rama ka ftuar sot gjat\u00eb prezantimit t\u00eb Programit t\u00eb tij p\u00ebr Rind\u00ebrtimin, inxhinjieren Luljeta Bozo dhe zbuloi se ajo do t\u00eb ishte nj\u00ebra nd\u00ebr kandidatet e PS-s\u00eb n\u00eb zgjedhjet e 25 Prillit. \u201cDua t\u00eb t\u00eb falenderoj shum\u00eb Luljeta dhe tani dua ta ndaj dhe me ata q\u00eb po na ndjekin\u00a0 q\u00eb t\u2019i u [&hellip;]<\/p>\n","protected":false,"gt_translate_keys":[{"key":"rendered","format":"html"}]},"author":30,"featured_media":434260,"comment_status":"open","ping_status":"open","sticky":false,"template":"","format":"standard","meta":{"footnotes":""},"categories":[22,65,13],"tags":[],"class_list":["post-434258","post","type-post","status-publish","format-standard","has-post-thumbnail","hentry","category-ballina","category-lajme","category-te-fundit"],"gt_translate_keys":[{"key":"link","format":"url"}],"_links":{"self":[{"href":"https:\/\/www.hashtag.al\/index.php\/wp-json\/wp\/v2\/posts\/434258","targetHints":{"allow":["GET"]}}],"collection":[{"href":"https:\/\/www.hashtag.al\/index.php\/wp-json\/wp\/v2\/posts"}],"about":[{"href":"https:\/\/www.hashtag.al\/index.php\/wp-json\/wp\/v2\/types\/post"}],"author":[{"embeddable":true,"href":"https:\/\/www.hashtag.al\/index.php\/wp-json\/wp\/v2\/users\/30"}],"replies":[{"embeddable":true,"href":"https:\/\/www.hashtag.al\/index.php\/wp-json\/wp\/v2\/comments?post=434258"}],"version-history":[{"count":0,"href":"https:\/\/www.hashtag.al\/index.php\/wp-json\/wp\/v2\/posts\/434258\/revisions"}],"wp:featuredmedia":[{"embeddable":true,"href":"https:\/\/www.hashtag.al\/index.php\/wp-json\/wp\/v2\/media\/434260"}],"wp:attachment":[{"href":"https:\/\/www.hashtag.al\/index.php\/wp-json\/wp\/v2\/media?parent=434258"}],"wp:term":[{"taxonomy":"category","embeddable":true,"href":"https:\/\/www.hashtag.al\/index.php\/wp-json\/wp\/v2\/categories?post=434258"},{"taxonomy":"post_tag","embeddable":true,"href":"https:\/\/www.hashtag.al\/index.php\/wp-json\/wp\/v2\/tags?post=434258"}],"curies":[{"name":"wp","href":"https:\/\/api.w.org\/{rel}","templated":true}]}}