{"id":434254,"date":"2021-03-05T10:27:52","date_gmt":"2021-03-05T09:27:52","guid":{"rendered":"https:\/\/hashtag.al\/?p=434254"},"modified":"2021-03-05T10:27:52","modified_gmt":"2021-03-05T09:27:52","slug":"rama-prezanton-programin-per-rindertimin-ky-ka-qene-mandati-me-i-jashtezakonshem-dy-goditjet-mund-te-kishin-rrezuar-nje-elefant-jo-me-nje-qeveri","status":"publish","type":"post","link":"https:\/\/www.hashtag.al\/index.php\/2021\/03\/05\/rama-prezanton-programin-per-rindertimin-ky-ka-qene-mandati-me-i-jashtezakonshem-dy-goditjet-mund-te-kishin-rrezuar-nje-elefant-jo-me-nje-qeveri\/","title":{"rendered":"Rama prezanton Programin p\u00ebr Rind\u00ebrtimin: Ky ka qen\u00eb mandati m\u00eb i jasht\u00ebzakonsh\u00ebm, dy goditjet mund t\u00eb kishin rr\u00ebzuar nj\u00eb elefant, jo m\u00eb nj\u00eb qeveri","gt_translate_keys":[{"key":"rendered","format":"text"}]},"content":{"rendered":"<p><span style=\"color: #000000;\"><a href=\"https:\/\/hashtag.al\/wp-content\/uploads\/2021\/03\/r.jpg\"><img loading=\"lazy\" decoding=\"async\" class=\"aligncenter size-full wp-image-434255\" src=\"https:\/\/hashtag.al\/wp-content\/uploads\/2021\/03\/r.jpg\" alt=\"\" width=\"832\" height=\"556\" srcset=\"https:\/\/www.hashtag.al\/wp-content\/uploads\/2021\/03\/r.jpg 832w, https:\/\/www.hashtag.al\/wp-content\/uploads\/2021\/03\/r-300x200.jpg 300w, https:\/\/www.hashtag.al\/wp-content\/uploads\/2021\/03\/r-768x513.jpg 768w\" sizes=\"auto, (max-width: 832px) 100vw, 832px\" \/><\/a><\/span><\/p>\n<p><span style=\"color: #000000;\">Kryeministri Edi Rama n\u00eb k\u00ebto momente po prezanton planin p\u00ebr Rind\u00ebrtimin.<\/span><\/p>\n<p><span style=\"color: #000000;\"><em>\u201c15 muaj m\u00eb par\u00eb ne u zgjuam nga nj\u00eb tronditje e jasht\u00ebzakonshme q\u00eb l\u00ebkundi themelet e sht\u00ebpive tona dhe q\u00eb ngjalli ankthin e madh t\u00eb asaj \u00e7ka kishte ndodhur rreth nesh. Shum\u00eb shpejt m\u00ebsova q\u00eb diku pran\u00eb, n\u00eb Durr\u00ebs t\u00ebrmeti i 26 n\u00ebntorit kishte goditur shum\u00eb fort dhe pastaj minut\u00eb pas minuti informacioni shtrihej duke krijuar nj\u00eb perimet\u00ebr, q\u00eb sot \u00ebsht\u00eb perimetri brenda t\u00eb cilit ne po kurojm\u00eb pa pushim plag\u00ebt e m\u00ebdha t\u00eb hapura at\u00eb nat\u00eb. Dhe sot kur ne jemi n\u00eb rrug\u00ebn drejt 25 Prillit dhe shum\u00ebkush flet p\u00ebr tet\u00eb vite, un\u00eb d\u00ebshiroj t\u00eb b\u00ebj nj\u00eb korrigjim. <\/em><\/span><\/p>\n<p><span style=\"color: #000000;\"><em>N\u00eb fakt nuk jan\u00eb ende tet\u00eb vite sepse ne kemi hyr\u00eb n\u00eb zyr\u00eb n\u00eb gjysm\u00ebn e dyt\u00eb t\u00eb shtatorit t\u00eb vitit 2013 dhe jo vet\u00ebm kaq, por ky ka qen\u00eb mandati m\u00eb i jasht\u00ebzakonsh\u00ebm i nj\u00eb qeverie shqiptare, sepse \u00ebsht\u00eb thyer n\u00eb mes nga t\u00ebrmeti e nga pandemia, duke p\u00ebrmbysur t\u00eb gjitha planet tona, kalendar\u00ebt e pun\u00ebs son\u00eb, prioritetet tona e duke e kthyer plot\u00ebsisht v\u00ebmendjen n\u00eb dy drejtime q\u00eb na kan\u00eb v\u00ebn\u00eb p\u00ebrball\u00eb dy sfidave t\u00eb jasht\u00ebzakonshme. <\/em><\/span><\/p>\n<p><span style=\"color: #000000;\"><em>E them me bindje t\u00eb plot\u00eb, dy goditje q\u00eb do kishin rr\u00ebzuar p\u00ebrtok\u00eb nj\u00eb elefant, e jo m\u00eb nj\u00eb qeveri t\u00eb Shqip\u00ebris\u00eb. Dy sfida q\u00eb askush tjet\u00ebr, ju i njihni se cil\u00ebt, nuk do mund t&#8217;i p\u00ebrballonte me forc\u00ebn, vullnetin dhe dinjitetin q\u00eb po i p\u00ebrballojm\u00eb ne, PS.\u201d<\/em>&#8211; deklaroi Rama.<\/span><\/p>\n<p><span style=\"color: #000000;\">Dy dit\u00ebt e m\u00ebparshme, \u00a0ai ka folur p\u00ebr Reform\u00ebn n\u00eb Drejt\u00ebsi dhe Sh\u00ebndet\u00ebsi.<\/span><\/p>\n<p>&nbsp;<\/p>\n","protected":false,"gt_translate_keys":[{"key":"rendered","format":"html"}]},"excerpt":{"rendered":"<p>Kryeministri Edi Rama n\u00eb k\u00ebto momente po prezanton planin p\u00ebr Rind\u00ebrtimin. \u201c15 muaj m\u00eb par\u00eb ne u zgjuam nga nj\u00eb tronditje e jasht\u00ebzakonshme q\u00eb l\u00ebkundi themelet e sht\u00ebpive tona dhe q\u00eb ngjalli ankthin e madh t\u00eb asaj \u00e7ka kishte ndodhur rreth nesh. Shum\u00eb shpejt m\u00ebsova q\u00eb diku pran\u00eb, n\u00eb Durr\u00ebs t\u00ebrmeti i 26 n\u00ebntorit kishte [&hellip;]<\/p>\n","protected":false,"gt_translate_keys":[{"key":"rendered","format":"html"}]},"author":30,"featured_media":434255,"comment_status":"open","ping_status":"open","sticky":false,"template":"","format":"standard","meta":{"footnotes":""},"categories":[65,13],"tags":[],"class_list":["post-434254","post","type-post","status-publish","format-standard","has-post-thumbnail","hentry","category-lajme","category-te-fundit"],"gt_translate_keys":[{"key":"link","format":"url"}],"_links":{"self":[{"href":"https:\/\/www.hashtag.al\/index.php\/wp-json\/wp\/v2\/posts\/434254","targetHints":{"allow":["GET"]}}],"collection":[{"href":"https:\/\/www.hashtag.al\/index.php\/wp-json\/wp\/v2\/posts"}],"about":[{"href":"https:\/\/www.hashtag.al\/index.php\/wp-json\/wp\/v2\/types\/post"}],"author":[{"embeddable":true,"href":"https:\/\/www.hashtag.al\/index.php\/wp-json\/wp\/v2\/users\/30"}],"replies":[{"embeddable":true,"href":"https:\/\/www.hashtag.al\/index.php\/wp-json\/wp\/v2\/comments?post=434254"}],"version-history":[{"count":0,"href":"https:\/\/www.hashtag.al\/index.php\/wp-json\/wp\/v2\/posts\/434254\/revisions"}],"wp:featuredmedia":[{"embeddable":true,"href":"https:\/\/www.hashtag.al\/index.php\/wp-json\/wp\/v2\/media\/434255"}],"wp:attachment":[{"href":"https:\/\/www.hashtag.al\/index.php\/wp-json\/wp\/v2\/media?parent=434254"}],"wp:term":[{"taxonomy":"category","embeddable":true,"href":"https:\/\/www.hashtag.al\/index.php\/wp-json\/wp\/v2\/categories?post=434254"},{"taxonomy":"post_tag","embeddable":true,"href":"https:\/\/www.hashtag.al\/index.php\/wp-json\/wp\/v2\/tags?post=434254"}],"curies":[{"name":"wp","href":"https:\/\/api.w.org\/{rel}","templated":true}]}}