{"id":434240,"date":"2021-03-05T10:04:11","date_gmt":"2021-03-05T09:04:11","guid":{"rendered":"https:\/\/hashtag.al\/?p=434240"},"modified":"2021-03-05T10:07:39","modified_gmt":"2021-03-05T09:07:39","slug":"basha-takime-me-qytetaret-ne-tirane-po-si-mbajta-keto-angazhime-nuk-dal-me-para-jush-per-vote","status":"publish","type":"post","link":"https:\/\/www.hashtag.al\/index.php\/2021\/03\/05\/basha-takime-me-qytetaret-ne-tirane-po-si-mbajta-keto-angazhime-nuk-dal-me-para-jush-per-vote\/","title":{"rendered":"Basha takime me qytetar\u00ebt n\u00eb Tiran\u00eb: Po s&#8217;i mbajta k\u00ebto angazhime, nuk dal m\u00eb para jush p\u00ebr vot\u00eb","gt_translate_keys":[{"key":"rendered","format":"text"}]},"content":{"rendered":"<p><span style=\"color: #000000;\"><a href=\"https:\/\/hashtag.al\/wp-content\/uploads\/2021\/03\/WhatsApp-Image-2021-03-05-at-09.43.07.jpeg\"><img loading=\"lazy\" decoding=\"async\" class=\"aligncenter size-full wp-image-434243\" src=\"https:\/\/hashtag.al\/wp-content\/uploads\/2021\/03\/WhatsApp-Image-2021-03-05-at-09.43.07.jpeg\" alt=\"\" width=\"1024\" height=\"682\" srcset=\"https:\/\/www.hashtag.al\/wp-content\/uploads\/2021\/03\/WhatsApp-Image-2021-03-05-at-09.43.07.jpeg 1024w, https:\/\/www.hashtag.al\/wp-content\/uploads\/2021\/03\/WhatsApp-Image-2021-03-05-at-09.43.07-300x200.jpeg 300w, https:\/\/www.hashtag.al\/wp-content\/uploads\/2021\/03\/WhatsApp-Image-2021-03-05-at-09.43.07-768x512.jpeg 768w\" sizes=\"auto, (max-width: 1024px) 100vw, 1024px\" \/><\/a><\/span><\/p>\n<p><span style=\"color: #000000;\">Kryedemokrati Lulzim Basha po zhvillon nj\u00eb takim sot me banor\u00ebt n\u00eb nj\u00ebsin\u00eb nr.9 n\u00eb Tiran\u00eb.<\/span><\/p>\n<p><span style=\"color: #000000;\">Ai u tha qytetar\u00ebve se nuk vjen me premtime n\u00eb k\u00ebto zgjedhje, por me plan pune dhe ai u dha fjal\u00ebn se do t\u2019i realizoj\u00eb t\u00eb gjitha angazhimet e programit t\u00eb prezantuar deri m\u00eb tani.<\/span><\/p>\n<p><span style=\"color: #000000;\"><em>\u00a0\u201cUn\u00eb nuk vij me premtime, un\u00eb vij me plan pune. N\u00eb 25 Prill kemi dit\u00ebn e betej\u00ebs p\u00ebr familjet tuaja dhe p\u00ebr t\u00eb gjith\u00eb Shqip\u00ebrin\u00eb Dhe pastaj keni fjal\u00ebn time dhe zotimin tim q\u00eb t\u00eb gjitha angazhimet do ti b\u00ebjm\u00eb realitet.\u201d<\/em>&#8211; tha Basha.<\/span><\/p>\n<p><span style=\"color: #000000;\">Ky takim vjen 50 dit\u00eb larg zgjedhjeve t\u00eb 25 prillit, t\u00eb cilat ndihem m\u00eb af\u00ebr se kurr\u00eb.<\/span><\/p>\n<p><span style=\"color: #000000;\">Gjat\u00eb fjal\u00ebs s\u00eb tij, Basha u p\u00ebrmendi qytetar\u00ebve nj\u00eb nga nj\u00eb angazhimet q\u00eb jan\u00eb pjes\u00eb e programit t\u00eb tij elektoral, si rritjen e pensioneve, uljen e energjis\u00eb, rimbursim t\u00eb ila\u00e7eve sipas diagnoz\u00ebs, apo p\u00ebr programin e tij p\u00ebr pronat.<\/span><\/p>\n<p><span style=\"color: #000000;\">N\u00eb fund t\u00eb k\u00ebtij takimi, Basha u tha qytetar\u00ebve se: <em>\u201cDhe un\u00eb ju garantoj nj\u00eb gj\u00eb. Q\u00eb n\u00ebqoft\u00ebse k\u00ebto angazhime q\u00eb marr p\u00ebrpara jush sot nuk i mbaj, un\u00eb nuk dal m\u00eb p\u00ebrpara jush t\u2019ju k\u00ebrkoj vot\u00eb.\u201d<\/em><\/span><\/p>\n<p><a href=\"https:\/\/hashtag.al\/wp-content\/uploads\/2021\/03\/WhatsApp-Image-2021-03-05-at-09.43.20.jpeg\"><img loading=\"lazy\" decoding=\"async\" class=\"aligncenter size-full wp-image-434250\" src=\"https:\/\/hashtag.al\/wp-content\/uploads\/2021\/03\/WhatsApp-Image-2021-03-05-at-09.43.20.jpeg\" alt=\"\" width=\"1024\" height=\"682\" srcset=\"https:\/\/www.hashtag.al\/wp-content\/uploads\/2021\/03\/WhatsApp-Image-2021-03-05-at-09.43.20.jpeg 1024w, https:\/\/www.hashtag.al\/wp-content\/uploads\/2021\/03\/WhatsApp-Image-2021-03-05-at-09.43.20-300x200.jpeg 300w, https:\/\/www.hashtag.al\/wp-content\/uploads\/2021\/03\/WhatsApp-Image-2021-03-05-at-09.43.20-768x512.jpeg 768w\" sizes=\"auto, (max-width: 1024px) 100vw, 1024px\" \/><\/a><a href=\"https:\/\/hashtag.al\/wp-content\/uploads\/2021\/03\/WhatsApp-Image-2021-03-05-at-09.43.19.jpeg\"><img loading=\"lazy\" decoding=\"async\" class=\"aligncenter size-full wp-image-434249\" src=\"https:\/\/hashtag.al\/wp-content\/uploads\/2021\/03\/WhatsApp-Image-2021-03-05-at-09.43.19.jpeg\" alt=\"\" width=\"1024\" height=\"682\" srcset=\"https:\/\/www.hashtag.al\/wp-content\/uploads\/2021\/03\/WhatsApp-Image-2021-03-05-at-09.43.19.jpeg 1024w, https:\/\/www.hashtag.al\/wp-content\/uploads\/2021\/03\/WhatsApp-Image-2021-03-05-at-09.43.19-300x200.jpeg 300w, https:\/\/www.hashtag.al\/wp-content\/uploads\/2021\/03\/WhatsApp-Image-2021-03-05-at-09.43.19-768x512.jpeg 768w\" sizes=\"auto, (max-width: 1024px) 100vw, 1024px\" \/><\/a><a href=\"https:\/\/hashtag.al\/wp-content\/uploads\/2021\/03\/WhatsApp-Image-2021-03-05-at-09.43.18.jpeg\"><img loading=\"lazy\" decoding=\"async\" class=\"aligncenter size-full wp-image-434248\" src=\"https:\/\/hashtag.al\/wp-content\/uploads\/2021\/03\/WhatsApp-Image-2021-03-05-at-09.43.18.jpeg\" alt=\"\" width=\"1024\" height=\"682\" srcset=\"https:\/\/www.hashtag.al\/wp-content\/uploads\/2021\/03\/WhatsApp-Image-2021-03-05-at-09.43.18.jpeg 1024w, https:\/\/www.hashtag.al\/wp-content\/uploads\/2021\/03\/WhatsApp-Image-2021-03-05-at-09.43.18-300x200.jpeg 300w, https:\/\/www.hashtag.al\/wp-content\/uploads\/2021\/03\/WhatsApp-Image-2021-03-05-at-09.43.18-768x512.jpeg 768w\" sizes=\"auto, (max-width: 1024px) 100vw, 1024px\" \/><\/a><a href=\"https:\/\/hashtag.al\/wp-content\/uploads\/2021\/03\/WhatsApp-Image-2021-03-05-at-09.43.13.jpeg\"><img loading=\"lazy\" decoding=\"async\" class=\"aligncenter size-full wp-image-434246\" src=\"https:\/\/hashtag.al\/wp-content\/uploads\/2021\/03\/WhatsApp-Image-2021-03-05-at-09.43.13.jpeg\" alt=\"\" width=\"1024\" height=\"682\" srcset=\"https:\/\/www.hashtag.al\/wp-content\/uploads\/2021\/03\/WhatsApp-Image-2021-03-05-at-09.43.13.jpeg 1024w, https:\/\/www.hashtag.al\/wp-content\/uploads\/2021\/03\/WhatsApp-Image-2021-03-05-at-09.43.13-300x200.jpeg 300w, https:\/\/www.hashtag.al\/wp-content\/uploads\/2021\/03\/WhatsApp-Image-2021-03-05-at-09.43.13-768x512.jpeg 768w\" sizes=\"auto, (max-width: 1024px) 100vw, 1024px\" \/><\/a><a href=\"https:\/\/hashtag.al\/wp-content\/uploads\/2021\/03\/WhatsApp-Image-2021-03-05-at-09.43.11.jpeg\"><img loading=\"lazy\" decoding=\"async\" class=\"aligncenter size-full wp-image-434245\" src=\"https:\/\/hashtag.al\/wp-content\/uploads\/2021\/03\/WhatsApp-Image-2021-03-05-at-09.43.11.jpeg\" alt=\"\" width=\"1024\" height=\"682\" srcset=\"https:\/\/www.hashtag.al\/wp-content\/uploads\/2021\/03\/WhatsApp-Image-2021-03-05-at-09.43.11.jpeg 1024w, https:\/\/www.hashtag.al\/wp-content\/uploads\/2021\/03\/WhatsApp-Image-2021-03-05-at-09.43.11-300x200.jpeg 300w, https:\/\/www.hashtag.al\/wp-content\/uploads\/2021\/03\/WhatsApp-Image-2021-03-05-at-09.43.11-768x512.jpeg 768w\" sizes=\"auto, (max-width: 1024px) 100vw, 1024px\" \/><\/a><a href=\"https:\/\/hashtag.al\/wp-content\/uploads\/2021\/03\/WhatsApp-Image-2021-03-05-at-09.43.17.jpeg\"><img loading=\"lazy\" decoding=\"async\" class=\"aligncenter size-full wp-image-434247\" src=\"https:\/\/hashtag.al\/wp-content\/uploads\/2021\/03\/WhatsApp-Image-2021-03-05-at-09.43.17.jpeg\" alt=\"\" width=\"1024\" height=\"682\" srcset=\"https:\/\/www.hashtag.al\/wp-content\/uploads\/2021\/03\/WhatsApp-Image-2021-03-05-at-09.43.17.jpeg 1024w, https:\/\/www.hashtag.al\/wp-content\/uploads\/2021\/03\/WhatsApp-Image-2021-03-05-at-09.43.17-300x200.jpeg 300w, https:\/\/www.hashtag.al\/wp-content\/uploads\/2021\/03\/WhatsApp-Image-2021-03-05-at-09.43.17-768x512.jpeg 768w\" sizes=\"auto, (max-width: 1024px) 100vw, 1024px\" \/><\/a><\/p>\n","protected":false,"gt_translate_keys":[{"key":"rendered","format":"html"}]},"excerpt":{"rendered":"<p>Kryedemokrati Lulzim Basha po zhvillon nj\u00eb takim sot me banor\u00ebt n\u00eb nj\u00ebsin\u00eb nr.9 n\u00eb Tiran\u00eb. Ai u tha qytetar\u00ebve se nuk vjen me premtime n\u00eb k\u00ebto zgjedhje, por me plan pune dhe ai u dha fjal\u00ebn se do t\u2019i realizoj\u00eb t\u00eb gjitha angazhimet e programit t\u00eb prezantuar deri m\u00eb tani. \u00a0\u201cUn\u00eb nuk vij me premtime, [&hellip;]<\/p>\n","protected":false,"gt_translate_keys":[{"key":"rendered","format":"html"}]},"author":30,"featured_media":434245,"comment_status":"open","ping_status":"open","sticky":false,"template":"","format":"standard","meta":{"footnotes":""},"categories":[65,13],"tags":[],"class_list":["post-434240","post","type-post","status-publish","format-standard","has-post-thumbnail","hentry","category-lajme","category-te-fundit"],"gt_translate_keys":[{"key":"link","format":"url"}],"_links":{"self":[{"href":"https:\/\/www.hashtag.al\/index.php\/wp-json\/wp\/v2\/posts\/434240","targetHints":{"allow":["GET"]}}],"collection":[{"href":"https:\/\/www.hashtag.al\/index.php\/wp-json\/wp\/v2\/posts"}],"about":[{"href":"https:\/\/www.hashtag.al\/index.php\/wp-json\/wp\/v2\/types\/post"}],"author":[{"embeddable":true,"href":"https:\/\/www.hashtag.al\/index.php\/wp-json\/wp\/v2\/users\/30"}],"replies":[{"embeddable":true,"href":"https:\/\/www.hashtag.al\/index.php\/wp-json\/wp\/v2\/comments?post=434240"}],"version-history":[{"count":0,"href":"https:\/\/www.hashtag.al\/index.php\/wp-json\/wp\/v2\/posts\/434240\/revisions"}],"wp:featuredmedia":[{"embeddable":true,"href":"https:\/\/www.hashtag.al\/index.php\/wp-json\/wp\/v2\/media\/434245"}],"wp:attachment":[{"href":"https:\/\/www.hashtag.al\/index.php\/wp-json\/wp\/v2\/media?parent=434240"}],"wp:term":[{"taxonomy":"category","embeddable":true,"href":"https:\/\/www.hashtag.al\/index.php\/wp-json\/wp\/v2\/categories?post=434240"},{"taxonomy":"post_tag","embeddable":true,"href":"https:\/\/www.hashtag.al\/index.php\/wp-json\/wp\/v2\/tags?post=434240"}],"curies":[{"name":"wp","href":"https:\/\/api.w.org\/{rel}","templated":true}]}}