{"id":434050,"date":"2021-03-04T11:20:46","date_gmt":"2021-03-04T10:20:46","guid":{"rendered":"https:\/\/hashtag.al\/?p=434050"},"modified":"2021-03-04T11:20:46","modified_gmt":"2021-03-04T10:20:46","slug":"blenard-nonaj-me-fermeret-e-blegtoret-e-skraparit-plani-yne-konkret-pas-25-prillit-i-pret-nje-e-ardhme-me-e-mire","status":"publish","type":"post","link":"https:\/\/www.hashtag.al\/index.php\/2021\/03\/04\/blenard-nonaj-me-fermeret-e-blegtoret-e-skraparit-plani-yne-konkret-pas-25-prillit-i-pret-nje-e-ardhme-me-e-mire\/","title":{"rendered":"Blenard Nonaj me fermer\u00ebt e blegtor\u00ebt e Skraparit: Plani yn\u00eb konkret, pas 25 Prillit i pret nj\u00eb e ardhme m\u00eb e mir\u00eb","gt_translate_keys":[{"key":"rendered","format":"text"}]},"content":{"rendered":"<p><span style=\"color: #000000;\"><a href=\"https:\/\/hashtag.al\/wp-content\/uploads\/2021\/01\/Blenard-Nonaj.jpg\"><img loading=\"lazy\" decoding=\"async\" class=\"aligncenter size-full wp-image-426814\" src=\"https:\/\/hashtag.al\/wp-content\/uploads\/2021\/01\/Blenard-Nonaj.jpg\" alt=\"\" width=\"2048\" height=\"1365\" srcset=\"https:\/\/www.hashtag.al\/wp-content\/uploads\/2021\/01\/Blenard-Nonaj.jpg 2048w, https:\/\/www.hashtag.al\/wp-content\/uploads\/2021\/01\/Blenard-Nonaj-300x200.jpg 300w, https:\/\/www.hashtag.al\/wp-content\/uploads\/2021\/01\/Blenard-Nonaj-768x512.jpg 768w, https:\/\/www.hashtag.al\/wp-content\/uploads\/2021\/01\/Blenard-Nonaj-1024x683.jpg 1024w\" sizes=\"auto, (max-width: 2048px) 100vw, 2048px\" \/><\/a><\/span><\/p>\n<p><span style=\"color: #000000;\">Kandidati i LSI-s\u00eb p\u00ebr qarkun e Beratit, Blenard Nonaj ka zhvilluar sot nj\u00eb takim me banor\u00eb n\u00eb zon\u00ebn e Zhep\u00ebs dhe C\u00ebrric\u00ebs n\u00eb Skrapar, t\u00eb cil\u00ebt e sigurojn\u00eb jetes\u00ebn e tyre p\u00ebrmes pun\u00ebs n\u00eb Bujq\u00ebsi e Blegtori.<\/span><\/p>\n<p><span style=\"color: #000000;\">N\u00eb nj\u00eb postim n\u00eb rrjetet sociale, Nonaj ndan nj\u00eb foto nga ky takim nd\u00ebrsa shprehet se forca politike q\u00eb ai p\u00ebrfaq\u00ebson, LSI, ka nj\u00eb plan konkret p\u00ebr mb\u00ebshtetjen e fermer\u00ebve dhe blegtor\u00ebve p\u00ebr t\u00eb kap\u00ebrcyer v\u00ebshtir\u00ebsit\u00eb me t\u00eb cilat p\u00ebrballen.<\/span><\/p>\n<p><span style=\"color: #000000;\"><em>\u201cMe banor\u00ebt pun\u00ebtor\u00eb dhe t\u00eb palodhur t\u00eb Zhep\u00ebs dhe C\u00ebrric\u00ebs, t\u00eb cil\u00ebt pavar\u00ebsisht sfidave dhe v\u00ebshtir\u00ebsive t\u00eb m\u00ebdha, kan\u00eb zgjedhur ta nd\u00ebrtojn\u00eb t\u00eb ardhmen e tyre n\u00eb Shqip\u00ebri. LSI ka nj\u00eb plan konkret p\u00ebr mb\u00ebshtetjen e fermer\u00ebve dhe blegtor\u00ebve, q\u00eb ata t\u00eb kap\u00ebrcejn\u00eb k\u00ebto v\u00ebshtir\u00ebsi, n\u00ebp\u00ebrmjet garantimit t\u00eb arsimimit cil\u00ebsor, sh\u00ebrbimit sh\u00ebndet\u00ebsor dhe subvencioneve n\u00eb bujq\u00ebsi dhe blegtori. Pas 25 Prillit, nj\u00eb e ardhme m\u00eb e mir\u00eb p\u00ebr t\u00eb gjith\u00eb banor\u00ebt e Zhep\u00ebs, C\u00ebrric\u00ebs dhe fshatrave t\u00eb Skraparit!\u201d-<\/em> shkruan Nonaj.<\/span><\/p>\n<p><span style=\"color: #000000;\">Mjeku Blenard Nonaj do jet\u00eb nj\u00eb nd\u00ebr kandidat\u00ebt e LSI-s\u00eb n\u00eb Qarkun e Beratit dhe konkretisht n\u00eb rrethin e Skraparit.<\/span><\/p>\n<p><a href=\"https:\/\/hashtag.al\/wp-content\/uploads\/2021\/03\/Nonaj.jpg\"><img loading=\"lazy\" decoding=\"async\" class=\"aligncenter size-full wp-image-434051\" src=\"https:\/\/hashtag.al\/wp-content\/uploads\/2021\/03\/Nonaj.jpg\" alt=\"\" width=\"958\" height=\"1280\" srcset=\"https:\/\/www.hashtag.al\/wp-content\/uploads\/2021\/03\/Nonaj.jpg 958w, https:\/\/www.hashtag.al\/wp-content\/uploads\/2021\/03\/Nonaj-225x300.jpg 225w, https:\/\/www.hashtag.al\/wp-content\/uploads\/2021\/03\/Nonaj-768x1026.jpg 768w, https:\/\/www.hashtag.al\/wp-content\/uploads\/2021\/03\/Nonaj-766x1024.jpg 766w\" sizes=\"auto, (max-width: 958px) 100vw, 958px\" \/><\/a><\/p>\n","protected":false,"gt_translate_keys":[{"key":"rendered","format":"html"}]},"excerpt":{"rendered":"<p>Kandidati i LSI-s\u00eb p\u00ebr qarkun e Beratit, Blenard Nonaj ka zhvilluar sot nj\u00eb takim me banor\u00eb n\u00eb zon\u00ebn e Zhep\u00ebs dhe C\u00ebrric\u00ebs n\u00eb Skrapar, t\u00eb cil\u00ebt e sigurojn\u00eb jetes\u00ebn e tyre p\u00ebrmes pun\u00ebs n\u00eb Bujq\u00ebsi e Blegtori. N\u00eb nj\u00eb postim n\u00eb rrjetet sociale, Nonaj ndan nj\u00eb foto nga ky takim nd\u00ebrsa shprehet se forca politike [&hellip;]<\/p>\n","protected":false,"gt_translate_keys":[{"key":"rendered","format":"html"}]},"author":30,"featured_media":434052,"comment_status":"open","ping_status":"open","sticky":false,"template":"","format":"standard","meta":{"footnotes":""},"categories":[65,13],"tags":[],"class_list":["post-434050","post","type-post","status-publish","format-standard","has-post-thumbnail","hentry","category-lajme","category-te-fundit"],"gt_translate_keys":[{"key":"link","format":"url"}],"_links":{"self":[{"href":"https:\/\/www.hashtag.al\/index.php\/wp-json\/wp\/v2\/posts\/434050","targetHints":{"allow":["GET"]}}],"collection":[{"href":"https:\/\/www.hashtag.al\/index.php\/wp-json\/wp\/v2\/posts"}],"about":[{"href":"https:\/\/www.hashtag.al\/index.php\/wp-json\/wp\/v2\/types\/post"}],"author":[{"embeddable":true,"href":"https:\/\/www.hashtag.al\/index.php\/wp-json\/wp\/v2\/users\/30"}],"replies":[{"embeddable":true,"href":"https:\/\/www.hashtag.al\/index.php\/wp-json\/wp\/v2\/comments?post=434050"}],"version-history":[{"count":0,"href":"https:\/\/www.hashtag.al\/index.php\/wp-json\/wp\/v2\/posts\/434050\/revisions"}],"wp:featuredmedia":[{"embeddable":true,"href":"https:\/\/www.hashtag.al\/index.php\/wp-json\/wp\/v2\/media\/434052"}],"wp:attachment":[{"href":"https:\/\/www.hashtag.al\/index.php\/wp-json\/wp\/v2\/media?parent=434050"}],"wp:term":[{"taxonomy":"category","embeddable":true,"href":"https:\/\/www.hashtag.al\/index.php\/wp-json\/wp\/v2\/categories?post=434050"},{"taxonomy":"post_tag","embeddable":true,"href":"https:\/\/www.hashtag.al\/index.php\/wp-json\/wp\/v2\/tags?post=434050"}],"curies":[{"name":"wp","href":"https:\/\/api.w.org\/{rel}","templated":true}]}}