{"id":434040,"date":"2021-03-04T11:00:54","date_gmt":"2021-03-04T10:00:54","guid":{"rendered":"https:\/\/hashtag.al\/?p=434040"},"modified":"2021-03-04T11:10:53","modified_gmt":"2021-03-04T10:10:53","slug":"rama-e-konfirmon-najada-como-do-kandidoje-ne-zgjedhjet-e-25-prillit","status":"publish","type":"post","link":"https:\/\/www.hashtag.al\/index.php\/2021\/03\/04\/rama-e-konfirmon-najada-como-do-kandidoje-ne-zgjedhjet-e-25-prillit\/","title":{"rendered":"Rama e konfirmon, Najada \u00c7omo do kandidoj\u00eb n\u00eb zgjedhjet e 25 Prillit","gt_translate_keys":[{"key":"rendered","format":"text"}]},"content":{"rendered":"<p><span style=\"color: #000000;\"><a href=\"https:\/\/hashtag.al\/wp-content\/uploads\/2021\/03\/RA-C.jpg\"><img loading=\"lazy\" decoding=\"async\" class=\"aligncenter size-full wp-image-434042\" src=\"https:\/\/hashtag.al\/wp-content\/uploads\/2021\/03\/RA-C.jpg\" alt=\"\" width=\"713\" height=\"494\" srcset=\"https:\/\/www.hashtag.al\/wp-content\/uploads\/2021\/03\/RA-C.jpg 713w, https:\/\/www.hashtag.al\/wp-content\/uploads\/2021\/03\/RA-C-300x208.jpg 300w\" sizes=\"auto, (max-width: 713px) 100vw, 713px\" \/><\/a><\/span><\/p>\n<p><span style=\"color: #000000;\">Kryeministri Edi Rama, gjat\u00eb prezantimit t\u00eb sot\u00ebm t\u00eb programit t\u00eb tij t\u00eb Sh\u00ebndet\u00ebsis\u00eb p\u00ebr zgjedhjet e 25 Prillit, ka b\u00ebr\u00eb me dije se shefja e Spitalit Infektiv Najada \u00c7omo, do t\u00eb kandidoj\u00eb n\u00eb listat e PS-s\u00eb si deputete n\u00eb k\u00ebto zgjedhje.<\/span><\/p>\n<p><span style=\"color: #000000;\">Pasi zonja \u00c7omo mbajti nj\u00eb fjalim, Rama tha se at\u00eb e kishte ftuar t\u00eb b\u00ebhej pjes\u00eb e list\u00ebs s\u00eb kandidat\u00ebve t\u00eb PS-s\u00eb dhe ajo kishte pranuar. Rama i tha \u00c7omos, se nuk donte q\u00eb ajo t\u00eb b\u00ebhej si ata, por ata t\u00eb b\u00ebhen &#8220;si ajo&#8221;.<\/span><\/p>\n<p><em><span style=\"color: #000000;\">\u201c<\/span><\/em><span style=\"color: #000000;\"><em>Jam shum\u00eb mir\u00ebnjoh\u00ebs edhe p\u00ebr nj\u00eb fakt tjet\u00ebr, duke patur parasysh q\u00eb n\u00eb k\u00ebt\u00eb udh\u00ebkryq q\u00eb \u00ebsht\u00eb kjo p\u00ebrballje, kjo ndeshje, kjo gar\u00eb e 25 Prillit, Shqip\u00ebria duhet t\u00eb flas\u00eb, duhet t\u00eb ndjej\u00eb, duhet t\u00eb jehoj\u00eb z\u00ebrin, n\u00eb radh\u00eb t\u00eb par\u00eb t\u00eb atyre q\u00eb jan\u00eb n\u00eb vij\u00ebn e par\u00eb t\u00eb k\u00ebsaj lufte apo n\u00eb an\u00ebn tjet\u00ebr t\u00eb k\u00ebsaj vite, njer\u00ebzit e zakonsh\u00ebm, \u00ebsht\u00eb nj\u00eb arsye p\u00ebr t\u00eb reflektuar lidhur me skuadr\u00ebn ton\u00eb. <\/em><\/span><\/p>\n<p><span style=\"color: #000000;\"><em>\u00cbsht\u00eb nj\u00eb arsye p\u00ebr t\u00eb b\u00ebr\u00eb nj\u00eb hap dhe p\u00ebr t\u00eb shtrir\u00eb dor\u00ebn e lutjes q\u00eb dikush dhe kush m\u00eb mir\u00eb se komandantja e vij\u00ebs s\u00eb zjarrit e njohur nga t\u00eb gjith\u00eb, t\u00eb vij\u00eb me ne jo p\u00ebr t\u2019u b\u00ebr\u00eb deputetja e radh\u00ebs, as p\u00ebr t\u00eb l\u00ebn\u00eb vij\u00ebn e zjarrit dhe p\u00ebr t\u2019u ulur n\u00eb nj\u00eb nga karrig\u00ebt e rehatshme, por p\u00ebr t\u00eb qen\u00eb aty sa her\u00eb q\u00eb duhet q\u00eb z\u00ebri i brendsh\u00ebm i atyre hap\u00ebsirave kur lufta \u00ebsht\u00eb nj\u00eb luft\u00eb sy m\u00eb sy dhe kacafyt\u00ebse me armikun, t\u00eb mos i mungoj\u00eb Parlamentit, njer\u00ebzve, shumic\u00ebs dhe qeveris\u00eb q\u00eb do duhet t\u00eb d\u00ebgjoj\u00eb edhe m\u00eb shum\u00eb, kuptoj\u00eb e veproj\u00eb edhe m\u00eb shum\u00eb n\u00eb sinkron me njer\u00ebzit. <\/em><\/span><\/p>\n<p><span style=\"color: #000000;\"><em>K\u00ebshtu q\u00eb n\u00eb m\u00ebnyr\u00eb spontane nxora nj\u00eb sekret t\u00eb vog\u00ebl q\u00eb nuk supozohej t\u00eb nxirrej sot dhe mor\u00ebm aprovimin t\u00ebnd, dhe t\u00eb jap fjal\u00ebn se ne nuk duam q\u00eb ti t\u00eb b\u00ebhesh si ne, por ne t\u00eb b\u00ebhemi si ty dhe p\u00ebr k\u00ebt\u00eb arsye na duhet prania jote.\u201d<\/em>&#8211; deklaroi Rama.<\/span><\/p>\n<p><span style=\"color: #000000;\">Nj\u00eb informacion i till\u00eb, q\u00eb Rama kishte nd\u00ebrmend t\u00eb b\u00ebnte pjes\u00eb t\u00eb list\u00ebs s\u00eb PS-s\u00eb, shefen e Infektivit dhe nj\u00ebkoh\u00ebsisht nj\u00eb nga an\u00ebtar\u00ebt e Komitetit Teknik t\u00eb Ekspert\u00ebve Najada \u00c7omon, kishte qarkulluar m\u00eb her\u00ebt n\u00eb disa medie. Ky lajm vjen pasi nj\u00eb tjet\u00ebr an\u00ebtar i Komitetit Teknik t\u00eb Ekspert\u00ebve, Tritan Kalo, b\u00ebri t\u00eb ditur se ishte larguar nga ky Komitet pasi &#8220;politika edhe nj\u00ebher\u00eb tjet\u00ebr i p\u00ebr\u00e7au mjek\u00ebt&#8221;.\/ <strong>Hashtag.al<\/strong><\/span><\/p>\n<p><a href=\"https:\/\/hashtag.al\/wp-content\/uploads\/2021\/03\/Como.jpg\"><img loading=\"lazy\" decoding=\"async\" class=\"aligncenter size-full wp-image-434041\" src=\"https:\/\/hashtag.al\/wp-content\/uploads\/2021\/03\/Como.jpg\" alt=\"\" width=\"937\" height=\"541\" srcset=\"https:\/\/www.hashtag.al\/wp-content\/uploads\/2021\/03\/Como.jpg 937w, https:\/\/www.hashtag.al\/wp-content\/uploads\/2021\/03\/Como-300x173.jpg 300w, https:\/\/www.hashtag.al\/wp-content\/uploads\/2021\/03\/Como-768x443.jpg 768w, https:\/\/www.hashtag.al\/wp-content\/uploads\/2021\/03\/Como-250x145.jpg 250w\" sizes=\"auto, (max-width: 937px) 100vw, 937px\" \/><\/a><\/p>\n","protected":false,"gt_translate_keys":[{"key":"rendered","format":"html"}]},"excerpt":{"rendered":"<p>Kryeministri Edi Rama, gjat\u00eb prezantimit t\u00eb sot\u00ebm t\u00eb programit t\u00eb tij t\u00eb Sh\u00ebndet\u00ebsis\u00eb p\u00ebr zgjedhjet e 25 Prillit, ka b\u00ebr\u00eb me dije se shefja e Spitalit Infektiv Najada \u00c7omo, do t\u00eb kandidoj\u00eb n\u00eb listat e PS-s\u00eb si deputete n\u00eb k\u00ebto zgjedhje. Pasi zonja \u00c7omo mbajti nj\u00eb fjalim, Rama tha se at\u00eb e kishte ftuar t\u00eb [&hellip;]<\/p>\n","protected":false,"gt_translate_keys":[{"key":"rendered","format":"html"}]},"author":30,"featured_media":434042,"comment_status":"open","ping_status":"open","sticky":false,"template":"","format":"standard","meta":{"footnotes":""},"categories":[22,65,13],"tags":[],"class_list":["post-434040","post","type-post","status-publish","format-standard","has-post-thumbnail","hentry","category-ballina","category-lajme","category-te-fundit"],"gt_translate_keys":[{"key":"link","format":"url"}],"_links":{"self":[{"href":"https:\/\/www.hashtag.al\/index.php\/wp-json\/wp\/v2\/posts\/434040","targetHints":{"allow":["GET"]}}],"collection":[{"href":"https:\/\/www.hashtag.al\/index.php\/wp-json\/wp\/v2\/posts"}],"about":[{"href":"https:\/\/www.hashtag.al\/index.php\/wp-json\/wp\/v2\/types\/post"}],"author":[{"embeddable":true,"href":"https:\/\/www.hashtag.al\/index.php\/wp-json\/wp\/v2\/users\/30"}],"replies":[{"embeddable":true,"href":"https:\/\/www.hashtag.al\/index.php\/wp-json\/wp\/v2\/comments?post=434040"}],"version-history":[{"count":0,"href":"https:\/\/www.hashtag.al\/index.php\/wp-json\/wp\/v2\/posts\/434040\/revisions"}],"wp:featuredmedia":[{"embeddable":true,"href":"https:\/\/www.hashtag.al\/index.php\/wp-json\/wp\/v2\/media\/434042"}],"wp:attachment":[{"href":"https:\/\/www.hashtag.al\/index.php\/wp-json\/wp\/v2\/media?parent=434040"}],"wp:term":[{"taxonomy":"category","embeddable":true,"href":"https:\/\/www.hashtag.al\/index.php\/wp-json\/wp\/v2\/categories?post=434040"},{"taxonomy":"post_tag","embeddable":true,"href":"https:\/\/www.hashtag.al\/index.php\/wp-json\/wp\/v2\/tags?post=434040"}],"curies":[{"name":"wp","href":"https:\/\/api.w.org\/{rel}","templated":true}]}}