{"id":433951,"date":"2021-03-03T22:27:54","date_gmt":"2021-03-03T21:27:54","guid":{"rendered":"https:\/\/hashtag.al\/?p=433951"},"modified":"2021-03-03T22:27:54","modified_gmt":"2021-03-03T21:27:54","slug":"kryemadhi-dola-kunder-inceneratorve-koka-u-ankua-te-meta","status":"publish","type":"post","link":"https:\/\/www.hashtag.al\/index.php\/2021\/03\/03\/kryemadhi-dola-kunder-inceneratorve-koka-u-ankua-te-meta\/","title":{"rendered":"Kryemadhi: Dola kund\u00ebr inceneratorve, Koka u ankua te Meta","gt_translate_keys":[{"key":"rendered","format":"text"}]},"content":{"rendered":"<p><span style=\"color: #000000;\"><img loading=\"lazy\" decoding=\"async\" class=\"aligncenter size-full wp-image-433952\" src=\"https:\/\/hashtag.al\/wp-content\/uploads\/2021\/03\/kryemadhi-opinion.png\" alt=\"\" width=\"1213\" height=\"582\" srcset=\"https:\/\/www.hashtag.al\/wp-content\/uploads\/2021\/03\/kryemadhi-opinion.png 1213w, https:\/\/www.hashtag.al\/wp-content\/uploads\/2021\/03\/kryemadhi-opinion-300x144.png 300w, https:\/\/www.hashtag.al\/wp-content\/uploads\/2021\/03\/kryemadhi-opinion-768x368.png 768w, https:\/\/www.hashtag.al\/wp-content\/uploads\/2021\/03\/kryemadhi-opinion-1024x491.png 1024w\" sizes=\"auto, (max-width: 1213px) 100vw, 1213px\" \/><\/span><\/p>\n<p><span style=\"color: #000000;\">Kryetarja e L\u00ebvizjes Socialiste p\u00ebr Integrim, Monika Kryemadhi ka folur n\u00eb emisionin \u201cOpinion\u201d n\u00eb lidhje me denoncimin e saj p\u00ebr incenerator\u00ebt.<\/span><\/p>\n<p><span style=\"color: #000000;\">Kryemadhi tha se eksponent\u00eb t\u00eb LSI kan\u00eb refuzuar t\u00eb firmosin p\u00ebr nd\u00ebrtimin e incenerator\u00ebve, nd\u00ebrsa thot\u00eb se p\u00ebr her\u00eb t\u00eb par\u00eb p\u00ebr incenerator\u00ebt ka d\u00ebgjuar kur ka vizituar Mbrostarin.<\/span><\/p>\n<p><span style=\"color: #000000;\">Ajo thot\u00eb se pasi ka dal\u00eb kund\u00ebr incenerator\u00ebve, ish-ministri Lefter Koka ka shkuar dhe \u00ebsht\u00eb ankuar tek Ilir Meta.<\/span><\/p>\n<p><span style=\"color: #000000;\">\u201c<em>\u00c7\u00ebshtja e incenerator\u00ebve p\u00ebr Kryemadhin dhe LSI \u00ebsht\u00eb b\u00ebr\u00eb e njohur diku rreth n\u00ebntor-dhjetor t\u00eb 201. Asnj\u00eb nga ne nuk ka pasur dijeni p\u00ebr nj\u00eb gj\u00eb t\u00eb till\u00eb. Ka vet\u00ebm nj\u00eb let\u00ebr t\u00eb Vasilit q\u00eb ia drejton k\u00ebshillit t\u00eb bashkis\u00eb s\u00eb Fierit. Manjani e ka refuzuar q\u00eb kjo mos kaloj n\u00eb qeveri. Un\u00eb nuk kam qen\u00eb kryetare partie n\u00eb at\u00eb koh\u00eb. P\u00ebr her\u00eb t\u00eb par\u00eb me inecenerator\u00ebt n\u00eb Mbrostar, ku kam njohur nj\u00eb grua, Lena quhet, gazetare, e cila ishte n\u00eb krye t\u00eb protest\u00ebs kund\u00ebr inceneratorit t\u00eb Fierit. Aty zoti Koka u ankua tek ish kryetari i LSI<\/em>.\u201d-tha Kryemadhi.<\/span><\/p>\n<p>&nbsp;<\/p>\n","protected":false,"gt_translate_keys":[{"key":"rendered","format":"html"}]},"excerpt":{"rendered":"<p>Kryetarja e L\u00ebvizjes Socialiste p\u00ebr Integrim, Monika Kryemadhi ka folur n\u00eb emisionin \u201cOpinion\u201d n\u00eb lidhje me denoncimin e saj p\u00ebr incenerator\u00ebt. Kryemadhi tha se eksponent\u00eb t\u00eb LSI kan\u00eb refuzuar t\u00eb firmosin p\u00ebr nd\u00ebrtimin e incenerator\u00ebve, nd\u00ebrsa thot\u00eb se p\u00ebr her\u00eb t\u00eb par\u00eb p\u00ebr incenerator\u00ebt ka d\u00ebgjuar kur ka vizituar Mbrostarin. Ajo thot\u00eb se pasi ka [&hellip;]<\/p>\n","protected":false,"gt_translate_keys":[{"key":"rendered","format":"html"}]},"author":32,"featured_media":433952,"comment_status":"open","ping_status":"open","sticky":false,"template":"","format":"standard","meta":{"footnotes":""},"categories":[65,13],"tags":[],"class_list":["post-433951","post","type-post","status-publish","format-standard","has-post-thumbnail","hentry","category-lajme","category-te-fundit"],"gt_translate_keys":[{"key":"link","format":"url"}],"_links":{"self":[{"href":"https:\/\/www.hashtag.al\/index.php\/wp-json\/wp\/v2\/posts\/433951","targetHints":{"allow":["GET"]}}],"collection":[{"href":"https:\/\/www.hashtag.al\/index.php\/wp-json\/wp\/v2\/posts"}],"about":[{"href":"https:\/\/www.hashtag.al\/index.php\/wp-json\/wp\/v2\/types\/post"}],"author":[{"embeddable":true,"href":"https:\/\/www.hashtag.al\/index.php\/wp-json\/wp\/v2\/users\/32"}],"replies":[{"embeddable":true,"href":"https:\/\/www.hashtag.al\/index.php\/wp-json\/wp\/v2\/comments?post=433951"}],"version-history":[{"count":0,"href":"https:\/\/www.hashtag.al\/index.php\/wp-json\/wp\/v2\/posts\/433951\/revisions"}],"wp:featuredmedia":[{"embeddable":true,"href":"https:\/\/www.hashtag.al\/index.php\/wp-json\/wp\/v2\/media\/433952"}],"wp:attachment":[{"href":"https:\/\/www.hashtag.al\/index.php\/wp-json\/wp\/v2\/media?parent=433951"}],"wp:term":[{"taxonomy":"category","embeddable":true,"href":"https:\/\/www.hashtag.al\/index.php\/wp-json\/wp\/v2\/categories?post=433951"},{"taxonomy":"post_tag","embeddable":true,"href":"https:\/\/www.hashtag.al\/index.php\/wp-json\/wp\/v2\/tags?post=433951"}],"curies":[{"name":"wp","href":"https:\/\/api.w.org\/{rel}","templated":true}]}}