{"id":433528,"date":"2021-03-02T10:20:30","date_gmt":"2021-03-02T09:20:30","guid":{"rendered":"https:\/\/hashtag.al\/?p=433528"},"modified":"2021-03-02T10:24:56","modified_gmt":"2021-03-02T09:24:56","slug":"mblidhet-gjykata-kushtetuese-shqyrtohet-kerkesa-e-fatmir-mediut-per-tubime-elektorale","status":"publish","type":"post","link":"https:\/\/www.hashtag.al\/index.php\/2021\/03\/02\/mblidhet-gjykata-kushtetuese-shqyrtohet-kerkesa-e-fatmir-mediut-per-tubime-elektorale\/","title":{"rendered":"Mblidhet Gjykata Kushtetuese, shqyrtohet k\u00ebrkesa e Fatmir Mediut p\u00ebr tubime elektorale","gt_translate_keys":[{"key":"rendered","format":"text"}]},"content":{"rendered":"<p><a href=\"https:\/\/hashtag.al\/wp-content\/uploads\/2021\/03\/fatmir-mediu.jpg\"><img loading=\"lazy\" decoding=\"async\" class=\"size-full wp-image-433529\" src=\"https:\/\/hashtag.al\/wp-content\/uploads\/2021\/03\/fatmir-mediu.jpg\" alt=\"\" width=\"1530\" height=\"1148\" srcset=\"https:\/\/www.hashtag.al\/wp-content\/uploads\/2021\/03\/fatmir-mediu.jpg 1530w, https:\/\/www.hashtag.al\/wp-content\/uploads\/2021\/03\/fatmir-mediu-300x225.jpg 300w, https:\/\/www.hashtag.al\/wp-content\/uploads\/2021\/03\/fatmir-mediu-768x576.jpg 768w, https:\/\/www.hashtag.al\/wp-content\/uploads\/2021\/03\/fatmir-mediu-1024x768.jpg 1024w\" sizes=\"auto, (max-width: 1530px) 100vw, 1530px\" \/><\/a><\/p>\n<p><span style=\"color: #000000;\">N\u00eb k\u00ebto momente, an\u00ebtar\u00ebt e Gjykat\u00ebs Kushtetuese jan\u00eb mbledhur\u00a0sot p\u00ebr t\u00eb shqyrtuar k\u00ebrkes\u00ebn e kreut t\u00eb Partis\u00eb Republikane Fatmir Mediu, p\u00ebr t\u00eb zhvilluar tubime elektorale.<\/span><\/p>\n<p><span style=\"color: #000000;\">N\u00eb nj\u00eb padi t\u00eb depozituar n\u00eb Gjykat\u00ebn Kushtetuese q\u00eb m\u00eb 4 dhjetor t\u00eb vitit 2020, PR k\u00ebrkon shfuqizimin e urdhrit t\u00eb ministres s\u00eb Sh\u00ebndet\u00ebsis\u00eb, Ogerta Manastirliut q\u00eb ndalon t\u00eb gjitha grumbullimet me m\u00eb shum\u00eb se 10 persona.<\/span><\/p>\n<p><em><span style=\"color: #000000;\">\u201cPartia Republikane Shqiptare (k\u00ebrkuesi), si parti politike e cila \u00ebsht\u00eb aktualisht e angazhuar aktivisht n\u00eb fushat\u00ebn zgjedhore p\u00ebr zgjedhjet e p\u00ebrgjithshme parlamentare t\u00eb dat\u00ebs 25 Prill 2021, si dhe partit\u00eb e tjera opozitare, d\u00ebmtohen r\u00ebnd\u00eb nga akti objekt k\u00ebrkese i cili ndalon specifikisht aktivitetin e k\u00ebtyre partive dhe p\u00ebr pasoj\u00eb vet\u00eb esenc\u00ebn e ekzistenc\u00ebn e tyre si parti politike.<\/span><\/em><\/p>\n<p><span style=\"color: #000000;\"><em>Akti objekt k\u00ebrkese pengon specifikisht, n\u00eb m\u00ebnyr\u00eb drastike, k\u00ebrkuesindhe partit\u00eb opozitare n\u00eb p\u00ebrmbushjen e rolit t\u00eb tyre Kushtetues si parti politike; pra si nj\u00eb faktor qendror i formimit t\u00eb vullnetit politik t\u00eb zgjedh\u00ebsve. P\u00ebr pasoj\u00eb, akti objekt k\u00ebrkese bie ndesh me parimet, t\u00eb drejtat dhe lirit\u00eb themelore t\u00eb mbrojtura n\u00eb Kushtetut\u00ebn e Republik\u00ebs s\u00eb Shqip\u00ebris\u00eb si dhe n\u00eb konventat nd\u00ebrkomb\u00ebtare t\u00eb ratifikuara nga Shqip\u00ebria, ndaj si i till\u00eb duhet t\u00eb shfuqizohet.<\/em>\u201d- thuhet n\u00eb k\u00ebrkes\u00ebn e depozituar n\u00eb Gjykat\u00ebn Kushtetuese.<\/span><\/p>\n<p><span style=\"color: #000000;\">Sipas mediut, urdhri i Ministris\u00eb s\u00eb Sh\u00ebndet\u00ebsis\u00eb e ka v\u00ebn\u00eb opozit\u00ebn n\u00eb kushtet e pabarazis\u00eb pasi sipas tij mazhoranca i ka t\u00eb gjitha kushtet p\u00ebr t\u00eb zhvilluar aktivitetin e saj politik dhe kjo duket hapur kur kryeministri ka nga \u201c40 persona nga mbrapa\u201d.<\/span><\/p>\n","protected":false,"gt_translate_keys":[{"key":"rendered","format":"html"}]},"excerpt":{"rendered":"<p>N\u00eb k\u00ebto momente, an\u00ebtar\u00ebt e Gjykat\u00ebs Kushtetuese jan\u00eb mbledhur\u00a0sot p\u00ebr t\u00eb shqyrtuar k\u00ebrkes\u00ebn e kreut t\u00eb Partis\u00eb Republikane Fatmir Mediu, p\u00ebr t\u00eb zhvilluar tubime elektorale. N\u00eb nj\u00eb padi t\u00eb depozituar n\u00eb Gjykat\u00ebn Kushtetuese q\u00eb m\u00eb 4 dhjetor t\u00eb vitit 2020, PR k\u00ebrkon shfuqizimin e urdhrit t\u00eb ministres s\u00eb Sh\u00ebndet\u00ebsis\u00eb, Ogerta Manastirliut q\u00eb ndalon t\u00eb gjitha [&hellip;]<\/p>\n","protected":false,"gt_translate_keys":[{"key":"rendered","format":"html"}]},"author":30,"featured_media":433529,"comment_status":"open","ping_status":"open","sticky":false,"template":"","format":"standard","meta":{"footnotes":""},"categories":[65,13],"tags":[],"class_list":["post-433528","post","type-post","status-publish","format-standard","has-post-thumbnail","hentry","category-lajme","category-te-fundit"],"gt_translate_keys":[{"key":"link","format":"url"}],"_links":{"self":[{"href":"https:\/\/www.hashtag.al\/index.php\/wp-json\/wp\/v2\/posts\/433528","targetHints":{"allow":["GET"]}}],"collection":[{"href":"https:\/\/www.hashtag.al\/index.php\/wp-json\/wp\/v2\/posts"}],"about":[{"href":"https:\/\/www.hashtag.al\/index.php\/wp-json\/wp\/v2\/types\/post"}],"author":[{"embeddable":true,"href":"https:\/\/www.hashtag.al\/index.php\/wp-json\/wp\/v2\/users\/30"}],"replies":[{"embeddable":true,"href":"https:\/\/www.hashtag.al\/index.php\/wp-json\/wp\/v2\/comments?post=433528"}],"version-history":[{"count":0,"href":"https:\/\/www.hashtag.al\/index.php\/wp-json\/wp\/v2\/posts\/433528\/revisions"}],"wp:featuredmedia":[{"embeddable":true,"href":"https:\/\/www.hashtag.al\/index.php\/wp-json\/wp\/v2\/media\/433529"}],"wp:attachment":[{"href":"https:\/\/www.hashtag.al\/index.php\/wp-json\/wp\/v2\/media?parent=433528"}],"wp:term":[{"taxonomy":"category","embeddable":true,"href":"https:\/\/www.hashtag.al\/index.php\/wp-json\/wp\/v2\/categories?post=433528"},{"taxonomy":"post_tag","embeddable":true,"href":"https:\/\/www.hashtag.al\/index.php\/wp-json\/wp\/v2\/tags?post=433528"}],"curies":[{"name":"wp","href":"https:\/\/api.w.org\/{rel}","templated":true}]}}