{"id":433432,"date":"2021-03-01T20:11:25","date_gmt":"2021-03-01T19:11:25","guid":{"rendered":"https:\/\/hashtag.al\/?p=433432"},"modified":"2021-03-01T20:16:35","modified_gmt":"2021-03-01T19:16:35","slug":"meta-ben-paralajmerimin-nese-vidhet-nje-vote-do-pritet-nje-dore","status":"publish","type":"post","link":"https:\/\/www.hashtag.al\/index.php\/2021\/03\/01\/meta-ben-paralajmerimin-nese-vidhet-nje-vote-do-pritet-nje-dore\/","title":{"rendered":"Meta b\u00ebn paralajm\u00ebrimin: N\u00ebse vidhet nj\u00eb vot\u00eb do pritet nj\u00eb dor\u00eb","gt_translate_keys":[{"key":"rendered","format":"text"}]},"content":{"rendered":"<p><span style=\"color: #000000;\"><img loading=\"lazy\" decoding=\"async\" class=\"aligncenter size-full wp-image-433433\" src=\"https:\/\/hashtag.al\/wp-content\/uploads\/2021\/03\/meta-frontline-mars2021.jpeg\" alt=\"\" width=\"1280\" height=\"853\" srcset=\"https:\/\/www.hashtag.al\/wp-content\/uploads\/2021\/03\/meta-frontline-mars2021.jpeg 1280w, https:\/\/www.hashtag.al\/wp-content\/uploads\/2021\/03\/meta-frontline-mars2021-300x200.jpeg 300w, https:\/\/www.hashtag.al\/wp-content\/uploads\/2021\/03\/meta-frontline-mars2021-768x512.jpeg 768w, https:\/\/www.hashtag.al\/wp-content\/uploads\/2021\/03\/meta-frontline-mars2021-1024x682.jpeg 1024w\" sizes=\"auto, (max-width: 1280px) 100vw, 1280px\" \/><\/span><\/p>\n<p><span style=\"color: #000000;\">Presidenti i Republik\u00ebs Ilir Meta b\u00ebri nj\u00eb paralajm\u00ebrim t\u00eb fort\u00eb mbi zgjedhjet e 25 prillit.<\/span><\/p>\n<p><span style=\"color: #000000;\">Meta tha se n\u00ebse preket nj\u00eb vot\u00eb do pritet nj\u00eb dor\u00eb.<\/span><\/p>\n<p><span style=\"color: #000000;\">Kreu i shtetit m\u00eb tej dha nj\u00eb mesazh edhe p\u00ebr drejtuesit kryesor\u00eb t\u00eb opozit\u00ebs duke th\u00ebn\u00eb se nuk do shtyhen zgjedhjet p\u00ebrtej 25 prillit.<\/span><\/p>\n<p><span style=\"color: #000000;\">Nd\u00ebrkoh\u00eb b\u00ebri nj\u00eb paralajm\u00ebrim se n\u00ebse vidhet nj\u00eb vot\u00eb do pritet nj\u00eb dor\u00eb.<\/span><\/p>\n<p><span style=\"color: #000000;\">\u201c<em>Zotit Basha dhe znj.Kryemadhi u kam b\u00ebr\u00eb t\u00eb qart\u00eb s\u00eb zgjedhjet do t\u00eb b\u00ebhen m\u00eb 25 prill, pavar\u00ebsisht se mund te provokohen apo n\u00ebse do k\u00ebt\u00eb ndonj\u00eb p\u00ebrpjekje p\u00ebr grusht shteti.<\/em><\/span><\/p>\n<p><span style=\"color: #000000;\"><em>Nuk m\u00eb intereson fare \u00e7far\u00eb ka b\u00ebr\u00eb zonja Kryemadhi. Ajo q\u00eb nuk ia fal zonj\u00ebs Kryemadhi si kryetare e LSI-s\u00eb, \u00ebsht\u00eb l\u00ebnia e mandateve n\u00eb Parlament. N\u00eb demokraci nuk ka asnj\u00eb cm boshll\u00ebk dhe \u00e7do boshll\u00ebk q\u00eb e l\u00eb opozita shkon n\u00eb interes t\u00eb kapjes s\u00eb pushtetit.<\/em><\/span><\/p>\n<p><span style=\"color: #000000;\"><em>Un\u00eb jam n\u00eb krye t\u00eb shtetit. Mua m\u00eb intereson q\u00eb vota e qytetarit t\u00eb jet\u00eb e barabart\u00eb.<\/em><\/span><\/p>\n<p><span style=\"color: #000000;\"><em>Vet\u00ebm referendumi i 25 prill i \u00e7el negociatat. Zgjedhjet jan\u00eb \u00e7do gj\u00eb. K\u00ebt\u00eb duhet ta kuptoj \u00e7do qytetar. \u00c7do qytetar i shet vot\u00ebn nuk ka t\u00eb drejt\u00eb t\u2019i k\u00ebrkoj\u00eb atij q\u00eb e qeveris nes\u00ebr llogari. E dyta, \u00e7dokush q\u00eb nuk shkon t\u00eb votoj\u00eb nuk ka t\u00eb drejt\u00eb t\u00eb ankohet.<\/em><\/span><\/p>\n<p><span style=\"color: #000000;\"><em>M\u00eb 25 prill do t\u2019ia b\u00ebjm\u00eb me dije CNN, Al Jazera se jemi popull shqiponjash dhe jo popull sorrash.<\/em><\/span><\/p>\n<p><span style=\"color: #000000;\"><em>Nj\u00eb vot\u00eb po u prek, do pritet nj\u00eb dor\u00eb<\/em>.\u201d-theksoi Meta.<\/span><\/p>\n","protected":false,"gt_translate_keys":[{"key":"rendered","format":"html"}]},"excerpt":{"rendered":"<p>Presidenti i Republik\u00ebs Ilir Meta b\u00ebri nj\u00eb paralajm\u00ebrim t\u00eb fort\u00eb mbi zgjedhjet e 25 prillit. Meta tha se n\u00ebse preket nj\u00eb vot\u00eb do pritet nj\u00eb dor\u00eb. Kreu i shtetit m\u00eb tej dha nj\u00eb mesazh edhe p\u00ebr drejtuesit kryesor\u00eb t\u00eb opozit\u00ebs duke th\u00ebn\u00eb se nuk do shtyhen zgjedhjet p\u00ebrtej 25 prillit. Nd\u00ebrkoh\u00eb b\u00ebri nj\u00eb paralajm\u00ebrim se [&hellip;]<\/p>\n","protected":false,"gt_translate_keys":[{"key":"rendered","format":"html"}]},"author":32,"featured_media":433433,"comment_status":"open","ping_status":"open","sticky":false,"template":"","format":"standard","meta":{"footnotes":""},"categories":[65,13],"tags":[],"class_list":["post-433432","post","type-post","status-publish","format-standard","has-post-thumbnail","hentry","category-lajme","category-te-fundit"],"gt_translate_keys":[{"key":"link","format":"url"}],"_links":{"self":[{"href":"https:\/\/www.hashtag.al\/index.php\/wp-json\/wp\/v2\/posts\/433432","targetHints":{"allow":["GET"]}}],"collection":[{"href":"https:\/\/www.hashtag.al\/index.php\/wp-json\/wp\/v2\/posts"}],"about":[{"href":"https:\/\/www.hashtag.al\/index.php\/wp-json\/wp\/v2\/types\/post"}],"author":[{"embeddable":true,"href":"https:\/\/www.hashtag.al\/index.php\/wp-json\/wp\/v2\/users\/32"}],"replies":[{"embeddable":true,"href":"https:\/\/www.hashtag.al\/index.php\/wp-json\/wp\/v2\/comments?post=433432"}],"version-history":[{"count":0,"href":"https:\/\/www.hashtag.al\/index.php\/wp-json\/wp\/v2\/posts\/433432\/revisions"}],"wp:featuredmedia":[{"embeddable":true,"href":"https:\/\/www.hashtag.al\/index.php\/wp-json\/wp\/v2\/media\/433433"}],"wp:attachment":[{"href":"https:\/\/www.hashtag.al\/index.php\/wp-json\/wp\/v2\/media?parent=433432"}],"wp:term":[{"taxonomy":"category","embeddable":true,"href":"https:\/\/www.hashtag.al\/index.php\/wp-json\/wp\/v2\/categories?post=433432"},{"taxonomy":"post_tag","embeddable":true,"href":"https:\/\/www.hashtag.al\/index.php\/wp-json\/wp\/v2\/tags?post=433432"}],"curies":[{"name":"wp","href":"https:\/\/api.w.org\/{rel}","templated":true}]}}