{"id":433199,"date":"2021-02-28T21:29:18","date_gmt":"2021-02-28T20:29:18","guid":{"rendered":"https:\/\/hashtag.al\/?p=433199"},"modified":"2021-02-28T21:29:18","modified_gmt":"2021-02-28T20:29:18","slug":"11-viktima-dhe-305-raste-te-reja-lidhur-me-covid-19-ne-maqedonine-e-veriut","status":"publish","type":"post","link":"https:\/\/www.hashtag.al\/index.php\/2021\/02\/28\/11-viktima-dhe-305-raste-te-reja-lidhur-me-covid-19-ne-maqedonine-e-veriut\/","title":{"rendered":"11 viktima dhe 305 raste t\u00eb reja lidhur me Covid-19 n\u00eb Maqedonin\u00eb e Veriut","gt_translate_keys":[{"key":"rendered","format":"text"}]},"content":{"rendered":"<p><span style=\"color: #000000;\"><img loading=\"lazy\" decoding=\"async\" class=\"aligncenter size-full wp-image-384627\" src=\"https:\/\/hashtag.al\/wp-content\/uploads\/2020\/07\/maqedoniaeveriut-covid.jpg\" alt=\"\" width=\"1600\" height=\"901\" srcset=\"https:\/\/www.hashtag.al\/wp-content\/uploads\/2020\/07\/maqedoniaeveriut-covid.jpg 1600w, https:\/\/www.hashtag.al\/wp-content\/uploads\/2020\/07\/maqedoniaeveriut-covid-300x169.jpg 300w, https:\/\/www.hashtag.al\/wp-content\/uploads\/2020\/07\/maqedoniaeveriut-covid-768x432.jpg 768w, https:\/\/www.hashtag.al\/wp-content\/uploads\/2020\/07\/maqedoniaeveriut-covid-1024x577.jpg 1024w\" sizes=\"auto, (max-width: 1600px) 100vw, 1600px\" \/><\/span><\/p>\n<p><span style=\"color: #000000;\">Ministria e Sh\u00ebndet\u00ebsis\u00eb e Maqedonis\u00eb s\u00eb Veriut njofton se n\u00eb 24 or\u00ebt e fundit jan\u00eb kryer 2 533 teste t\u00eb dyshuar p\u00ebr COVID-19 dhe nga k\u00ebta 305 kan\u00eb rezultuar pozitiv\u00eb.<\/span><\/p>\n<p><span style=\"color: #000000;\">\u00a0Po ashtu n\u00eb 24 or\u00ebt e fundit kan\u00eb humbur betej\u00ebn me koronavirusin 11 pacient\u00eb, nd\u00ebrsa jan\u00eb sh\u00ebruar 167 persona. Deri tani, q\u00eb nga fillimi i pandemis\u00eb, jan\u00eb kryer 522 518 testime p\u00ebr COVID-19, ku jan\u00eb regjistruar plot\u00eb 102 787 raste.<\/span><\/p>\n<p><span style=\"color: #000000;\">Q\u00eb nga fillimi i pandemis\u00eb kan\u00eb humbur jet\u00ebn 3 137 persona nd\u00ebrsa kan\u00eb fituar betej\u00ebn me t\u00eb 91 233 t\u00eb tjer\u00eb. Numri aktual i personave aktiv\u00eb me virusin \u00ebsht\u00eb 8 417.<\/span><\/p>\n","protected":false,"gt_translate_keys":[{"key":"rendered","format":"html"}]},"excerpt":{"rendered":"<p>Ministria e Sh\u00ebndet\u00ebsis\u00eb e Maqedonis\u00eb s\u00eb Veriut njofton se n\u00eb 24 or\u00ebt e fundit jan\u00eb kryer 2 533 teste t\u00eb dyshuar p\u00ebr COVID-19 dhe nga k\u00ebta 305 kan\u00eb rezultuar pozitiv\u00eb. \u00a0Po ashtu n\u00eb 24 or\u00ebt e fundit kan\u00eb humbur betej\u00ebn me koronavirusin 11 pacient\u00eb, nd\u00ebrsa jan\u00eb sh\u00ebruar 167 persona. Deri tani, q\u00eb nga fillimi i [&hellip;]<\/p>\n","protected":false,"gt_translate_keys":[{"key":"rendered","format":"html"}]},"author":32,"featured_media":384627,"comment_status":"open","ping_status":"open","sticky":false,"template":"","format":"standard","meta":{"footnotes":""},"categories":[149,13],"tags":[],"class_list":["post-433199","post","type-post","status-publish","format-standard","has-post-thumbnail","hentry","category-kosoverajon","category-te-fundit"],"gt_translate_keys":[{"key":"link","format":"url"}],"_links":{"self":[{"href":"https:\/\/www.hashtag.al\/index.php\/wp-json\/wp\/v2\/posts\/433199","targetHints":{"allow":["GET"]}}],"collection":[{"href":"https:\/\/www.hashtag.al\/index.php\/wp-json\/wp\/v2\/posts"}],"about":[{"href":"https:\/\/www.hashtag.al\/index.php\/wp-json\/wp\/v2\/types\/post"}],"author":[{"embeddable":true,"href":"https:\/\/www.hashtag.al\/index.php\/wp-json\/wp\/v2\/users\/32"}],"replies":[{"embeddable":true,"href":"https:\/\/www.hashtag.al\/index.php\/wp-json\/wp\/v2\/comments?post=433199"}],"version-history":[{"count":0,"href":"https:\/\/www.hashtag.al\/index.php\/wp-json\/wp\/v2\/posts\/433199\/revisions"}],"wp:featuredmedia":[{"embeddable":true,"href":"https:\/\/www.hashtag.al\/index.php\/wp-json\/wp\/v2\/media\/384627"}],"wp:attachment":[{"href":"https:\/\/www.hashtag.al\/index.php\/wp-json\/wp\/v2\/media?parent=433199"}],"wp:term":[{"taxonomy":"category","embeddable":true,"href":"https:\/\/www.hashtag.al\/index.php\/wp-json\/wp\/v2\/categories?post=433199"},{"taxonomy":"post_tag","embeddable":true,"href":"https:\/\/www.hashtag.al\/index.php\/wp-json\/wp\/v2\/tags?post=433199"}],"curies":[{"name":"wp","href":"https:\/\/api.w.org\/{rel}","templated":true}]}}