{"id":432775,"date":"2021-02-26T20:33:30","date_gmt":"2021-02-26T19:33:30","guid":{"rendered":"https:\/\/hashtag.al\/?p=432775"},"modified":"2021-02-26T20:38:56","modified_gmt":"2021-02-26T19:38:56","slug":"balles-nuk-i-del-inati-me-bardhin-kur-te-dale-rezultati-i-zgjedhjeve-do-padise-ne-spak-gjithe-pd-ne-e-elbasanit-per-tradhti","status":"publish","type":"post","link":"https:\/\/www.hashtag.al\/index.php\/2021\/02\/26\/balles-nuk-i-del-inati-me-bardhin-kur-te-dale-rezultati-i-zgjedhjeve-do-padise-ne-spak-gjithe-pd-ne-e-elbasanit-per-tradhti\/","title":{"rendered":"Ball\u00ebs nuk i del inati me Bardhin: Kur t\u00eb dal\u00eb rezultati i zgjedhjeve do padis\u00eb n\u00eb SPAK gjith\u00eb PD-n\u00eb e Elbasanit p\u00ebr tradhti","gt_translate_keys":[{"key":"rendered","format":"text"}]},"content":{"rendered":"<p><img loading=\"lazy\" decoding=\"async\" class=\"aligncenter size-full wp-image-432776\" src=\"https:\/\/hashtag.al\/wp-content\/uploads\/2021\/02\/balla-2.jpg\" alt=\"\" width=\"1160\" height=\"774\" srcset=\"https:\/\/www.hashtag.al\/wp-content\/uploads\/2021\/02\/balla-2.jpg 1160w, https:\/\/www.hashtag.al\/wp-content\/uploads\/2021\/02\/balla-2-300x200.jpg 300w, https:\/\/www.hashtag.al\/wp-content\/uploads\/2021\/02\/balla-2-768x512.jpg 768w, https:\/\/www.hashtag.al\/wp-content\/uploads\/2021\/02\/balla-2-1024x683.jpg 1024w\" sizes=\"auto, (max-width: 1160px) 100vw, 1160px\" \/><\/p>\n<p>&nbsp;<\/p>\n<p><span style=\"color: #000000;\">Sekretari i P\u00ebrgjithsh\u00ebm i PS-s\u00eb Taulant Balla duket se nuk i ka p\u00eblqyer l\u00ebvizja e kund\u00ebrshtarit t\u00eb tij politik n\u00eb k\u00ebt\u00eb qark Gazment Bardhi i cili e paditi n\u00eb SPAK.<\/span><\/p>\n<p><span style=\"color: #000000;\">Gjat\u00eb fjal\u00ebs s\u00eb tij, Balla i \u00ebsht\u00eb p\u00ebrgjigjur Gazment Bardhit lidhur me padin\u00eb q\u00eb ka depozituar n\u00eb SPAK me pretendimin se shtabi elektoral i PS ka telefonuar qytetar\u00ebt q\u00eb marrin ndihm\u00eb ekonomike.<\/span><\/p>\n<p><span style=\"color: #000000;\">Balla tha se Bardhi do padis\u00eb n\u00eb prokurori gjith\u00eb PD-n\u00eb e Elbasanit kur t\u00eb dal\u00eb rezultati i zgjedhjeve p\u00ebr tradhti.<\/span><\/p>\n<p><span style=\"color: #000000;\">\u201c<em>Elbasani ka nj\u00eb tradit\u00eb shum\u00eb t\u00eb mir\u00eb t\u00eb bashk\u00ebjetes\u00ebs si nd\u00ebrfetare dhe nd\u00ebrpolitike. Un\u00eb nuk dua q\u00eb t\u2019i kthehem me t\u00eb nj\u00ebjt\u00ebn gjuh\u00eb se mir\u00eb do ishte q\u00eb un\u00eb ta padisja p\u00ebr shpifje n\u00eb lidhje me at\u00eb q\u00eb ka th\u00ebn\u00eb, por un\u00eb nuk po i hy sepse nuk kam koh\u00eb p\u00ebr tu marr\u00eb as me Gazin, as me Lulin, as me Saliun, as me Ilir Met\u00ebn, me Monik\u00ebn jo e jo. Por, p\u00ebr Gazin nj\u00eb gj\u00eb ua them me siguri t\u00eb plot\u00eb, kur t\u00eb dal\u00eb rezultati i zgjedhjeve n\u00eb Elbasan, Gazi do padis\u00eb dhe do kall\u00ebzoj n\u00eb prokurori p\u00ebr tradhti t\u00eb lart\u00eb dhe p\u00ebr tallje me udh\u00ebheqjen t\u00eb gjith\u00eb PD-n\u00eb e Elbasanit. Behu gati PD-ja e Elbasanit se do ju kall\u00ebzoj\u00eb Gazi p\u00ebr tradhti dhe q\u00eb talleni me udh\u00ebheqjen<\/em>\u201d-tha Balla.<\/span><\/p>\n","protected":false,"gt_translate_keys":[{"key":"rendered","format":"html"}]},"excerpt":{"rendered":"<p>&nbsp; Sekretari i P\u00ebrgjithsh\u00ebm i PS-s\u00eb Taulant Balla duket se nuk i ka p\u00eblqyer l\u00ebvizja e kund\u00ebrshtarit t\u00eb tij politik n\u00eb k\u00ebt\u00eb qark Gazment Bardhi i cili e paditi n\u00eb SPAK. Gjat\u00eb fjal\u00ebs s\u00eb tij, Balla i \u00ebsht\u00eb p\u00ebrgjigjur Gazment Bardhit lidhur me padin\u00eb q\u00eb ka depozituar n\u00eb SPAK me pretendimin se shtabi elektoral i [&hellip;]<\/p>\n","protected":false,"gt_translate_keys":[{"key":"rendered","format":"html"}]},"author":32,"featured_media":432776,"comment_status":"open","ping_status":"open","sticky":false,"template":"","format":"standard","meta":{"footnotes":""},"categories":[65,13],"tags":[],"class_list":["post-432775","post","type-post","status-publish","format-standard","has-post-thumbnail","hentry","category-lajme","category-te-fundit"],"gt_translate_keys":[{"key":"link","format":"url"}],"_links":{"self":[{"href":"https:\/\/www.hashtag.al\/index.php\/wp-json\/wp\/v2\/posts\/432775","targetHints":{"allow":["GET"]}}],"collection":[{"href":"https:\/\/www.hashtag.al\/index.php\/wp-json\/wp\/v2\/posts"}],"about":[{"href":"https:\/\/www.hashtag.al\/index.php\/wp-json\/wp\/v2\/types\/post"}],"author":[{"embeddable":true,"href":"https:\/\/www.hashtag.al\/index.php\/wp-json\/wp\/v2\/users\/32"}],"replies":[{"embeddable":true,"href":"https:\/\/www.hashtag.al\/index.php\/wp-json\/wp\/v2\/comments?post=432775"}],"version-history":[{"count":0,"href":"https:\/\/www.hashtag.al\/index.php\/wp-json\/wp\/v2\/posts\/432775\/revisions"}],"wp:featuredmedia":[{"embeddable":true,"href":"https:\/\/www.hashtag.al\/index.php\/wp-json\/wp\/v2\/media\/432776"}],"wp:attachment":[{"href":"https:\/\/www.hashtag.al\/index.php\/wp-json\/wp\/v2\/media?parent=432775"}],"wp:term":[{"taxonomy":"category","embeddable":true,"href":"https:\/\/www.hashtag.al\/index.php\/wp-json\/wp\/v2\/categories?post=432775"},{"taxonomy":"post_tag","embeddable":true,"href":"https:\/\/www.hashtag.al\/index.php\/wp-json\/wp\/v2\/tags?post=432775"}],"curies":[{"name":"wp","href":"https:\/\/api.w.org\/{rel}","templated":true}]}}