{"id":432741,"date":"2021-02-26T17:25:46","date_gmt":"2021-02-26T16:25:46","guid":{"rendered":"https:\/\/hashtag.al\/?p=432741"},"modified":"2021-02-26T19:16:55","modified_gmt":"2021-02-26T18:16:55","slug":"programi-i-pd-se-rushaj-anulojme-koncesionet-e-ulim-cmimin-e-energjise-per-710-mije-familje-koalicioni-maksimizon-votat","status":"publish","type":"post","link":"https:\/\/www.hashtag.al\/index.php\/2021\/02\/26\/programi-i-pd-se-rushaj-anulojme-koncesionet-e-ulim-cmimin-e-energjise-per-710-mije-familje-koalicioni-maksimizon-votat\/","title":{"rendered":"Programi i PD-s\u00eb, Rushaj: Anulojm\u00eb koncesionet e ulim \u00e7mimin e energjis\u00eb p\u00ebr 710 mij\u00eb familje. Koalicioni maksimizon votat","gt_translate_keys":[{"key":"rendered","format":"text"}]},"content":{"rendered":"<p><span style=\"color: #000000;\"><img loading=\"lazy\" decoding=\"async\" class=\"aligncenter size-full wp-image-432744\" src=\"https:\/\/hashtag.al\/wp-content\/uploads\/2021\/02\/rushaj2-3-e1614356656220.jpg\" alt=\"\" width=\"827\" height=\"441\" srcset=\"https:\/\/www.hashtag.al\/wp-content\/uploads\/2021\/02\/rushaj2-3-e1614356656220.jpg 827w, https:\/\/www.hashtag.al\/wp-content\/uploads\/2021\/02\/rushaj2-3-e1614356656220-300x160.jpg 300w, https:\/\/www.hashtag.al\/wp-content\/uploads\/2021\/02\/rushaj2-3-e1614356656220-768x410.jpg 768w\" sizes=\"auto, (max-width: 827px) 100vw, 827px\" \/><\/span><\/p>\n<p><span style=\"color: #000000;\">Kreu i fushat\u00ebs s\u00eb Partis\u00eb Demokratike, Alfred Rushaj, ka folur sot p\u00ebr nj\u00eb s\u00ebr\u00eb \u00e7\u00ebshtjesh duke nisur nga arritja e marr\u00ebveshjes p\u00ebr koalicionin e gjer\u00eb opozitar t\u00eb firmosur dy dit\u00eb m\u00eb par\u00eb. <\/span><\/p>\n<p><span style=\"color: #000000;\">N\u00eb nj\u00eb intervist\u00eb n\u00eb Syri TV, p\u00ebrfaq\u00ebsuesi i PD-s\u00eb tha se negociatat jan\u00eb zhvilluar t\u00eb shtrira n\u00eb koh\u00eb dhe se marr\u00ebveshja p\u00ebrfshin pun\u00ebn e t\u00eb gjitha partive q\u00eb marrin pjes\u00eb me synim maksimizimin e vot\u00ebs.<\/span><\/p>\n<p><span style=\"color: #000000;\"> Lidhur me dor\u00ebheqjen e Bamir Topit si kryetar i FRD-s\u00eb, Rushaj tha se b\u00ebhet fjal\u00eb p\u00ebr nj\u00eb \u00e7\u00ebshtje t\u00eb brendshme t\u00eb forc\u00ebs politike n\u00eb fjal\u00eb.<\/span><\/p>\n<p><span style=\"color: #000000;\"><em>\u201cNegociatat mor\u00ebn koh\u00ebn e vet dhe secila parti mori koh\u00ebn e vet. Jo \u00e7do gj\u00eb ishte \u00e7\u00ebshtje sekondash dhe minutash. Pati negociata me mir\u00ebbesim, me diskutime se si mund t\u00eb arrihet maksimizimi i vot\u00ebs se sa p\u00ebr ndarjen e vendeve. <\/em><\/span><em style=\"color: #000000;\">Maksimalizimi i vot\u00ebs ka 2 aspekte. Mesazhi politik dhe organizimi n\u00eb terren. T\u00eb gjitha struktuara n\u00eb terren po bashk\u00ebpunojn\u00eb p\u00ebr t\u00eb sjell\u00eb t\u00eb gjith\u00eb votuesit. N\u00eb pikepamjen e mesazhit t\u00eb gjith\u00eb jan\u00eb kund\u00ebr Ram\u00ebs dhe t\u00eb gjith\u00eb bashkohen me mesazhin. Nuk \u00ebsht\u00eb fiksuar \u00e7do lloj pozicioni n\u00eb list\u00eb. Gjat\u00eb jav\u00ebs n\u00eb vijim do t\u00eb sakt\u00ebsohet numri dhe emrat. Me aleat\u00ebt jan\u00eb diskutime se si do t\u00eb arrihet puna n\u00eb terren p\u00ebr maksimalizimin e vot\u00ebs. Cdo parti ka ve\u00e7antin\u00eb e vet.\u201d<\/em><span style=\"color: #000000;\"> \u2013 theksoi Rushaj.<\/span><\/p>\n<p><span style=\"color: #000000;\"><img loading=\"lazy\" decoding=\"async\" class=\"aligncenter size-full wp-image-432742\" src=\"https:\/\/hashtag.al\/wp-content\/uploads\/2021\/02\/rushaj1.jpg\" alt=\"\" width=\"1035\" height=\"442\" srcset=\"https:\/\/www.hashtag.al\/wp-content\/uploads\/2021\/02\/rushaj1.jpg 1035w, https:\/\/www.hashtag.al\/wp-content\/uploads\/2021\/02\/rushaj1-300x128.jpg 300w, https:\/\/www.hashtag.al\/wp-content\/uploads\/2021\/02\/rushaj1-768x328.jpg 768w, https:\/\/www.hashtag.al\/wp-content\/uploads\/2021\/02\/rushaj1-1024x437.jpg 1024w\" sizes=\"auto, (max-width: 1035px) 100vw, 1035px\" \/><\/span><\/p>\n<p><span style=\"color: #000000;\">Ai tha m\u00eb tej se PD-ja ka nj\u00eb plan teknik t\u00eb detajuar p\u00ebr realizimin e programit t\u00eb saj, nd\u00ebrsa kryeministri Rama q\u00eb komandon qeverin\u00eb nuk ka asnj\u00eb program dhe s\u2019i ka mbetur gj\u00eb tjet\u00ebr ve\u00e7 t\u00eb b\u00ebj\u00eb batuta me programin e PD-s\u00eb.<\/span><\/p>\n<p><span style=\"color: #000000;\"><em>\u201cUn\u00eb dua t\u00eb b\u00ebj diferenc\u00ebn. Ne jemi n\u00eb opozit\u00eb dhe kemi b\u00ebr\u00eb nj\u00eb plan teknik t\u00eb detajuar se \u00e7far\u00eb do te b\u00ebjm\u00eb dhe kur do t\u00eb b\u00ebhen. Nd\u00ebrkoh\u00eb Rama \u00ebsht\u00eb n\u00eb qeveri dhe akoma nuk ka nj\u00eb program. Atij nuk i ka mbetur gj\u00eb tjet\u00ebr vet\u00ebm t\u00eb kund\u00ebrshtoj\u00eb programin ton\u00eb me batuta. Kjo \u00ebsht\u00eb nj\u00eb p\u00ebrpjekje e d\u00ebshp\u00ebruar p\u00ebr t\u00eb hedhur balt\u00eb dhe t\u00eb vendos\u00eb nj\u00eb njolle\u00eb n\u00eb pritshm\u00ebrite\u00eb e njer\u00ebzve tek programi i PD-s\u00eb.\u201d<\/em> \u2013 tha Rushaj.<\/span><\/p>\n<p><span style=\"color: #000000;\">Lidhur me programin e PD-s\u00eb p\u00ebr energjin\u00eb, p\u00ebrfaq\u00ebsuesi i PD-s\u00eb tha se plani i holl\u00ebsish\u00ebm do mund\u00ebsoj\u00eb uljen e \u00e7mimit t\u00eb energjis\u00eb elektrike p\u00ebr m\u00eb shum\u00eb se 710 mij\u00eb familje shqiptare, n\u00eb nj\u00eb mas\u00eb q\u00eb pritet t\u00eb shkoj\u00eb deri n\u00eb 8500 lek\u00eb t\u00eb reja n\u00eb vit. <\/span><\/p>\n<p><span style=\"color: #000000;\">Rushaj ironizoi kryeministrin Rama lidhur me burs\u00ebn e energjis\u00eb duke th\u00ebn\u00eb s\u00eb e ka ngritur at\u00eb vet\u00ebm n\u00eb 3D.<\/span><\/p>\n<p><span style=\"color: #000000;\"><em>\u201c\u00c7far\u00eb ne kemi th\u00ebn\u00eb \u00ebsht\u00eb q\u00eb p\u00ebr 710 mij\u00eb familje shqiptare do t\u00eb ulim \u00e7mimin e energjis\u00eb me mbi 20%. Un\u00eb di q\u00eb qytetaret do t\u00eb ken\u00eb nga 10 mij\u00eb lek\u00eb deri n\u00eb 85 mije\u00eb leke\u00eb m\u00eb shum\u00eb n\u00eb vit. Per 710 mije familje shqiptare eshte rritur \u00e7mimi i energjis\u00eb. 20 milion\u00eb euro q\u00eb shteti i ka borxh Kompanis\u00eb s\u00eb Shp\u00ebrndarjes dhe askush nuk shkon n\u00eb burg nd\u00ebrsa nj\u00eb pensionist q\u00eb nuk i paguan dot, \u00ebsht\u00eb n\u00eb burg. Rama e ka ngritur burs\u00ebn vet\u00ebm ne 3D. Bursa e Tiranes ka q\u00eb n\u00eb vitin 1990 q\u00eb \u00ebsht\u00eb ngritur dhe p\u00ebr k\u00ebt\u00eb nuk ka asnj\u00eb transaksion.\u201d<\/em> \u2013 vijoj Rushaj.<\/span><\/p>\n<p><span style=\"color: #000000;\">N\u00eb fund ai shpjegoi edhe fatur\u00ebn e programit t\u00eb PD-s\u00eb duke theksuar se ajo shkon n\u00eb 400-500 milion\u00eb euro. Rushaj theksoi se programi do ket\u00eb dy pjes\u00eb, at\u00eb t\u00eb masave ekonomike dhe at\u00eb t\u00eb p\u00ebrmir\u00ebsimit t\u00eb klim\u00ebs s\u00eb biznesit. <\/span><\/p>\n<p><span style=\"color: #000000;\">Lidhur me koncesionet, p\u00ebrfaq\u00ebsuesi i PD-s\u00eb tha se ato do anulohen dhe parat\u00eb do rikthehen n\u00eb buxhet p\u00ebr t\u2019u p\u00ebrdorur.<\/span><\/p>\n<p><span style=\"color: #000000;\"><em>\u201cProgrami eshte 100% i realizuesh\u00ebm. Fatura shkon diku nga 400-500 milion\u00eb euro. Programi ka 2 pjes\u00eb, pjes\u00ebn e masave ekonomike dhe pjesa q\u00eb ka t\u00eb b\u00ebj\u00eb me p\u00ebrmir\u00ebsimin e klim\u00ebs s\u00eb biznesit. Un\u00eb dua t\u2019ju them se PD \u00ebsht\u00eb e angazhuar t\u2019i anuloj\u00eb koncesionet. Fatura e korrupsionit p\u00ebr shkak t\u00eb tenderave shkon 250-300 milion\u00eb euro. Shpenzimet e luksit shkojn\u00eb 50-60 milion\u00eb euro.\u00a0 Vetem duke rialokuar buxhetin do t\u00eb realizohen t\u00eb gjitha gj\u00ebrat q\u00eb p\u00ebrmend\u00ebm. Ne do t\u00eb sjellim n\u00eb buxhetin e shtetit parat\u00eb q\u00eb n\u00eb m\u00ebnyre\u00eb t\u00eb pandershme i jan\u00eb marr\u00eb k\u00ebtij buxheti. Di\u00e7ka e tille ka gjasa t\u00eb ndodhi brenda 6 mujorit t\u00eb par\u00eb, sepse nj\u00eb pjese\u00eb e rishikimit t\u00eb kontratave \u00ebsht\u00eb b\u00ebr\u00eb.\u201d<\/em> \u2013 deklaroi Rushaj.<\/span><\/p>\n","protected":false,"gt_translate_keys":[{"key":"rendered","format":"html"}]},"excerpt":{"rendered":"<p>Kreu i fushat\u00ebs s\u00eb Partis\u00eb Demokratike, Alfred Rushaj, ka folur sot p\u00ebr nj\u00eb s\u00ebr\u00eb \u00e7\u00ebshtjesh duke nisur nga arritja e marr\u00ebveshjes p\u00ebr koalicionin e gjer\u00eb opozitar t\u00eb firmosur dy dit\u00eb m\u00eb par\u00eb. N\u00eb nj\u00eb intervist\u00eb n\u00eb Syri TV, p\u00ebrfaq\u00ebsuesi i PD-s\u00eb tha se negociatat jan\u00eb zhvilluar t\u00eb shtrira n\u00eb koh\u00eb dhe se marr\u00ebveshja p\u00ebrfshin pun\u00ebn [&hellip;]<\/p>\n","protected":false,"gt_translate_keys":[{"key":"rendered","format":"html"}]},"author":51,"featured_media":432744,"comment_status":"open","ping_status":"open","sticky":false,"template":"","format":"standard","meta":{"footnotes":""},"categories":[65,13],"tags":[],"class_list":["post-432741","post","type-post","status-publish","format-standard","has-post-thumbnail","hentry","category-lajme","category-te-fundit"],"gt_translate_keys":[{"key":"link","format":"url"}],"_links":{"self":[{"href":"https:\/\/www.hashtag.al\/index.php\/wp-json\/wp\/v2\/posts\/432741","targetHints":{"allow":["GET"]}}],"collection":[{"href":"https:\/\/www.hashtag.al\/index.php\/wp-json\/wp\/v2\/posts"}],"about":[{"href":"https:\/\/www.hashtag.al\/index.php\/wp-json\/wp\/v2\/types\/post"}],"author":[{"embeddable":true,"href":"https:\/\/www.hashtag.al\/index.php\/wp-json\/wp\/v2\/users\/51"}],"replies":[{"embeddable":true,"href":"https:\/\/www.hashtag.al\/index.php\/wp-json\/wp\/v2\/comments?post=432741"}],"version-history":[{"count":0,"href":"https:\/\/www.hashtag.al\/index.php\/wp-json\/wp\/v2\/posts\/432741\/revisions"}],"wp:featuredmedia":[{"embeddable":true,"href":"https:\/\/www.hashtag.al\/index.php\/wp-json\/wp\/v2\/media\/432744"}],"wp:attachment":[{"href":"https:\/\/www.hashtag.al\/index.php\/wp-json\/wp\/v2\/media?parent=432741"}],"wp:term":[{"taxonomy":"category","embeddable":true,"href":"https:\/\/www.hashtag.al\/index.php\/wp-json\/wp\/v2\/categories?post=432741"},{"taxonomy":"post_tag","embeddable":true,"href":"https:\/\/www.hashtag.al\/index.php\/wp-json\/wp\/v2\/tags?post=432741"}],"curies":[{"name":"wp","href":"https:\/\/api.w.org\/{rel}","templated":true}]}}