{"id":432732,"date":"2021-02-26T16:33:42","date_gmt":"2021-02-26T15:33:42","guid":{"rendered":"https:\/\/hashtag.al\/?p=432732"},"modified":"2021-02-26T16:26:59","modified_gmt":"2021-02-26T15:26:59","slug":"albana-vokshi-edi-rama-nuk-do-mundet-ta-marre-nje-mandat-te-trete","status":"publish","type":"post","link":"https:\/\/www.hashtag.al\/index.php\/2021\/02\/26\/albana-vokshi-edi-rama-nuk-do-mundet-ta-marre-nje-mandat-te-trete\/","title":{"rendered":"Albana Vokshi: Edi Rama nuk do mundet ta marr\u00eb nj\u00eb mandat t\u00eb tret\u00eb","gt_translate_keys":[{"key":"rendered","format":"text"}]},"content":{"rendered":"<p><span style=\"color: #000000;\"><img loading=\"lazy\" decoding=\"async\" class=\"aligncenter size-full wp-image-432733\" src=\"https:\/\/hashtag.al\/wp-content\/uploads\/2021\/02\/2G8A3433.jpg\" alt=\"\" width=\"2048\" height=\"1151\" srcset=\"https:\/\/www.hashtag.al\/wp-content\/uploads\/2021\/02\/2G8A3433.jpg 2048w, https:\/\/www.hashtag.al\/wp-content\/uploads\/2021\/02\/2G8A3433-300x169.jpg 300w, https:\/\/www.hashtag.al\/wp-content\/uploads\/2021\/02\/2G8A3433-768x432.jpg 768w, https:\/\/www.hashtag.al\/wp-content\/uploads\/2021\/02\/2G8A3433-1024x576.jpg 1024w\" sizes=\"auto, (max-width: 2048px) 100vw, 2048px\" \/><\/span><\/p>\n<p><span style=\"color: #000000;\">Albana Vokshi ka deklaruar sot se kryeministri Rama ka d\u00ebshtuar n\u00eb \u00e7do fush\u00eb e nuk do mundet t\u00eb marr\u00eb nj\u00eb mandat tjet\u00ebr nga qytetar\u00ebt. <\/span><\/p>\n<p><span style=\"color: #000000;\">N\u00eb nj\u00eb deklarat\u00eb nga selia blu, demokratja theksoi se vendi nuk ka njohur zhvillim n\u00eb asnj\u00eb fush\u00eb nd\u00ebrsa ato q\u00eb tregon kreu i qeveris\u00ebvn\u00eb sh\u00ebtitjet e tij propagandistike elektorale jan\u00eb p\u00ebrralla.<\/span><\/p>\n<p><span style=\"color: #000000;\"><em>\u201cEdi Rama, i cili ka d\u00ebshtuar n\u00eb 8 vite n\u00eb \u00e7do fush\u00eb, nuk do t\u00eb mund t\u00eb marr\u00eb nj\u00eb mandat tjet\u00ebr nga qytetar\u00ebt. K\u00ebto 8 vite, Shqip\u00ebria ka ngecur me Edi Ram\u00ebn, nd\u00ebrsa vende t\u00eb tjera, t\u00eb ngjashme me ne, kan\u00eb b\u00ebr\u00eb progres dhe zhvillim t\u00eb jasht\u00ebzakonsh\u00ebm. Shqip\u00ebria nuk ka b\u00ebr\u00eb progres n\u00eb asnj\u00eb fush\u00eb, as n\u00eb ekonomi, as n\u00eb arsim, as n\u00eb infrastruktur\u00eb. Edi Rama mund t\u00eb tregoj\u00eb p\u00ebrralla n\u00eb sh\u00ebtitjet e tij propagandistike elektorale, por njer\u00ebzit e vuajn\u00eb n\u00eb l\u00ebkur\u00eb d\u00ebshtimin e tij 8 vje\u00e7ar dhe premtimet e pambajtura.\u201d<\/em> \u2013 tha Vokshi.<\/span><\/p>\n<p><span style=\"color: #000000;\">Ajo shtoi m\u00eb tej se qindra mij\u00ebra shqiptar\u00eb jan\u00eb larguar nga vendi ose jan\u00eb varf\u00ebruar n\u00eb 8 vitet e qeverisjes s\u00eb kryeministrit Rama, i cili ka punuar vet\u00ebm p\u00ebr nj\u00eb grusht klient\u00ebsh. <\/span><\/p>\n<p><span style=\"color: #000000;\">Vokshi vijoi deklarat\u00ebn duke theksuar se n\u00eb 8 vjet, qeveritar\u00ebt e kryeministrit Rama ka\u00eb tefishuar pasurin\u00eb e deklaruar.<\/span><\/p>\n<p><span style=\"color: #000000;\"><em>\u201cEdi Rama nuk ka nj\u00eb bilanc pune n\u00eb sh\u00ebrbim t\u00eb qytetar\u00ebve. Me qindra mij\u00ebra shqiptar\u00eb ose jan\u00eb larguar nga vendi, ose jan\u00eb varf\u00ebruar n\u00ebn drejtimin e Edi Ram\u00ebs. T\u00eb rinjt\u00eb jan\u00eb pa pun\u00eb, pa perspektiv\u00eb me Edi Ram\u00ebn, sepse p\u00ebr 8 vjet ai punoi p\u00ebr vete dhe p\u00ebr nj\u00eb grusht klient\u00ebsh. Puna e vetme q\u00eb kryeministri m\u00eb i d\u00ebshtuar n\u00eb historin\u00eb 30 vje\u00e7are t\u00eb pluralizmit nuk do q\u00eb t\u00eb l\u00ebr\u00eb p\u00ebrgjysm\u00eb \u00ebsht\u00eb shum\u00ebfishimi i pasuris\u00eb s\u00eb tij dhe i ministrave. N\u00eb 8 vjet, dokumentet zyrtare tregojn\u00eb se qeveritar\u00ebt e Edi Ram\u00ebs e trefishuan pasurin\u00eb e deklaruar.\u201d<\/em> \u2013 vijoi demokratja n\u00eb deklarat\u00ebn e saj.<\/span><\/p>\n<p><span style=\"color: #000000;\">N\u00eb fund, ish-deputetja tha se qeverisja e Ram\u00ebs do marr\u00eb fund me 25 prill pasi vendit i duhet ndryshim e po k\u00ebshtu shqiptar\u00ebt e k\u00ebrkojn\u00eb at\u00eb.<\/span><\/p>\n<p><span style=\"color: #000000;\"><em>\u201cSa m\u00eb shum\u00eb flet p\u00ebr nj\u00eb mandat t\u00eb tret\u00eb, aq m\u00eb shum\u00eb i g\u00ebnjen shqiptar\u00ebt. Kjo duhet dhe do t\u00eb marr\u00eb fund n\u00eb 25 Prill! Boll m\u00eb me koh\u00eb t\u00eb humbur! Humb\u00ebm 8 vjet t\u00eb \u00e7muar me Edi Ram\u00ebn! Vendit i duhet ndryshim! Shqiptar\u00ebt duan ndryshim! N\u00eb 25 Prill Rama do t\u00eb humbas\u00eb, Shqip\u00ebria do t\u00eb fitoj\u00eb dhe ne do t\u00eb nisim t\u00eb punojm\u00eb p\u00ebr qytetar\u00ebt shqiptar\u00eb!\u201d<\/em> \u2013 mbylli deklarat\u00ebn Vokshi.<\/span><\/p>\n","protected":false,"gt_translate_keys":[{"key":"rendered","format":"html"}]},"excerpt":{"rendered":"<p>Albana Vokshi ka deklaruar sot se kryeministri Rama ka d\u00ebshtuar n\u00eb \u00e7do fush\u00eb e nuk do mundet t\u00eb marr\u00eb nj\u00eb mandat tjet\u00ebr nga qytetar\u00ebt. N\u00eb nj\u00eb deklarat\u00eb nga selia blu, demokratja theksoi se vendi nuk ka njohur zhvillim n\u00eb asnj\u00eb fush\u00eb nd\u00ebrsa ato q\u00eb tregon kreu i qeveris\u00ebvn\u00eb sh\u00ebtitjet e tij propagandistike elektorale jan\u00eb p\u00ebrralla. [&hellip;]<\/p>\n","protected":false,"gt_translate_keys":[{"key":"rendered","format":"html"}]},"author":51,"featured_media":432733,"comment_status":"open","ping_status":"open","sticky":false,"template":"","format":"standard","meta":{"footnotes":""},"categories":[65,13],"tags":[],"class_list":["post-432732","post","type-post","status-publish","format-standard","has-post-thumbnail","hentry","category-lajme","category-te-fundit"],"gt_translate_keys":[{"key":"link","format":"url"}],"_links":{"self":[{"href":"https:\/\/www.hashtag.al\/index.php\/wp-json\/wp\/v2\/posts\/432732","targetHints":{"allow":["GET"]}}],"collection":[{"href":"https:\/\/www.hashtag.al\/index.php\/wp-json\/wp\/v2\/posts"}],"about":[{"href":"https:\/\/www.hashtag.al\/index.php\/wp-json\/wp\/v2\/types\/post"}],"author":[{"embeddable":true,"href":"https:\/\/www.hashtag.al\/index.php\/wp-json\/wp\/v2\/users\/51"}],"replies":[{"embeddable":true,"href":"https:\/\/www.hashtag.al\/index.php\/wp-json\/wp\/v2\/comments?post=432732"}],"version-history":[{"count":0,"href":"https:\/\/www.hashtag.al\/index.php\/wp-json\/wp\/v2\/posts\/432732\/revisions"}],"wp:featuredmedia":[{"embeddable":true,"href":"https:\/\/www.hashtag.al\/index.php\/wp-json\/wp\/v2\/media\/432733"}],"wp:attachment":[{"href":"https:\/\/www.hashtag.al\/index.php\/wp-json\/wp\/v2\/media?parent=432732"}],"wp:term":[{"taxonomy":"category","embeddable":true,"href":"https:\/\/www.hashtag.al\/index.php\/wp-json\/wp\/v2\/categories?post=432732"},{"taxonomy":"post_tag","embeddable":true,"href":"https:\/\/www.hashtag.al\/index.php\/wp-json\/wp\/v2\/tags?post=432732"}],"curies":[{"name":"wp","href":"https:\/\/api.w.org\/{rel}","templated":true}]}}