{"id":432319,"date":"2021-02-24T18:59:28","date_gmt":"2021-02-24T17:59:28","guid":{"rendered":"https:\/\/hashtag.al\/?p=432319"},"modified":"2021-02-24T19:01:00","modified_gmt":"2021-02-24T18:01:00","slug":"komisioneri-publik-kunder-vendimit-te-kpk-se-kerkon-shkarkimin-e-prokurorit-kujtim-luli","status":"publish","type":"post","link":"https:\/\/www.hashtag.al\/index.php\/2021\/02\/24\/komisioneri-publik-kunder-vendimit-te-kpk-se-kerkon-shkarkimin-e-prokurorit-kujtim-luli\/","title":{"rendered":"Komisioneri Publik kund\u00ebr vendimit t\u00eb KPK-s\u00eb, k\u00ebrkon shkarkimin e prokurorit Kujtim Luli","gt_translate_keys":[{"key":"rendered","format":"text"}]},"content":{"rendered":"<p><span style=\"color: #000000;\"><img loading=\"lazy\" decoding=\"async\" class=\"aligncenter size-full wp-image-432320\" src=\"https:\/\/hashtag.al\/wp-content\/uploads\/2021\/02\/kujtim-luli.jpg\" alt=\"\" width=\"780\" height=\"440\" srcset=\"https:\/\/www.hashtag.al\/wp-content\/uploads\/2021\/02\/kujtim-luli.jpg 780w, https:\/\/www.hashtag.al\/wp-content\/uploads\/2021\/02\/kujtim-luli-300x169.jpg 300w, https:\/\/www.hashtag.al\/wp-content\/uploads\/2021\/02\/kujtim-luli-768x433.jpg 768w\" sizes=\"auto, (max-width: 780px) 100vw, 780px\" \/><\/span><\/p>\n<p><span style=\"color: #000000;\">Komisioneri Publik ka ankimuar vendimin e Komisionit t\u00eb Pavarur t\u00eb Kualifikimit i cili konfirmoi n\u00eb detyr\u00eb prokurorin Kujtim Lulin.<\/span><\/p>\n<p><span style=\"color: #000000;\">N\u00eb pretendimin e tij t\u00eb zbardhur n\u00eb njoftim, Komisioneri Publik pretendon se Kujtim Luli nuk arrin nivel t\u00eb besuesh\u00ebm p\u00ebr konfirmimin n\u00eb detyre.<\/span><\/p>\n<p><span style=\"color: #000000;\">P\u00ebr k\u00ebt\u00eb Komisioneri ka k\u00ebrkuar q\u00eb Kolegji i Posa\u00e7\u00ebm i Apelimit t\u00eb shkarkoj\u00eb prokurorin.<\/span><\/p>\n<p><span style=\"color: #000000;\"><strong>Njoftimi:<\/strong><\/span><\/p>\n<p><span style=\"color: #000000;\">Komisioneri Publik, brenda afatit ligjor, ushtroi ankim n\u00eb Kolegjin e Posa\u00e7\u00ebm t\u00eb Apelimit, pran\u00eb Gjykat\u00ebs Kushtetuese, kund\u00ebr vendimit nr. 318, dat\u00eb 3.12.2020, t\u00eb Komisionit t\u00eb Pavarur t\u00eb Kualifikimit, p\u00ebr subjektin e rivler\u00ebsimit, z. Kujtim Luli, me detyr\u00eb prokuror n\u00eb Prokurorin\u00eb e P\u00ebrgjithshme.<\/span><br \/>\n<span style=\"color: #000000;\">Komisioneri Publik, pasi shqyrtoi vendimin e m\u00ebsip\u00ebrm, vler\u00ebson se referuar gjendjes s\u00eb provave dhe fakteve t\u00eb administruara nga Komisioni i Pavarur i Kualifikimit dhe n\u00eb konsiderat\u00eb t\u00eb juridiksionit rivler\u00ebsues t\u00eb Kolegjit t\u00eb Posa\u00e7\u00ebm t\u00eb Apelimit, subjekti i rivler\u00ebsimit, z. Kujtim Luli nuk arrin nivel t\u00eb besuesh\u00ebm p\u00ebr konfirmimin n\u00eb detyr\u00eb.<\/span><\/p>\n<p><span style=\"color: #000000;\">Komisioneri Publik, n\u00ebp\u00ebrmjet k\u00ebtij ankimi, k\u00ebrkon nga Kolegji i Posa\u00e7\u00ebm i Apelimit t\u00eb marr\u00eb n\u00eb shqyrtim \u00e7\u00ebshtjen n\u00eb seanc\u00eb publike dhe, n\u00eb p\u00ebrfundim t\u00eb gjykimit, t\u00eb ndryshoj\u00eb vendimin nr. 318, dat\u00eb 3.12.2020, t\u00eb Komisionit t\u00eb Pavarur t\u00eb Kualifikimit, dhe t\u00eb vendos\u00eb shkarkimin nga detyra t\u00eb subjektit t\u00eb rivler\u00ebsimit, z. Kujtim Luli.<\/span><\/p>\n<p><span style=\"color: #000000;\">Mb\u00ebshtetur n\u00eb pik\u00ebn 1, t\u00eb nenit 16, t\u00eb rregullores s\u00eb Institucionit t\u00eb Komisioner\u00ebve Publik\u00eb, ankimi \u00ebsht\u00eb publikuar n\u00eb faqen zyrtare t\u00eb k\u00ebtij institucioni: <a style=\"color: #000000;\" href=\"http:\/\/ikp.al\/ankime\/\">http:\/\/ikp.al\/ankime\/<\/a><\/span><\/p>\n<p><span style=\"color: #000000;\">Institucioni i Komisioner\u00ebve Publik\u00eb \u00ebsht\u00eb ngritur dhe funksionon n\u00eb baz\u00eb t\u00eb nenit 179\/b dhe aneksit t\u00eb Kushtetut\u00ebs s\u00eb Republik\u00ebs s\u00eb Shqip\u00ebris\u00eb, dhe ligjit nr. 84\/2016, \u201cP\u00ebr rivler\u00ebsimin kalimtar t\u00eb gjyqtar\u00ebve dhe prokuror\u00ebve n\u00eb Republik\u00ebn e Shqip\u00ebris\u00eb\u201d.<\/span><\/p>\n<p><span style=\"color: #000000;\">Komisioner\u00ebt Publik\u00eb p\u00ebrfaq\u00ebsojn\u00eb interesin publik gjat\u00eb procesit t\u00eb rivler\u00ebsimit kalimtar t\u00eb gjyqtar\u00ebve dhe prokuror\u00ebve n\u00eb Republik\u00ebn e Shqip\u00ebris\u00eb<\/span><\/p>\n","protected":false,"gt_translate_keys":[{"key":"rendered","format":"html"}]},"excerpt":{"rendered":"<p>Komisioneri Publik ka ankimuar vendimin e Komisionit t\u00eb Pavarur t\u00eb Kualifikimit i cili konfirmoi n\u00eb detyr\u00eb prokurorin Kujtim Lulin. N\u00eb pretendimin e tij t\u00eb zbardhur n\u00eb njoftim, Komisioneri Publik pretendon se Kujtim Luli nuk arrin nivel t\u00eb besuesh\u00ebm p\u00ebr konfirmimin n\u00eb detyre. P\u00ebr k\u00ebt\u00eb Komisioneri ka k\u00ebrkuar q\u00eb Kolegji i Posa\u00e7\u00ebm i Apelimit t\u00eb shkarkoj\u00eb [&hellip;]<\/p>\n","protected":false,"gt_translate_keys":[{"key":"rendered","format":"html"}]},"author":32,"featured_media":432320,"comment_status":"open","ping_status":"open","sticky":false,"template":"","format":"standard","meta":{"footnotes":""},"categories":[65,13],"tags":[],"class_list":["post-432319","post","type-post","status-publish","format-standard","has-post-thumbnail","hentry","category-lajme","category-te-fundit"],"gt_translate_keys":[{"key":"link","format":"url"}],"_links":{"self":[{"href":"https:\/\/www.hashtag.al\/index.php\/wp-json\/wp\/v2\/posts\/432319","targetHints":{"allow":["GET"]}}],"collection":[{"href":"https:\/\/www.hashtag.al\/index.php\/wp-json\/wp\/v2\/posts"}],"about":[{"href":"https:\/\/www.hashtag.al\/index.php\/wp-json\/wp\/v2\/types\/post"}],"author":[{"embeddable":true,"href":"https:\/\/www.hashtag.al\/index.php\/wp-json\/wp\/v2\/users\/32"}],"replies":[{"embeddable":true,"href":"https:\/\/www.hashtag.al\/index.php\/wp-json\/wp\/v2\/comments?post=432319"}],"version-history":[{"count":0,"href":"https:\/\/www.hashtag.al\/index.php\/wp-json\/wp\/v2\/posts\/432319\/revisions"}],"wp:featuredmedia":[{"embeddable":true,"href":"https:\/\/www.hashtag.al\/index.php\/wp-json\/wp\/v2\/media\/432320"}],"wp:attachment":[{"href":"https:\/\/www.hashtag.al\/index.php\/wp-json\/wp\/v2\/media?parent=432319"}],"wp:term":[{"taxonomy":"category","embeddable":true,"href":"https:\/\/www.hashtag.al\/index.php\/wp-json\/wp\/v2\/categories?post=432319"},{"taxonomy":"post_tag","embeddable":true,"href":"https:\/\/www.hashtag.al\/index.php\/wp-json\/wp\/v2\/tags?post=432319"}],"curies":[{"name":"wp","href":"https:\/\/api.w.org\/{rel}","templated":true}]}}