{"id":432226,"date":"2021-02-24T12:24:54","date_gmt":"2021-02-24T11:24:54","guid":{"rendered":"https:\/\/hashtag.al\/?p=432226"},"modified":"2021-02-24T12:29:49","modified_gmt":"2021-02-24T11:29:49","slug":"basha-ulim-cmimin-e-karburantit-cilesia-e-tij-do-kape-standardet-europiane-brenda-180-ditesh","status":"publish","type":"post","link":"https:\/\/www.hashtag.al\/index.php\/2021\/02\/24\/basha-ulim-cmimin-e-karburantit-cilesia-e-tij-do-kape-standardet-europiane-brenda-180-ditesh\/","title":{"rendered":"Basha: Ulim \u00e7mimin e karburantit, cil\u00ebsia e tij do kap\u00eb standardet europiane brenda 180 dit\u00ebsh","gt_translate_keys":[{"key":"rendered","format":"text"}]},"content":{"rendered":"<p><span style=\"color: #000000;\"><img loading=\"lazy\" decoding=\"async\" class=\"aligncenter size-full wp-image-432234\" src=\"https:\/\/hashtag.al\/wp-content\/uploads\/2021\/02\/basha-11.jpg\" alt=\"\" width=\"900\" height=\"506\" srcset=\"https:\/\/www.hashtag.al\/wp-content\/uploads\/2021\/02\/basha-11.jpg 900w, https:\/\/www.hashtag.al\/wp-content\/uploads\/2021\/02\/basha-11-300x169.jpg 300w, https:\/\/www.hashtag.al\/wp-content\/uploads\/2021\/02\/basha-11-768x432.jpg 768w\" sizes=\"auto, (max-width: 900px) 100vw, 900px\" \/><\/span><\/p>\n<p><span style=\"color: #000000;\">Gjat\u00eb shtjellimit t\u00eb planit ekonomik t\u00eb PD-s\u00eb p\u00ebr energjin\u00eb elektrike e karburantet, Basha tha se qeveria e re do ul\u00eb \u00e7mimin si dhe do rris\u00eb cil\u00ebsin\u00eb e karburantit p\u00ebr qytetar\u00ebt. <\/span><\/p>\n<p><span style=\"color: #000000;\">Kryedemokrati tha se do zbatohen politika fiskale t\u00eb ndryshme nga ato t\u00eb qeveris\u00eb Rama, ku p\u00ebrmendi heqjen e taks\u00ebs prej 240 lek\u00ebsh p\u00ebr lit\u00ebr karburanti.<\/span><\/p>\n<p><span style=\"color: #000000;\"> Po k\u00ebshtu, Basha tha se qeveria e tij do hap\u00eb tregun energjitik duke zhb\u00ebr\u00eb monopolet.<\/span><\/p>\n<p><span style=\"color: #000000;\"><em>\u201cNe do t\u00eb ulim \u00e7mimin dhe do t\u00eb rrisim cil\u00ebsin\u00eb e karburantit p\u00ebr qytetar\u00ebt, p\u00ebrmes politikave fiskale, ku ve\u00e7oj heqjen e taks\u00ebs Rama prej 240 lek\u00eb p\u00ebr lit\u00ebr karburanti dhe duke hapur tregun e duke zhb\u00ebr\u00eb dhe \u00e7montuar monopolet q\u00eb ekzistojn\u00eb sot. Jo vet\u00ebm q\u00eb do t\u00eb kurseni para, po edhe Shqip\u00ebria do t\u00eb jet\u00eb m\u00eb e gjelb\u00ebr, m\u00eb e sh\u00ebndetshme dhe m\u00eb e past\u00ebr. Ne do t\u00eb rrisim sigurin\u00eb e furnizimit me energji n\u00eb vend, p\u00ebrmes investimeve n\u00eb burime energjie t\u00eb gjelbra e t\u00eb pastra.\u201d<\/em> \u2013 tha Basha.<\/span><\/p>\n<p><span style=\"color: #000000;\">Ai shtoi m\u00eb tej se do ket\u00eb nj\u00eb kontroll t\u00eb rrept\u00eb t\u00eb cil\u00ebsis\u00eb s\u00eb karburanteve nd\u00ebrsa theksoi s\u00eb cil\u00ebsia e tij p\u00ebr p\u00ebrdorim industrial apo familjar do arrij\u00eb standardin europian brenda 180 dit\u00ebve t\u00eb para.<\/span><\/p>\n<p><span style=\"color: #000000;\"><em>\u201cKontrolli i rrept\u00eb i cil\u00ebsis\u00eb s\u00eb karburanteve do t\u00eb jet\u00eb nj\u00eb tjet\u00ebr prioritet absolut dhe angazhim i qeveris\u00eb ton\u00eb. Cil\u00ebsia e karburantit p\u00ebr p\u00ebrdorim industrial apo familjar do t\u00eb arrij\u00eb standardin europian brenda 180 dit\u00ebve t\u00eb para t\u00eb qeverisjes son\u00eb.\u201d<\/em> \u2013 shtoi kreu i PD-s\u00eb.<\/span><\/p>\n","protected":false,"gt_translate_keys":[{"key":"rendered","format":"html"}]},"excerpt":{"rendered":"<p>Gjat\u00eb shtjellimit t\u00eb planit ekonomik t\u00eb PD-s\u00eb p\u00ebr energjin\u00eb elektrike e karburantet, Basha tha se qeveria e re do ul\u00eb \u00e7mimin si dhe do rris\u00eb cil\u00ebsin\u00eb e karburantit p\u00ebr qytetar\u00ebt. Kryedemokrati tha se do zbatohen politika fiskale t\u00eb ndryshme nga ato t\u00eb qeveris\u00eb Rama, ku p\u00ebrmendi heqjen e taks\u00ebs prej 240 lek\u00ebsh p\u00ebr lit\u00ebr karburanti. [&hellip;]<\/p>\n","protected":false,"gt_translate_keys":[{"key":"rendered","format":"html"}]},"author":51,"featured_media":432234,"comment_status":"open","ping_status":"open","sticky":false,"template":"","format":"standard","meta":{"footnotes":""},"categories":[65,13],"tags":[],"class_list":["post-432226","post","type-post","status-publish","format-standard","has-post-thumbnail","hentry","category-lajme","category-te-fundit"],"gt_translate_keys":[{"key":"link","format":"url"}],"_links":{"self":[{"href":"https:\/\/www.hashtag.al\/index.php\/wp-json\/wp\/v2\/posts\/432226","targetHints":{"allow":["GET"]}}],"collection":[{"href":"https:\/\/www.hashtag.al\/index.php\/wp-json\/wp\/v2\/posts"}],"about":[{"href":"https:\/\/www.hashtag.al\/index.php\/wp-json\/wp\/v2\/types\/post"}],"author":[{"embeddable":true,"href":"https:\/\/www.hashtag.al\/index.php\/wp-json\/wp\/v2\/users\/51"}],"replies":[{"embeddable":true,"href":"https:\/\/www.hashtag.al\/index.php\/wp-json\/wp\/v2\/comments?post=432226"}],"version-history":[{"count":0,"href":"https:\/\/www.hashtag.al\/index.php\/wp-json\/wp\/v2\/posts\/432226\/revisions"}],"wp:featuredmedia":[{"embeddable":true,"href":"https:\/\/www.hashtag.al\/index.php\/wp-json\/wp\/v2\/media\/432234"}],"wp:attachment":[{"href":"https:\/\/www.hashtag.al\/index.php\/wp-json\/wp\/v2\/media?parent=432226"}],"wp:term":[{"taxonomy":"category","embeddable":true,"href":"https:\/\/www.hashtag.al\/index.php\/wp-json\/wp\/v2\/categories?post=432226"},{"taxonomy":"post_tag","embeddable":true,"href":"https:\/\/www.hashtag.al\/index.php\/wp-json\/wp\/v2\/tags?post=432226"}],"curies":[{"name":"wp","href":"https:\/\/api.w.org\/{rel}","templated":true}]}}