{"id":432111,"date":"2021-02-23T22:54:15","date_gmt":"2021-02-23T21:54:15","guid":{"rendered":"https:\/\/hashtag.al\/?p=432111"},"modified":"2021-02-23T22:54:15","modified_gmt":"2021-02-23T21:54:15","slug":"fushatat-negative","status":"publish","type":"post","link":"https:\/\/www.hashtag.al\/index.php\/2021\/02\/23\/fushatat-negative\/","title":{"rendered":"Fushatat Negative!","gt_translate_keys":[{"key":"rendered","format":"text"}]},"content":{"rendered":"<p><span style=\"color: #000000;\"><strong><em><img loading=\"lazy\" decoding=\"async\" class=\"aligncenter size-full wp-image-288265\" src=\"https:\/\/hashtag.al\/wp-content\/uploads\/2019\/04\/irenabeqiraj-e1610551808479.jpg\" alt=\"\" width=\"738\" height=\"392\" \/><\/em><\/strong><\/span><\/p>\n<p><span style=\"color: #000000;\"><strong><em>Nga Irena Beqiraj<\/em><\/strong><\/span><\/p>\n<p><span style=\"color: #000000;\">Pionier\u00ebt e fushatave negative politike, jan\u00eb cil\u00ebsuar John Adams dhe Thomas Jefferson, n\u00eb gar\u00ebn p\u00ebr President, n\u00eb vitin 1797. M\u00eb par\u00eb, nj\u00ebri President dhe tjetri Z\u00ebvend\u00ebspresident, bashk\u00ebpunuan vrullsh\u00ebm p\u00ebr shpalljen e Pavar\u00ebsis\u00eb s\u00eb Amerik\u00ebs dhe si t\u00eb till\u00eb, kishin shfaqur ve\u00e7 vler\u00ebsim dhe respekt p\u00ebr nj\u00ebri-tjetrin. Por n\u00eb vitin 1800, politika i distancoi. Kerwin Stint n\u00eb artikullin \u201cEt\u00ebrit themelues t\u00eb fushatave negative\u201d p\u00ebrshkruan: \u201cKampi i Jeffersonit akuzoi Presidentin Adams se kishte nj\u00eb karakter hermafroditik t\u00eb sh\u00ebmtuar, i cili nuk ka as forc\u00ebn dhe q\u00ebndrueshm\u00ebrin\u00eb e nj\u00eb burri, as but\u00ebsin\u00eb dhe ndjeshm\u00ebrin\u00eb e nj\u00eb gruaje. N\u00eb kthim, njer\u00ebzit e Admas e quajt\u00ebn Z\u00ebvend\u00ebspresidentin Xheferson \u201cgjarprin e nj\u00eb indiani gjysm\u00eb-race, i lindur nga nj\u00eb baba mulat nga Virgjinia. Nd\u00ebrsa akuzat p\u00ebrparonin, Adams u etiketua si budalla, hipokrit, kriminel dhe tiran, nd\u00ebrsa Xheferson u shpall i dob\u00ebt, ateist, libertin\u00eb dhe frikacak\u201d.<\/span><\/p>\n<p><span style=\"color: #000000;\">T\u00eb p\u00ebrbuzura, por t\u00eb ndjekura, t\u00eb kritikuara, por t\u00eb justifikuara, \u00e7udit\u00ebrisht m\u00eb shum\u00eb t\u00eb d\u00ebnuara me nj\u00eb keqardhje t\u00eb rreme, nga aktor\u00ebt e tyre, akuzat edhe sharjet nuk sosin.<\/span><\/p>\n<p><span style=\"color: #000000;\">Akuzat politike jan\u00eb pjes\u00eb e \u201carg\u00ebtimit popullor\u201d, sikur ishin ndeshjet me gladiator\u00eb n\u00eb Rom\u00ebn e lasht\u00eb. Forca e gladiator\u00ebve politik\u00eb t\u00eb sot\u00ebm, nuk \u00ebsht\u00eb fizike. Ajo \u00ebsht\u00eb m\u00eb s\u00eb shumti, fuqi oratorie p\u00ebr t\u00eb lart\u00ebsuar veten, duke shar\u00eb e akuzuar pal\u00ebn tjet\u00ebr. Ky shfaqje edhe pse me z\u00eb t\u00eb lart\u00eb, etiketohet si i sh\u00ebmtuar, arg\u00ebton, shet, merr m\u00eb shum\u00eb klikime krahasuar me \u00e7do ngjarje tjet\u00ebr.<\/span><\/p>\n<p><span style=\"color: #000000;\">T\u00eb prekur nga sindroma Hubris, politikaneve kjo shfaqje u vjen natyrsh\u00ebm. Hubris \u00ebsht\u00eb nj\u00eb koktej i rreziksh\u00ebm i vet\u00ebbesimit, arroganc\u00ebs dhe krenaris\u00eb q\u00eb ushqehet nga fuqia dhe suksesi i gjat\u00eb n\u00eb politik\u00eb. Polikan\u00ebt e shfaqin hapur fuqin\u00eb p\u00ebr vet\u00eb-lavd\u00ebrim; kan\u00eb nj\u00eb fokus pothuajse obsesiv n\u00eb imazhin personal; karakterizohen nga vet\u00ebbesimi i tepruar, i shoq\u00ebruar nga p\u00ebrbuzja p\u00ebr k\u00ebshilla ose kritika; kan\u00eb humbur kontaktin me realitetin; shpesh e m\u00eb shpesh flasin si Mesia i ardhur n\u00eb tok\u00eb, mbizot\u00ebrimi suprem i ka \u00e7uar n\u00eb mosp\u00ebrfillje ndaj detajeve.<\/span><\/p>\n<p><span style=\"color: #000000;\">T\u00eb prekur nga nj\u00eb sindrom\u00eb e till\u00eb edhe pse politikan\u00eb t\u00eb nj\u00eb vendi t\u00eb vog\u00ebl dhe t\u00eb varf\u00ebr, ata nuk mund t\u00eb jen\u00eb modest\u00eb, t\u00eb p\u00ebrulur, t\u00eb urt\u00eb e t\u00eb men\u00e7ur dhe si t\u00eb till\u00eb, fatkeq\u00ebsisht, shum\u00eb rrall\u00eb i gjen t\u00eb p\u00ebrfshir\u00eb n\u00eb debat idesh. Debati i ideve k\u00ebrkon si parakusht t\u00eb kesh njohuri dhe s\u00eb dyti, t\u00eb pranosh relativitetin e tyre.<\/span><\/p>\n<p><span style=\"color: #000000;\">Nd\u00ebrkoh\u00eb, koha e gjat\u00eb n\u00eb politik\u00eb, ka p\u00ebrsosur aft\u00ebsit\u00eb e tyre p\u00ebr t\u00eb kuptuar \u00e7far\u00eb i t\u00ebrheq spektator\u00ebt e aren\u00ebs s\u00eb tyre t\u00eb luft\u00ebs. Akuzat, sharjet jan\u00eb simbolet m\u00eb supreme t\u00eb transmetimit t\u00eb t\u00eb keqes dhe si t\u00eb tilla p\u00ebrhapen leht\u00ebsisht, sepse ne human\u00ebt karakterizohemi nga instikiti i negativitetit. T\u00ebrhiqemi m\u00eb shum\u00eb prej lajmit t\u00eb keq. Aktor\u00ebt politik\u00eb din\u00eb q\u00eb truri i votuesit funksionon duke ndjer\u00eb dhe jo domosdoshm\u00ebrisht duke menduar. Akuza, sharja, vet\u00eb-mburrja, jan\u00eb katalizator\u00ebt m\u00eb t\u00eb mir\u00eb t\u00eb ndjesive. Idet\u00eb, jan\u00eb katalizator\u00ebt e mendimit kritik, i cili fatkeq\u00ebsisht nuk arg\u00ebton.<\/span><\/p>\n<p><span style=\"color: #000000;\">P\u00ebr k\u00ebt\u00eb arsye debati i ideve si i vetmi katalizator zhvillimi ka qen\u00eb dhe do t\u00eb mbetet nj\u00eb shfaqje e pad\u00ebshiruar. Ne do vazhdojm\u00eb te gajasemi, t\u00eb shikojm\u00eb, t\u00eb analizojm\u00eb maskaraden q\u00eb i b\u00ebjn\u00eb liderat e vjet\u00ebr, t\u00eb sot\u00ebm, edhe ato potenciale njeri tjetrit!<\/span><\/p>\n<p><span style=\"color: #000000;\">Oh sa po k\u00ebnaqemi!<\/span><\/p>\n","protected":false,"gt_translate_keys":[{"key":"rendered","format":"html"}]},"excerpt":{"rendered":"<p>Nga Irena Beqiraj Pionier\u00ebt e fushatave negative politike, jan\u00eb cil\u00ebsuar John Adams dhe Thomas Jefferson, n\u00eb gar\u00ebn p\u00ebr President, n\u00eb vitin 1797. M\u00eb par\u00eb, nj\u00ebri President dhe tjetri Z\u00ebvend\u00ebspresident, bashk\u00ebpunuan vrullsh\u00ebm p\u00ebr shpalljen e Pavar\u00ebsis\u00eb s\u00eb Amerik\u00ebs dhe si t\u00eb till\u00eb, kishin shfaqur ve\u00e7 vler\u00ebsim dhe respekt p\u00ebr nj\u00ebri-tjetrin. Por n\u00eb vitin 1800, politika i [&hellip;]<\/p>\n","protected":false,"gt_translate_keys":[{"key":"rendered","format":"html"}]},"author":32,"featured_media":288265,"comment_status":"open","ping_status":"open","sticky":false,"template":"","format":"standard","meta":{"footnotes":""},"categories":[23,13],"tags":[],"class_list":["post-432111","post","type-post","status-publish","format-standard","has-post-thumbnail","hentry","category-editorial","category-te-fundit"],"gt_translate_keys":[{"key":"link","format":"url"}],"_links":{"self":[{"href":"https:\/\/www.hashtag.al\/index.php\/wp-json\/wp\/v2\/posts\/432111","targetHints":{"allow":["GET"]}}],"collection":[{"href":"https:\/\/www.hashtag.al\/index.php\/wp-json\/wp\/v2\/posts"}],"about":[{"href":"https:\/\/www.hashtag.al\/index.php\/wp-json\/wp\/v2\/types\/post"}],"author":[{"embeddable":true,"href":"https:\/\/www.hashtag.al\/index.php\/wp-json\/wp\/v2\/users\/32"}],"replies":[{"embeddable":true,"href":"https:\/\/www.hashtag.al\/index.php\/wp-json\/wp\/v2\/comments?post=432111"}],"version-history":[{"count":0,"href":"https:\/\/www.hashtag.al\/index.php\/wp-json\/wp\/v2\/posts\/432111\/revisions"}],"wp:featuredmedia":[{"embeddable":true,"href":"https:\/\/www.hashtag.al\/index.php\/wp-json\/wp\/v2\/media\/288265"}],"wp:attachment":[{"href":"https:\/\/www.hashtag.al\/index.php\/wp-json\/wp\/v2\/media?parent=432111"}],"wp:term":[{"taxonomy":"category","embeddable":true,"href":"https:\/\/www.hashtag.al\/index.php\/wp-json\/wp\/v2\/categories?post=432111"},{"taxonomy":"post_tag","embeddable":true,"href":"https:\/\/www.hashtag.al\/index.php\/wp-json\/wp\/v2\/tags?post=432111"}],"curies":[{"name":"wp","href":"https:\/\/api.w.org\/{rel}","templated":true}]}}