{"id":432092,"date":"2021-02-23T20:51:54","date_gmt":"2021-02-23T19:51:54","guid":{"rendered":"https:\/\/hashtag.al\/?p=432092"},"modified":"2021-02-23T20:51:54","modified_gmt":"2021-02-23T19:51:54","slug":"te-shtenat-me-arme-ne-durres-plagosen-nene-e-bir-dyshohet-per-vendin-e-parkimit","status":"publish","type":"post","link":"https:\/\/www.hashtag.al\/index.php\/2021\/02\/23\/te-shtenat-me-arme-ne-durres-plagosen-nene-e-bir-dyshohet-per-vendin-e-parkimit\/","title":{"rendered":"T\u00eb sht\u00ebnat me arm\u00eb n\u00eb Durr\u00ebs, plagosen n\u00ebn\u00eb e bir, dyshohet p\u00ebr vendin e parkimit","gt_translate_keys":[{"key":"rendered","format":"text"}]},"content":{"rendered":"<p><span style=\"color: #000000;\"><img loading=\"lazy\" decoding=\"async\" class=\"aligncenter size-full wp-image-336055\" src=\"https:\/\/hashtag.al\/wp-content\/uploads\/2019\/11\/plagosje.jpg\" alt=\"\" width=\"941\" height=\"535\" srcset=\"https:\/\/www.hashtag.al\/wp-content\/uploads\/2019\/11\/plagosje.jpg 941w, https:\/\/www.hashtag.al\/wp-content\/uploads\/2019\/11\/plagosje-300x171.jpg 300w, https:\/\/www.hashtag.al\/wp-content\/uploads\/2019\/11\/plagosje-768x437.jpg 768w\" sizes=\"auto, (max-width: 941px) 100vw, 941px\" \/><\/span><\/p>\n<p><span style=\"color: #000000;\">Policia e Shtetit ka dh\u00ebn\u00eb informacione lidhur me ngjarjen e ndodhur n\u00eb Durr\u00ebs ku pati t\u00eb sht\u00ebna.<\/span><\/p>\n<p><span style=\"color: #000000;\">Nj\u00eb 45-vje\u00e7ar me iniciale J.Z pas nj\u00eb konflikti t\u00eb \u00e7astit me sende t\u00eb forta p\u00ebr vendet e parkimit ka nxjerr\u00eb arm\u00ebn me t\u00eb cil\u00ebn ka q\u00eblluan n\u00eb k\u00ebmb\u00eb shtetasin F.\u00c7 23 vje\u00e7.<\/span><\/p>\n<p><span style=\"color: #000000;\">Nga t\u00eb sht\u00ebnat \u00ebsht\u00eb plagosur edhe shtetasja V.\u00c7 45-vje\u00e7e e \u00ebma e e 23-vje\u00e7arit.<\/span><\/p>\n<p><span style=\"color: #000000;\">T\u00eb plagosurit jan\u00eb d\u00ebrguar n\u00eb spital jasht\u00eb rrezikut p\u00ebr jet\u00ebn.<\/span><\/p>\n<p><span style=\"color: #000000;\">\u201c<em>M\u00eb dat\u00eb 23.02.2021, rreth or\u00ebs 20:10, n\u00eb lagjen nr.12, Durr\u00ebs, dyshohet se pas nj\u00eb konflikti t\u00eb \u00e7astit p\u00ebr motive t\u00eb dob\u00ebta (p\u00ebr vende parkimi), fillimisht me sende t\u00eb forta,\u00a0 shtetasi J.Z., rreth 45 vje\u00e7, ka plagosur\u00a0 me arm\u00eb zjarri n\u00eb k\u00ebmb\u00eb shtetasin F. \u00c7., rreth 23 vje\u00e7.<\/em><\/span><\/p>\n<p><span style=\"color: #000000;\"><em>Si pasoj\u00eb e t\u00eb sht\u00ebnave \u00ebsht\u00eb plagosur n\u00eb k\u00ebmb\u00eb dhe\u00a0 shtet\u00ebsja V. \u00c7., rreth 45 vje\u00e7e, ( e \u00ebma e shtetasit F. \u00c7.,),\u00a0 e cila ndodhej n\u00eb momentin e konfliktit dhe \u00ebsht\u00eb d\u00ebrguar n\u00eb spital nga sh\u00ebrbimet e Policis\u00eb dhe ndodhet bashk\u00eb me djalin\u00a0 n\u00ebn kujdesin e mjek\u00ebve, jasht\u00eb rrezikut p\u00ebr jet\u00ebn.<\/em><\/span><\/p>\n<p><span style=\"color: #000000;\"><em>\u00a0Autori i dyshuar shtetasi Z. J., \u00ebsht\u00eb shoq\u00ebruar menj\u00ebher\u00eb n\u00eb ambientet e Policis\u00eb Durr\u00ebs p\u00ebr veprime t\u00eb m\u00ebtejshme.<\/em><\/span><\/p>\n<p><span style=\"color: #000000;\"><em>Grupi hetimor ndodhet n\u00eb vendngjarje dhe po punon p\u00ebr zbardhjen e rrethanave t\u00eb ngjarjes\u201d-<\/em>thuhet n\u00eb njoftimin e policis\u00eb.<\/span><\/p>\n","protected":false,"gt_translate_keys":[{"key":"rendered","format":"html"}]},"excerpt":{"rendered":"<p>Policia e Shtetit ka dh\u00ebn\u00eb informacione lidhur me ngjarjen e ndodhur n\u00eb Durr\u00ebs ku pati t\u00eb sht\u00ebna. Nj\u00eb 45-vje\u00e7ar me iniciale J.Z pas nj\u00eb konflikti t\u00eb \u00e7astit me sende t\u00eb forta p\u00ebr vendet e parkimit ka nxjerr\u00eb arm\u00ebn me t\u00eb cil\u00ebn ka q\u00eblluan n\u00eb k\u00ebmb\u00eb shtetasin F.\u00c7 23 vje\u00e7. Nga t\u00eb sht\u00ebnat \u00ebsht\u00eb plagosur edhe [&hellip;]<\/p>\n","protected":false,"gt_translate_keys":[{"key":"rendered","format":"html"}]},"author":32,"featured_media":336055,"comment_status":"open","ping_status":"open","sticky":false,"template":"","format":"standard","meta":{"footnotes":""},"categories":[65,13],"tags":[],"class_list":["post-432092","post","type-post","status-publish","format-standard","has-post-thumbnail","hentry","category-lajme","category-te-fundit"],"gt_translate_keys":[{"key":"link","format":"url"}],"_links":{"self":[{"href":"https:\/\/www.hashtag.al\/index.php\/wp-json\/wp\/v2\/posts\/432092","targetHints":{"allow":["GET"]}}],"collection":[{"href":"https:\/\/www.hashtag.al\/index.php\/wp-json\/wp\/v2\/posts"}],"about":[{"href":"https:\/\/www.hashtag.al\/index.php\/wp-json\/wp\/v2\/types\/post"}],"author":[{"embeddable":true,"href":"https:\/\/www.hashtag.al\/index.php\/wp-json\/wp\/v2\/users\/32"}],"replies":[{"embeddable":true,"href":"https:\/\/www.hashtag.al\/index.php\/wp-json\/wp\/v2\/comments?post=432092"}],"version-history":[{"count":0,"href":"https:\/\/www.hashtag.al\/index.php\/wp-json\/wp\/v2\/posts\/432092\/revisions"}],"wp:featuredmedia":[{"embeddable":true,"href":"https:\/\/www.hashtag.al\/index.php\/wp-json\/wp\/v2\/media\/336055"}],"wp:attachment":[{"href":"https:\/\/www.hashtag.al\/index.php\/wp-json\/wp\/v2\/media?parent=432092"}],"wp:term":[{"taxonomy":"category","embeddable":true,"href":"https:\/\/www.hashtag.al\/index.php\/wp-json\/wp\/v2\/categories?post=432092"},{"taxonomy":"post_tag","embeddable":true,"href":"https:\/\/www.hashtag.al\/index.php\/wp-json\/wp\/v2\/tags?post=432092"}],"curies":[{"name":"wp","href":"https:\/\/api.w.org\/{rel}","templated":true}]}}