{"id":432090,"date":"2021-02-23T20:26:03","date_gmt":"2021-02-23T19:26:03","guid":{"rendered":"https:\/\/hashtag.al\/?p=432090"},"modified":"2021-02-23T20:26:03","modified_gmt":"2021-02-23T19:26:03","slug":"te-shtena-me-arme-ne-durres-plagoset-nje-person-2","status":"publish","type":"post","link":"https:\/\/www.hashtag.al\/index.php\/2021\/02\/23\/te-shtena-me-arme-ne-durres-plagoset-nje-person-2\/","title":{"rendered":"T\u00eb sht\u00ebna me arm\u00eb n\u00eb Durr\u00ebs, plagoset nj\u00eb person","gt_translate_keys":[{"key":"rendered","format":"text"}]},"content":{"rendered":"<p><span style=\"color: #000000;\"><img loading=\"lazy\" decoding=\"async\" class=\"aligncenter size-full wp-image-266901\" src=\"https:\/\/hashtag.al\/wp-content\/uploads\/2019\/01\/policia-naten.jpg\" alt=\"\" width=\"633\" height=\"347\" srcset=\"https:\/\/www.hashtag.al\/wp-content\/uploads\/2019\/01\/policia-naten.jpg 633w, https:\/\/www.hashtag.al\/wp-content\/uploads\/2019\/01\/policia-naten-300x164.jpg 300w\" sizes=\"auto, (max-width: 633px) 100vw, 633px\" \/><\/span><\/p>\n<p><span style=\"color: #000000;\">T\u00eb sht\u00ebna me arm\u00eb jan\u00eb regjistruar n\u00eb Durr\u00ebs mbr\u00ebmjen e sotme.<\/span><\/p>\n<p><span style=\"color: #000000;\">Nga plumbat ka mbetur i plagosur nj\u00eb person.<\/span><\/p>\n<p><span style=\"color: #000000;\">Ngjara ka ndodhur n\u00eb lagjen 12 t\u00eb qytetit bregdetar.<\/span><\/p>\n<p><span style=\"color: #000000;\">Deri m\u00eb tani nuk dihen t\u00eb dh\u00ebnat se kush ka mbetur i plagosur dhe autor\u00ebsia krimit.<\/span><\/p>\n","protected":false,"gt_translate_keys":[{"key":"rendered","format":"html"}]},"excerpt":{"rendered":"<p>T\u00eb sht\u00ebna me arm\u00eb jan\u00eb regjistruar n\u00eb Durr\u00ebs mbr\u00ebmjen e sotme. Nga plumbat ka mbetur i plagosur nj\u00eb person. Ngjara ka ndodhur n\u00eb lagjen 12 t\u00eb qytetit bregdetar. Deri m\u00eb tani nuk dihen t\u00eb dh\u00ebnat se kush ka mbetur i plagosur dhe autor\u00ebsia krimit.<\/p>\n","protected":false,"gt_translate_keys":[{"key":"rendered","format":"html"}]},"author":32,"featured_media":266901,"comment_status":"open","ping_status":"open","sticky":false,"template":"","format":"standard","meta":{"footnotes":""},"categories":[65,13],"tags":[],"class_list":["post-432090","post","type-post","status-publish","format-standard","has-post-thumbnail","hentry","category-lajme","category-te-fundit"],"gt_translate_keys":[{"key":"link","format":"url"}],"_links":{"self":[{"href":"https:\/\/www.hashtag.al\/index.php\/wp-json\/wp\/v2\/posts\/432090","targetHints":{"allow":["GET"]}}],"collection":[{"href":"https:\/\/www.hashtag.al\/index.php\/wp-json\/wp\/v2\/posts"}],"about":[{"href":"https:\/\/www.hashtag.al\/index.php\/wp-json\/wp\/v2\/types\/post"}],"author":[{"embeddable":true,"href":"https:\/\/www.hashtag.al\/index.php\/wp-json\/wp\/v2\/users\/32"}],"replies":[{"embeddable":true,"href":"https:\/\/www.hashtag.al\/index.php\/wp-json\/wp\/v2\/comments?post=432090"}],"version-history":[{"count":0,"href":"https:\/\/www.hashtag.al\/index.php\/wp-json\/wp\/v2\/posts\/432090\/revisions"}],"wp:featuredmedia":[{"embeddable":true,"href":"https:\/\/www.hashtag.al\/index.php\/wp-json\/wp\/v2\/media\/266901"}],"wp:attachment":[{"href":"https:\/\/www.hashtag.al\/index.php\/wp-json\/wp\/v2\/media?parent=432090"}],"wp:term":[{"taxonomy":"category","embeddable":true,"href":"https:\/\/www.hashtag.al\/index.php\/wp-json\/wp\/v2\/categories?post=432090"},{"taxonomy":"post_tag","embeddable":true,"href":"https:\/\/www.hashtag.al\/index.php\/wp-json\/wp\/v2\/tags?post=432090"}],"curies":[{"name":"wp","href":"https:\/\/api.w.org\/{rel}","templated":true}]}}