{"id":432004,"date":"2021-02-23T14:16:14","date_gmt":"2021-02-23T13:16:14","guid":{"rendered":"https:\/\/hashtag.al\/?p=432004"},"modified":"2021-02-23T14:19:09","modified_gmt":"2021-02-23T13:19:09","slug":"lsi-padit-ne-spak-kryebashkiakun-e-vores-gentian-picari","status":"publish","type":"post","link":"https:\/\/www.hashtag.al\/index.php\/2021\/02\/23\/lsi-padit-ne-spak-kryebashkiakun-e-vores-gentian-picari\/","title":{"rendered":"LSI padit n\u00eb SPAK kryebashkiakun e Vor\u00ebs, Gentian Picari","gt_translate_keys":[{"key":"rendered","format":"text"}]},"content":{"rendered":"<p><span style=\"color: #000000;\"><img loading=\"lazy\" decoding=\"async\" class=\"aligncenter size-full wp-image-432005\" src=\"https:\/\/hashtag.al\/wp-content\/uploads\/2021\/02\/bregupicari.jpg\" alt=\"\" width=\"2000\" height=\"1000\" srcset=\"https:\/\/www.hashtag.al\/wp-content\/uploads\/2021\/02\/bregupicari.jpg 2000w, https:\/\/www.hashtag.al\/wp-content\/uploads\/2021\/02\/bregupicari-300x150.jpg 300w, https:\/\/www.hashtag.al\/wp-content\/uploads\/2021\/02\/bregupicari-768x384.jpg 768w, https:\/\/www.hashtag.al\/wp-content\/uploads\/2021\/02\/bregupicari-1024x512.jpg 1024w\" sizes=\"auto, (max-width: 2000px) 100vw, 2000px\" \/><\/span><\/p>\n<p><span style=\"color: #000000;\">LSI ka paditur n\u00eb SPAK kryebashkiakun e Vor\u00ebs, Gentian Picari. Padia \u00ebsht\u00eb dor\u00ebzuar nga koordinatori i k\u00ebsaj force politike, Vojo Bregu. <\/span><\/p>\n<p><span style=\"color: #000000;\">LSI e akuzon Picarin se ka lejuar \u2018krijimin e nj\u00eb grupi krimial\u2019 me q\u00ebllim \u2018tjet\u00ebrsimin e vot\u00ebs s\u00eb qytetar\u00ebve n\u00eb zgjedhjet e 25 prillit, p\u00ebrmes falsifikimeve\u2019. <\/span><\/p>\n<p><span style=\"color: #000000;\">P\u00ebrfaq\u00ebsuesi i LSI-s\u00eb tha se Picari ka pun\u00ebsuar 70 persona duke ndryshuar struktur\u00ebn e bashkis\u00eb, mes t\u00eb cil\u00ebve edhe persona me rekorde kriminale p\u00ebr t\u2019i p\u00ebrdorur ata p\u00ebr zgjedhjet e ardhshme.<\/span><\/p>\n<p><span style=\"color: #000000;\"><em>\u201cSot kemi depozituar n\u00eb SPAK nj\u00eb kall\u00ebzim penal, n\u00eb ngarkim t\u00eb kryetarit t\u00eb bashkis\u00eb Vore si dhe disa shtetasve me detyra drejtuese n\u00eb k\u00ebt\u00eb bashki. K\u00ebta shtetas, dyshohet se kan\u00eb kryer disa vepra penale, si\u00e7 jan\u00eb korrupsioni aktiv p\u00ebr blerjen e vot\u00ebs dhe shp\u00ebrdorimi i detyr\u00ebs, n\u00eb form\u00ebn e grupit t\u00eb strukturuar kriminal. Q\u00ebllimi kryesor i k\u00ebtij grupi kriminal \u00ebsht\u00eb tjet\u00ebrsimi i vot\u00ebs s\u00eb banor\u00ebve t\u00eb bashkis\u00eb Vor\u00eb dhe m\u00eb konkretisht, m\u00eb an\u00eb t\u00eb falsifikimeve t\u00eb formulareve, si dhe akteve t\u00eb verifikimit si dhe ato te\u00eb rivler\u00ebsimit lidhur me d\u00ebmet e shkaktuara nga t\u00ebrmeti. Veprime qe\u00eb nuk jan\u00eb as m\u00eb pak as me\u00eb shum\u00eb nj\u00eb tentativ\u00eb e past\u00ebr p\u00ebr blerje vote me an\u00eb t\u00eb dh\u00ebnies s\u00eb pron\u00ebs publike me qera n\u00eb kund\u00ebrshtim me ligjin dhe me vendimet e KQZ-s\u00eb dhe s\u00eb fundmi me ndryshimin e struktur\u00ebs, q\u00eb pavar\u00ebsisht se \u00ebsht\u00eb bashkia me borxhin n\u00eb nivelin m\u00eb t\u00eb lart\u00eb n\u00eb Shqip\u00ebri, rreth 226 p\u00ebrqind, ka shtuar rreth 70 punonj\u00ebs, nd\u00ebrmjet k\u00ebtyre dhe persona me rekorde kriminale, me q\u00ebllimin e vet\u00ebm p\u00ebrdorimin e vot\u00ebs s\u00eb tyre dhe familjar\u00ebve n\u00eb zgjedhjet e 25 prillit.\u201d<\/em> \u2013 tha Bregu.<\/span><\/p>\n<p><span style=\"color: #000000;\">Ai shtoi m\u00eb tej se denoncimet e LSI-s\u00eb, q\u00eb jan\u00eb t\u00eb mb\u00ebshtetur n\u00eb prova e fakte, jan\u00eb nj\u00eb mund\u00ebsi m\u00eb shum\u00eb p\u00ebr SPAK-un e organet e drejt\u00ebsis\u00eb q\u00eb t\u00eb d\u00ebshmojn\u00eb se jan\u00eb n\u00eb mbrojtje e sh\u00ebrbim t\u00eb qytetar\u00ebve e jo arm\u00eb n\u00eb duart e mazhoranc\u00ebs.<\/span><\/p>\n<p><span style=\"color: #000000;\"><em>\u201cDuke qen\u00eb se SPAK \u00ebsht\u00eb nj\u00eb nga organet ligjzbatuese t\u00eb dala nga reforma n\u00eb drejt\u00ebsi, un\u00eb jam i bindur se denoncimet tona si ky rast i sot\u00ebm, q\u00eb jan\u00eb t\u00eb mb\u00ebshtetur n\u00eb prova dhe fakte konkrete, jan\u00eb nj\u00eb mund\u00ebsi m\u00eb shum\u00eb p\u00ebr SPAK-un dhe gjith\u00eb organet e drejt\u00ebsis\u00eb t\u00eb d\u00ebshmojn\u00eb se jan\u00eb n\u00eb mbrojtje dhe sh\u00ebrbim t\u00eb t\u00eb gjith\u00eb qytetar\u00ebve shqiptar\u00eb dhe jo nj\u00eb arm\u00eb n\u00eb duart e mazhoranc\u00ebs, q\u00eb qartazi me llojin dhe karakterin e denoncimeve t\u00eb saj po tenton t\u00eb p\u00ebrdor\u00eb SPAK-un dhe drejt\u00ebsin\u00eb n\u00eb p\u00ebrgjith\u00ebsi p\u00ebr gjueti shtrigash dhe eliminim t\u00eb kund\u00ebrshtar\u00ebve politik\u00eb para zgjedhjeve.\u201d<\/em> &#8211; shtoi Bregu.<\/span><\/p>\n","protected":false,"gt_translate_keys":[{"key":"rendered","format":"html"}]},"excerpt":{"rendered":"<p>LSI ka paditur n\u00eb SPAK kryebashkiakun e Vor\u00ebs, Gentian Picari. Padia \u00ebsht\u00eb dor\u00ebzuar nga koordinatori i k\u00ebsaj force politike, Vojo Bregu. LSI e akuzon Picarin se ka lejuar \u2018krijimin e nj\u00eb grupi krimial\u2019 me q\u00ebllim \u2018tjet\u00ebrsimin e vot\u00ebs s\u00eb qytetar\u00ebve n\u00eb zgjedhjet e 25 prillit, p\u00ebrmes falsifikimeve\u2019. P\u00ebrfaq\u00ebsuesi i LSI-s\u00eb tha se Picari ka pun\u00ebsuar [&hellip;]<\/p>\n","protected":false,"gt_translate_keys":[{"key":"rendered","format":"html"}]},"author":51,"featured_media":432005,"comment_status":"open","ping_status":"open","sticky":false,"template":"","format":"standard","meta":{"footnotes":""},"categories":[65,13],"tags":[],"class_list":["post-432004","post","type-post","status-publish","format-standard","has-post-thumbnail","hentry","category-lajme","category-te-fundit"],"gt_translate_keys":[{"key":"link","format":"url"}],"_links":{"self":[{"href":"https:\/\/www.hashtag.al\/index.php\/wp-json\/wp\/v2\/posts\/432004","targetHints":{"allow":["GET"]}}],"collection":[{"href":"https:\/\/www.hashtag.al\/index.php\/wp-json\/wp\/v2\/posts"}],"about":[{"href":"https:\/\/www.hashtag.al\/index.php\/wp-json\/wp\/v2\/types\/post"}],"author":[{"embeddable":true,"href":"https:\/\/www.hashtag.al\/index.php\/wp-json\/wp\/v2\/users\/51"}],"replies":[{"embeddable":true,"href":"https:\/\/www.hashtag.al\/index.php\/wp-json\/wp\/v2\/comments?post=432004"}],"version-history":[{"count":0,"href":"https:\/\/www.hashtag.al\/index.php\/wp-json\/wp\/v2\/posts\/432004\/revisions"}],"wp:featuredmedia":[{"embeddable":true,"href":"https:\/\/www.hashtag.al\/index.php\/wp-json\/wp\/v2\/media\/432005"}],"wp:attachment":[{"href":"https:\/\/www.hashtag.al\/index.php\/wp-json\/wp\/v2\/media?parent=432004"}],"wp:term":[{"taxonomy":"category","embeddable":true,"href":"https:\/\/www.hashtag.al\/index.php\/wp-json\/wp\/v2\/categories?post=432004"},{"taxonomy":"post_tag","embeddable":true,"href":"https:\/\/www.hashtag.al\/index.php\/wp-json\/wp\/v2\/tags?post=432004"}],"curies":[{"name":"wp","href":"https:\/\/api.w.org\/{rel}","templated":true}]}}