{"id":431486,"date":"2021-02-21T11:21:40","date_gmt":"2021-02-21T10:21:40","guid":{"rendered":"https:\/\/hashtag.al\/?p=431486"},"modified":"2021-02-21T11:21:40","modified_gmt":"2021-02-21T10:21:40","slug":"rama-monitoron-si-po-vaksinohen-personalitetet-akuzat-te-neveritshme-duhet-te-ndahen-nga-jeta-per-tiu-dhene-dekorata","status":"publish","type":"post","link":"https:\/\/www.hashtag.al\/index.php\/2021\/02\/21\/rama-monitoron-si-po-vaksinohen-personalitetet-akuzat-te-neveritshme-duhet-te-ndahen-nga-jeta-per-tiu-dhene-dekorata\/","title":{"rendered":"Rama monitoron si po vaksinohen personalitetet: \u201cAkuzat t\u00eb neveritshme, duhet t\u00eb ndahen nga jeta p\u00ebr t\u2019iu dh\u00ebn\u00eb dekorata?!\u201d","gt_translate_keys":[{"key":"rendered","format":"text"}]},"content":{"rendered":"<p><span style=\"color: #000000;\"><a href=\"https:\/\/hashtag.al\/wp-content\/uploads\/2021\/02\/Rama-Moisiu.jpg\"><img loading=\"lazy\" decoding=\"async\" class=\"aligncenter size-full wp-image-431487\" src=\"https:\/\/hashtag.al\/wp-content\/uploads\/2021\/02\/Rama-Moisiu.jpg\" alt=\"\" width=\"885\" height=\"553\" srcset=\"https:\/\/www.hashtag.al\/wp-content\/uploads\/2021\/02\/Rama-Moisiu.jpg 885w, https:\/\/www.hashtag.al\/wp-content\/uploads\/2021\/02\/Rama-Moisiu-300x187.jpg 300w, https:\/\/www.hashtag.al\/wp-content\/uploads\/2021\/02\/Rama-Moisiu-768x480.jpg 768w\" sizes=\"auto, (max-width: 885px) 100vw, 885px\" \/><\/a><\/span><\/p>\n<p><span style=\"color: #000000;\">Kryeministri Edi Rama ka shkuar n\u00eb stadiumin \u201cAir Albania\u201d, ku po monitoron procesin e vaksinimit t\u00eb personaliteteve t\u00eb moshuar q\u00eb jan\u00eb mbi 80-vje\u00e7.<\/span><\/p>\n<p><span style=\"color: #000000;\">N\u00eb nj\u00eb moment ai u shfaq n\u00eb transmetimin e drejtp\u00ebrdrejt\u00eb n\u00eb ERTV duke p\u00ebrsh\u00ebndetur ish-presidentin Alfred Moisiu i cili po vaksinohej n\u00eb ato momente.<\/span><\/p>\n<p><span style=\"color: #000000;\"><em>\u201cGjigant si je mir\u00eb?\u201d<\/em>&#8211; e p\u00ebrsh\u00ebndet ai nd\u00ebrsa vijon rrug\u00ebn p\u00ebr t\u00eb vazhduar me monitorimin.<\/span><\/p>\n<p><span style=\"color: #000000;\">M\u00eb pas, n\u00eb nj\u00eb deklarat\u00eb p\u00ebr mediet, \u00a0Rama tha se jan\u00eb 80 persona mbi 80 vje\u00e7 q\u00eb do t\u00eb marrin vaksin\u00ebn sot, mes tyre pak m\u00eb shum\u00eb se 20 personalitete.<\/span><\/p>\n<p><span style=\"color: #000000;\">Ai foli p\u00ebrs\u00ebri p\u00ebr kritikat q\u00eb ka marr\u00eb nga presidenti dhe t\u00eb tjer\u00eb, p\u00ebr diferencimin e popullsis\u00eb n\u00eb klasa duke i ndar\u00eb t\u00eb moshuarit n\u00eb popull dhe personalitete.<\/span><\/p>\n<p><span style=\"color: #000000;\">Por Rama i cil\u00ebsoi t\u00eb neveritshme dhe ndotje sulmet p\u00ebr k\u00ebt\u00eb \u00e7\u00ebshtje, nd\u00ebrsa theksoi se personaliteteve u takon pasi jan\u00eb mbi 80 vje\u00e7.<\/span><\/p>\n<p><em><span style=\"color: #000000;\">&#8220;Si\u00e7 e pat\u00eb sot kemi nisur me t\u00eb moshuarit me nj\u00eb grup prej 80 personash gjat\u00eb paradites dhe t\u00eb moshuar t\u00eb sjell\u00eb nga mjeket e familjes.<\/span><\/em><\/p>\n<p><em><span style=\"color: #000000;\">M\u00eb vjen shum\u00eb keq p\u00ebr shkul\u00ebm e padenj\u00eb dhe t\u00eb neveritshme t\u00eb disa pseudo personaliteteve q\u00eb kan\u00eb akses n\u00eb portale e media q\u00eb n\u00eb m\u00ebnyr\u00ebn m\u00eb \u00e7njer\u00ebzore p\u00ebrhapin nj\u00eb tym krejt\u00ebsisht t\u00eb panevojshme sepse e para k\u00ebta njer\u00ebz q\u00eb bashkohen sot jan\u00eb t\u00eb gjith\u00eb n\u00eb kategorin\u00eb e + 80 vje\u00e7 dhe fakti q\u00eb vaksinimi nis me nj\u00eb num\u00ebr shum\u00eb modest q\u00eb \u00ebsht\u00eb rreth 21 e pak persona \u00ebsht\u00eb nj\u00eb shprehej shum\u00eb e sinqert\u00eb dhe e kuptuesh\u00ebm n\u00eb nj\u00eb p\u00ebrkujdesje p\u00ebr k\u00ebta njer\u00ebz t\u00eb cil\u00ebt nuk duhet t\u00eb presim q\u00eb t\u00eb ndahen nga jeta p\u00ebr t\u2019u mbajtur fjalimet dhe treguar kujtimet apo dhe dh\u00ebn\u00eb dekoratat si\u00e7 tani m\u00eb \u00ebsht\u00eb b\u00ebr\u00eb dhe nj\u00eb trend qesharak n\u00eb presidenc\u00eb.<\/span><\/em><\/p>\n<p><span style=\"color: #000000;\"><em>Nga ana tjet\u00ebr sigurisht q\u00eb k\u00ebtu nuk b\u00ebhet fjal\u00eb p\u00ebr asnj\u00eb diferencim pasi k\u00ebto njer\u00ebz i p\u00ebrkasin k\u00ebsaj kategorie, ku n\u00eb sall\u00eb ka t\u00eb moshuar dhe personalitete dhe kjo do t\u00eb vazhdoj\u00eb gjat\u00eb gjith\u00eb dit\u00ebs. nuk do t\u00eb zbritet m\u00eb posht\u00eb pa p\u00ebrfunduar kjo kategori.&#8221;<\/em>&#8211; tha Rama.<\/span><\/p>\n<p>&nbsp;<\/p>\n","protected":false,"gt_translate_keys":[{"key":"rendered","format":"html"}]},"excerpt":{"rendered":"<p>Kryeministri Edi Rama ka shkuar n\u00eb stadiumin \u201cAir Albania\u201d, ku po monitoron procesin e vaksinimit t\u00eb personaliteteve t\u00eb moshuar q\u00eb jan\u00eb mbi 80-vje\u00e7. N\u00eb nj\u00eb moment ai u shfaq n\u00eb transmetimin e drejtp\u00ebrdrejt\u00eb n\u00eb ERTV duke p\u00ebrsh\u00ebndetur ish-presidentin Alfred Moisiu i cili po vaksinohej n\u00eb ato momente. \u201cGjigant si je mir\u00eb?\u201d&#8211; e p\u00ebrsh\u00ebndet ai nd\u00ebrsa [&hellip;]<\/p>\n","protected":false,"gt_translate_keys":[{"key":"rendered","format":"html"}]},"author":30,"featured_media":431487,"comment_status":"open","ping_status":"open","sticky":false,"template":"","format":"standard","meta":{"footnotes":""},"categories":[65,13],"tags":[],"class_list":["post-431486","post","type-post","status-publish","format-standard","has-post-thumbnail","hentry","category-lajme","category-te-fundit"],"gt_translate_keys":[{"key":"link","format":"url"}],"_links":{"self":[{"href":"https:\/\/www.hashtag.al\/index.php\/wp-json\/wp\/v2\/posts\/431486","targetHints":{"allow":["GET"]}}],"collection":[{"href":"https:\/\/www.hashtag.al\/index.php\/wp-json\/wp\/v2\/posts"}],"about":[{"href":"https:\/\/www.hashtag.al\/index.php\/wp-json\/wp\/v2\/types\/post"}],"author":[{"embeddable":true,"href":"https:\/\/www.hashtag.al\/index.php\/wp-json\/wp\/v2\/users\/30"}],"replies":[{"embeddable":true,"href":"https:\/\/www.hashtag.al\/index.php\/wp-json\/wp\/v2\/comments?post=431486"}],"version-history":[{"count":0,"href":"https:\/\/www.hashtag.al\/index.php\/wp-json\/wp\/v2\/posts\/431486\/revisions"}],"wp:featuredmedia":[{"embeddable":true,"href":"https:\/\/www.hashtag.al\/index.php\/wp-json\/wp\/v2\/media\/431487"}],"wp:attachment":[{"href":"https:\/\/www.hashtag.al\/index.php\/wp-json\/wp\/v2\/media?parent=431486"}],"wp:term":[{"taxonomy":"category","embeddable":true,"href":"https:\/\/www.hashtag.al\/index.php\/wp-json\/wp\/v2\/categories?post=431486"},{"taxonomy":"post_tag","embeddable":true,"href":"https:\/\/www.hashtag.al\/index.php\/wp-json\/wp\/v2\/tags?post=431486"}],"curies":[{"name":"wp","href":"https:\/\/api.w.org\/{rel}","templated":true}]}}