{"id":431404,"date":"2021-02-20T21:04:26","date_gmt":"2021-02-20T20:04:26","guid":{"rendered":"https:\/\/hashtag.al\/?p=431404"},"modified":"2021-02-20T20:57:48","modified_gmt":"2021-02-20T19:57:48","slug":"gjendet-i-varur-ne-peme-21-vjecari-ne-tirane-dyshohet-se-eshte-vetevrare","status":"publish","type":"post","link":"https:\/\/www.hashtag.al\/index.php\/2021\/02\/20\/gjendet-i-varur-ne-peme-21-vjecari-ne-tirane-dyshohet-se-eshte-vetevrare\/","title":{"rendered":"Gjendet i varur n\u00eb pem\u00eb 21-vje\u00e7ari n\u00eb Tiran\u00eb, dyshohet se \u00ebsht\u00eb vet\u00ebvrar\u00eb","gt_translate_keys":[{"key":"rendered","format":"text"}]},"content":{"rendered":"<p><span style=\"color: #000000;\"><img loading=\"lazy\" decoding=\"async\" class=\"aligncenter size-full wp-image-431405\" src=\"https:\/\/hashtag.al\/wp-content\/uploads\/2021\/02\/ambulaanca.jpg\" alt=\"\" width=\"1692\" height=\"901\" srcset=\"https:\/\/www.hashtag.al\/wp-content\/uploads\/2021\/02\/ambulaanca.jpg 1692w, https:\/\/www.hashtag.al\/wp-content\/uploads\/2021\/02\/ambulaanca-300x160.jpg 300w, https:\/\/www.hashtag.al\/wp-content\/uploads\/2021\/02\/ambulaanca-768x409.jpg 768w, https:\/\/www.hashtag.al\/wp-content\/uploads\/2021\/02\/ambulaanca-1024x545.jpg 1024w\" sizes=\"auto, (max-width: 1692px) 100vw, 1692px\" \/><\/span><\/p>\n<p><span style=\"color: #000000;\">Nj\u00eb 21-vje\u00e7ar \u00ebsht\u00eb gjetur i varur n\u00eb pem\u00eb n\u00eb Baldushk t\u00eb Tiran\u00ebs. <\/span><\/p>\n<p><span style=\"color: #000000;\">Ngjarja e r\u00ebnd\u00eb ka ndodhur n\u00eb fshatin Kakunj\u00eb nd\u00ebrsa viktim\u00eb \u00ebsht\u00eb i riu me iniciale R.K. <\/span><\/p>\n<p><span style=\"color: #000000;\">Sipas policis\u00eb n\u00eb trupin e tij nuk ka shenja dhune e dyshohet se ai \u00ebsht\u00eb vet\u00ebvarur.<\/span><\/p>\n<p><span style=\"color: #000000;\"><strong>Njoftimi<\/strong><\/span><\/p>\n<p><span style=\"color: #000000;\"><em>\u201cMe dat\u00eb 20.02.2021, n\u00eb fshatin Kakunj\u00eb, Nj\u00ebsia Administrative Baldushk, dyshohet se \u00ebsht\u00eb vet\u00ebvarur n\u00eb nj\u00eb pem\u00eb shtetasi R. K., 21 vje\u00e7. Nga k\u00ebqyrja paraprake n\u00eb trupin e pajet\u00eb nuk v\u00ebrehen shenja dhune p\u00ebrve\u00e7 asaj t\u00eb shkaktuar nga vet\u00ebvarja. Grupi hetimor po kryen veprimet e m\u00ebtejshme n\u00eb lidhje me sqarimin e rrethanave t\u00eb ngjarjes.\u201d<\/em><\/span><\/p>\n","protected":false,"gt_translate_keys":[{"key":"rendered","format":"html"}]},"excerpt":{"rendered":"<p>Nj\u00eb 21-vje\u00e7ar \u00ebsht\u00eb gjetur i varur n\u00eb pem\u00eb n\u00eb Baldushk t\u00eb Tiran\u00ebs. Ngjarja e r\u00ebnd\u00eb ka ndodhur n\u00eb fshatin Kakunj\u00eb nd\u00ebrsa viktim\u00eb \u00ebsht\u00eb i riu me iniciale R.K. Sipas policis\u00eb n\u00eb trupin e tij nuk ka shenja dhune e dyshohet se ai \u00ebsht\u00eb vet\u00ebvarur. Njoftimi \u201cMe dat\u00eb 20.02.2021, n\u00eb fshatin Kakunj\u00eb, Nj\u00ebsia Administrative Baldushk, dyshohet [&hellip;]<\/p>\n","protected":false,"gt_translate_keys":[{"key":"rendered","format":"html"}]},"author":51,"featured_media":431405,"comment_status":"open","ping_status":"open","sticky":false,"template":"","format":"standard","meta":{"footnotes":""},"categories":[65,13],"tags":[],"class_list":["post-431404","post","type-post","status-publish","format-standard","has-post-thumbnail","hentry","category-lajme","category-te-fundit"],"gt_translate_keys":[{"key":"link","format":"url"}],"_links":{"self":[{"href":"https:\/\/www.hashtag.al\/index.php\/wp-json\/wp\/v2\/posts\/431404","targetHints":{"allow":["GET"]}}],"collection":[{"href":"https:\/\/www.hashtag.al\/index.php\/wp-json\/wp\/v2\/posts"}],"about":[{"href":"https:\/\/www.hashtag.al\/index.php\/wp-json\/wp\/v2\/types\/post"}],"author":[{"embeddable":true,"href":"https:\/\/www.hashtag.al\/index.php\/wp-json\/wp\/v2\/users\/51"}],"replies":[{"embeddable":true,"href":"https:\/\/www.hashtag.al\/index.php\/wp-json\/wp\/v2\/comments?post=431404"}],"version-history":[{"count":0,"href":"https:\/\/www.hashtag.al\/index.php\/wp-json\/wp\/v2\/posts\/431404\/revisions"}],"wp:featuredmedia":[{"embeddable":true,"href":"https:\/\/www.hashtag.al\/index.php\/wp-json\/wp\/v2\/media\/431405"}],"wp:attachment":[{"href":"https:\/\/www.hashtag.al\/index.php\/wp-json\/wp\/v2\/media?parent=431404"}],"wp:term":[{"taxonomy":"category","embeddable":true,"href":"https:\/\/www.hashtag.al\/index.php\/wp-json\/wp\/v2\/categories?post=431404"},{"taxonomy":"post_tag","embeddable":true,"href":"https:\/\/www.hashtag.al\/index.php\/wp-json\/wp\/v2\/tags?post=431404"}],"curies":[{"name":"wp","href":"https:\/\/api.w.org\/{rel}","templated":true}]}}