{"id":430987,"date":"2021-02-18T20:25:58","date_gmt":"2021-02-18T19:25:58","guid":{"rendered":"https:\/\/hashtag.al\/?p=430987"},"modified":"2021-02-18T20:27:46","modified_gmt":"2021-02-18T19:27:46","slug":"puna-e-qeverise-eshte-te-gjeje-vaksinen-jo-justifikimet","status":"publish","type":"post","link":"https:\/\/www.hashtag.al\/index.php\/2021\/02\/18\/puna-e-qeverise-eshte-te-gjeje-vaksinen-jo-justifikimet\/","title":{"rendered":"Puna e qeveris\u00eb \u00ebsht\u00eb t\u00eb gjej\u00eb vaksin\u00ebn, jo justifikimet","gt_translate_keys":[{"key":"rendered","format":"text"}]},"content":{"rendered":"<p><span style=\"color: #000000;\"><strong><em><img loading=\"lazy\" decoding=\"async\" class=\"alignleft wp-image-421748 size-medium\" src=\"https:\/\/hashtag.al\/wp-content\/uploads\/2021\/01\/edmond-arizaj-nj-e1610552027296-300x179.jpg\" alt=\"\" width=\"300\" height=\"179\" srcset=\"https:\/\/www.hashtag.al\/wp-content\/uploads\/2021\/01\/edmond-arizaj-nj-e1610552027296-300x179.jpg 300w, https:\/\/www.hashtag.al\/wp-content\/uploads\/2021\/01\/edmond-arizaj-nj-e1610552027296.jpg 700w\" sizes=\"auto, (max-width: 300px) 100vw, 300px\" \/>Nga Edmond Arizaj<\/em><\/strong><\/span><\/p>\n<p><span style=\"color: #000000;\">U pordh ky stan! Nj\u00ebher\u00eb nuk duam ta b\u00ebjm\u00eb vaksin\u00ebn, nj\u00ebher\u00eb pse s\u2019na tregoni nga vjen vaksina, nj\u00ebher\u00eb do na helmojn\u00eb me vaksin\u00ebn, tani pse s\u2019ja b\u00ebjn\u00eb gjyshes s\u00eb Faslliut n\u00eb fillim se ajo \u00ebsht\u00eb personaliteti i lagjes. Po mire ore, ju t\u00eb gjith\u00eb q\u00eb u hodh\u00ebt n\u00eb zjarr pse personalitetet mbi 80 vje\u00e7 t\u00eb vaksinohen t\u00eb paret, duke treguar ligje, nene, kushtetute, moral, barazi e pordh\u00eb me rigon n\u00eb koh\u00eb pandemie, pse nuk fol\u00ebt asnj\u00eb kok\u00ebrr fjale kur u vaksinuan mjek\u00ebt t\u00eb par\u00ebt?!<\/span><\/p>\n<p><span style=\"color: #000000;\">Un\u00eb do thosha q\u00eb t\u00eb par\u00ebt duhet t\u00eb vaksinoheshin polic\u00ebt p.sh., sepse mjeket din\u00eb t\u00eb mbrohen, plus edhe ca benefite t\u00eb tjera p\u00ebr kurat dhe kujdesin. Apo m\u00ebsuesit. Nj\u00ebsoj jan\u00eb jet\u00ebt edhe aty.<\/span><\/p>\n<p><span style=\"color: #000000;\">Tani, Rama, q\u00eb gjithsesi b\u00ebn sikur \u00ebsht\u00eb pronari i vaksinave (nuk \u00ebsht\u00eb e nj\u00ebjta gj\u00eb si me t\u00ebrmetin, ku dukja e tij ishte e duartrokitshme), por ky \u00ebsht\u00eb muhabet tjet\u00ebr, nuk tha q\u00eb t\u00eb tjer\u00ebt mbi 80 vje\u00e7 nuk do vaksinohen, thjesht radha e emrave.<\/span><\/p>\n<p><span style=\"color: #000000;\">Pse kaq shp\u00ebrpushje? Mendoni v\u00ebrtet\u00eb se k\u00ebtu ka aq shum\u00eb personalitete (art, kinematografi, sport, let\u00ebrsi) mbi 80 vje\u00e7, sa do mbeten n\u00eb radh\u00eb pritje t\u00eb tjer\u00ebt?!<\/span><\/p>\n<p><span style=\"color: #000000;\">Nuk \u00ebsht\u00eb ky debati, sepse jam i sigurt se shumica e grave 80 vje\u00e7are t\u00eb Tiran\u00ebs do lejonin q\u00eb Margarita Xhepa t\u00eb vaksinohej para tyre.<\/span><\/p>\n<p><span style=\"color: #000000;\">Debati \u00ebsht\u00eb pse s\u2019ka vaksina, kur vendet p\u00ebrreth, edhe ato q\u00eb jan\u00eb pjes\u00eb e BE, po blejn\u00eb n\u00eb Kin\u00eb e Rusi. Kjo s\u2019\u00ebsht\u00eb m\u00eb politik\u00eb, as integrim, as vizion. Kjo \u00ebsht\u00eb \u00e7\u00ebshtje jete. Besnik\u00ebrin\u00eb si qeni nuk e vler\u00ebsoi njeri, nuk kemi pse presim tek dera mbase na p\u00ebrk\u00ebdhel BE me ndonj\u00eb qese vaksina. Qeveria duhet t\u2019i siguroj\u00eb, si, ku, sa, \u00ebsht\u00eb pune e saj. Kjo \u00ebsht\u00eb puna e saj, jo justifikimet dhe shtyrja e datave.<\/span><\/p>\n","protected":false,"gt_translate_keys":[{"key":"rendered","format":"html"}]},"excerpt":{"rendered":"<p>Nga Edmond Arizaj U pordh ky stan! Nj\u00ebher\u00eb nuk duam ta b\u00ebjm\u00eb vaksin\u00ebn, nj\u00ebher\u00eb pse s\u2019na tregoni nga vjen vaksina, nj\u00ebher\u00eb do na helmojn\u00eb me vaksin\u00ebn, tani pse s\u2019ja b\u00ebjn\u00eb gjyshes s\u00eb Faslliut n\u00eb fillim se ajo \u00ebsht\u00eb personaliteti i lagjes. Po mire ore, ju t\u00eb gjith\u00eb q\u00eb u hodh\u00ebt n\u00eb zjarr pse personalitetet mbi [&hellip;]<\/p>\n","protected":false,"gt_translate_keys":[{"key":"rendered","format":"html"}]},"author":32,"featured_media":421748,"comment_status":"open","ping_status":"open","sticky":false,"template":"","format":"standard","meta":{"footnotes":""},"categories":[20,13],"tags":[],"class_list":["post-430987","post","type-post","status-publish","format-standard","has-post-thumbnail","hentry","category-blog","category-te-fundit"],"gt_translate_keys":[{"key":"link","format":"url"}],"_links":{"self":[{"href":"https:\/\/www.hashtag.al\/index.php\/wp-json\/wp\/v2\/posts\/430987","targetHints":{"allow":["GET"]}}],"collection":[{"href":"https:\/\/www.hashtag.al\/index.php\/wp-json\/wp\/v2\/posts"}],"about":[{"href":"https:\/\/www.hashtag.al\/index.php\/wp-json\/wp\/v2\/types\/post"}],"author":[{"embeddable":true,"href":"https:\/\/www.hashtag.al\/index.php\/wp-json\/wp\/v2\/users\/32"}],"replies":[{"embeddable":true,"href":"https:\/\/www.hashtag.al\/index.php\/wp-json\/wp\/v2\/comments?post=430987"}],"version-history":[{"count":0,"href":"https:\/\/www.hashtag.al\/index.php\/wp-json\/wp\/v2\/posts\/430987\/revisions"}],"wp:featuredmedia":[{"embeddable":true,"href":"https:\/\/www.hashtag.al\/index.php\/wp-json\/wp\/v2\/media\/421748"}],"wp:attachment":[{"href":"https:\/\/www.hashtag.al\/index.php\/wp-json\/wp\/v2\/media?parent=430987"}],"wp:term":[{"taxonomy":"category","embeddable":true,"href":"https:\/\/www.hashtag.al\/index.php\/wp-json\/wp\/v2\/categories?post=430987"},{"taxonomy":"post_tag","embeddable":true,"href":"https:\/\/www.hashtag.al\/index.php\/wp-json\/wp\/v2\/tags?post=430987"}],"curies":[{"name":"wp","href":"https:\/\/api.w.org\/{rel}","templated":true}]}}