{"id":430942,"date":"2021-02-18T16:10:12","date_gmt":"2021-02-18T15:10:12","guid":{"rendered":"https:\/\/hashtag.al\/?p=430942"},"modified":"2021-02-18T16:10:12","modified_gmt":"2021-02-18T15:10:12","slug":"sdo-na-e-mbyllin-dot-gojen-rikthehet-aplikacioni-parler-pasi-u-bllokua-nga-amazon","status":"publish","type":"post","link":"https:\/\/www.hashtag.al\/index.php\/2021\/02\/18\/sdo-na-e-mbyllin-dot-gojen-rikthehet-aplikacioni-parler-pasi-u-bllokua-nga-amazon\/","title":{"rendered":"\u201cS\u2019do na e mbyllin dot goj\u00ebn\u201d &#8211; Rikthehet aplikacioni \u201cParler\u201d pasi u bllokua nga Amazon","gt_translate_keys":[{"key":"rendered","format":"text"}]},"content":{"rendered":"<p><span style=\"color: #000000;\"><img loading=\"lazy\" decoding=\"async\" class=\"aligncenter size-full wp-image-430943\" src=\"https:\/\/hashtag.al\/wp-content\/uploads\/2021\/02\/parler.jpg\" alt=\"\" width=\"980\" height=\"551\" srcset=\"https:\/\/www.hashtag.al\/wp-content\/uploads\/2021\/02\/parler.jpg 980w, https:\/\/www.hashtag.al\/wp-content\/uploads\/2021\/02\/parler-300x169.jpg 300w, https:\/\/www.hashtag.al\/wp-content\/uploads\/2021\/02\/parler-768x432.jpg 768w\" sizes=\"auto, (max-width: 980px) 100vw, 980px\" \/><\/span><\/p>\n<p><span style=\"color: #000000;\">Aplikacioni i mediave sociale Parler \u00ebsht\u00eb rikthyer n\u00eb internet pasi u nxorr nga serverat e Sh\u00ebrbimeve t\u00eb Internetit t\u00eb Amazon muajin e kaluar pas trazirave n\u00eb\u00a0 Kapitol, pasi u akuzua p\u00ebr lejimin e k\u00ebrc\u00ebnimeve t\u00eb dhun\u00ebs q\u00eb t\u00eb shp\u00ebrndaheshin n\u00eb platform\u00eb.<\/span><\/p>\n<p><span style=\"color: #000000;\"><em>\u201cNe nuk do e mbyllim goj\u00ebn dhe nuk do e lejoj\u00eb q\u00eb t\u00eb na bllokojn\u00eb. Mir\u00ebsevini p\u00ebrs\u00ebri n\u00eb Parler.\u201d<\/em> \u2013 lexohet n\u00eb nj\u00eb postim n\u00eb llogarin\u00eb e vet\u00eb platform\u00ebs pasi CEO-ja i p\u00ebrkohsh\u00ebm i saj, Mark Meckler, konfirmoi m\u00eb her\u00ebt gjat\u00eb jav\u00ebs se tani po funksionon p\u00ebrmes nj\u00eb serveri t\u00eb ri.<\/span><\/p>\n<p><span style=\"color: #000000;\">Disa nga 20 milion\u00eb p\u00ebrdoruesit e faqes tashm\u00eb jan\u00eb futur n\u00eb rrjet, me pjes\u00ebn tjet\u00ebr q\u00eb pritet t\u00eb ken\u00eb p\u00ebrs\u00ebri qasje nga e h\u00ebna q\u00eb vjen, tha ai. P\u00ebrdoruesit e rinj duhet t\u00eb jen\u00eb n\u00eb gjendje t\u00eb bashkohen brenda jav\u00ebs s\u00eb ardhshme, konfirmoi Meckler.<\/span><\/p>\n<p><span style=\"color: #000000;\"><em>&#8220;Kur Parler doli offline n\u00eb janar nga ata q\u00eb d\u00ebshironin t\u00eb heshtnin dhjet\u00ebra miliona amerikan\u00eb, ekipi yn\u00eb u bashkua, i vendosur p\u00ebr t\u00eb mbajtur premtimin ton\u00eb ndaj komunitetit ton\u00eb shum\u00eb t\u00eb angazhuar se do t\u00eb ktheheshim m\u00eb t\u00eb fort\u00eb se kurr\u00eb.&#8221;<\/em> &#8211; tha ai n\u00eb nj\u00eb deklarat\u00eb.<\/span><\/p>\n<p><span style=\"color: #000000;\">Drejtori i P\u00ebrgjithsh\u00ebm shtoi se ai ishte \u2018i entuziazmuar\u2019 kur pa kthimin e \u2018platform\u00ebs kryesore t\u00eb mediave sociale kushtuar fjal\u00ebs s\u00eb lir\u00eb, privat\u00ebsis\u00eb dhe dialogut civil\u2019.<\/span><\/p>\n<p><span style=\"color: #000000;\">Parler me baz\u00eb n\u00eb SHBA u themelua n\u00eb vitin 2018 dhe t\u00ebrhoqi shpejt miliona p\u00ebrdorues p\u00ebr shkak t\u00eb rregullave t\u00eb saj m\u00eb pak kufizuese t\u00eb p\u00ebrmbajtjes, krahasuar me platformat e tjera t\u00eb mediave sociale si Facebook dhe Twitter, t\u00eb cilat jan\u00eb kritikuar p\u00ebr censurimin e p\u00ebrdoruesve dhe zbatimin e kufizimeve t\u00eb tyre rast\u00ebsisht.<\/span><\/p>\n","protected":false,"gt_translate_keys":[{"key":"rendered","format":"html"}]},"excerpt":{"rendered":"<p>Aplikacioni i mediave sociale Parler \u00ebsht\u00eb rikthyer n\u00eb internet pasi u nxorr nga serverat e Sh\u00ebrbimeve t\u00eb Internetit t\u00eb Amazon muajin e kaluar pas trazirave n\u00eb\u00a0 Kapitol, pasi u akuzua p\u00ebr lejimin e k\u00ebrc\u00ebnimeve t\u00eb dhun\u00ebs q\u00eb t\u00eb shp\u00ebrndaheshin n\u00eb platform\u00eb. \u201cNe nuk do e mbyllim goj\u00ebn dhe nuk do e lejoj\u00eb q\u00eb t\u00eb na [&hellip;]<\/p>\n","protected":false,"gt_translate_keys":[{"key":"rendered","format":"html"}]},"author":51,"featured_media":430943,"comment_status":"open","ping_status":"open","sticky":false,"template":"","format":"standard","meta":{"footnotes":""},"categories":[53],"tags":[],"class_list":["post-430942","post","type-post","status-publish","format-standard","has-post-thumbnail","hentry","category-fast-foodi"],"gt_translate_keys":[{"key":"link","format":"url"}],"_links":{"self":[{"href":"https:\/\/www.hashtag.al\/index.php\/wp-json\/wp\/v2\/posts\/430942","targetHints":{"allow":["GET"]}}],"collection":[{"href":"https:\/\/www.hashtag.al\/index.php\/wp-json\/wp\/v2\/posts"}],"about":[{"href":"https:\/\/www.hashtag.al\/index.php\/wp-json\/wp\/v2\/types\/post"}],"author":[{"embeddable":true,"href":"https:\/\/www.hashtag.al\/index.php\/wp-json\/wp\/v2\/users\/51"}],"replies":[{"embeddable":true,"href":"https:\/\/www.hashtag.al\/index.php\/wp-json\/wp\/v2\/comments?post=430942"}],"version-history":[{"count":0,"href":"https:\/\/www.hashtag.al\/index.php\/wp-json\/wp\/v2\/posts\/430942\/revisions"}],"wp:featuredmedia":[{"embeddable":true,"href":"https:\/\/www.hashtag.al\/index.php\/wp-json\/wp\/v2\/media\/430943"}],"wp:attachment":[{"href":"https:\/\/www.hashtag.al\/index.php\/wp-json\/wp\/v2\/media?parent=430942"}],"wp:term":[{"taxonomy":"category","embeddable":true,"href":"https:\/\/www.hashtag.al\/index.php\/wp-json\/wp\/v2\/categories?post=430942"},{"taxonomy":"post_tag","embeddable":true,"href":"https:\/\/www.hashtag.al\/index.php\/wp-json\/wp\/v2\/tags?post=430942"}],"curies":[{"name":"wp","href":"https:\/\/api.w.org\/{rel}","templated":true}]}}