{"id":430828,"date":"2021-02-18T09:47:53","date_gmt":"2021-02-18T08:47:53","guid":{"rendered":"https:\/\/hashtag.al\/?p=430828"},"modified":"2021-02-18T11:39:38","modified_gmt":"2021-02-18T10:39:38","slug":"tre-kandidatet-e-vetevendosjes-ne-shqiperi-kush-jane-shehu-abazi-dhe-merxhani","status":"publish","type":"post","link":"https:\/\/www.hashtag.al\/index.php\/2021\/02\/18\/tre-kandidatet-e-vetevendosjes-ne-shqiperi-kush-jane-shehu-abazi-dhe-merxhani\/","title":{"rendered":"Tre kandidat\u00ebt e Vet\u00ebvendosjes n\u00eb Shqip\u00ebri &#8211; Kush jan\u00eb Shehu, Abazi dhe Merxhani","gt_translate_keys":[{"key":"rendered","format":"text"}]},"content":{"rendered":"<p><span style=\"color: #000000;\"><a href=\"https:\/\/hashtag.al\/wp-content\/uploads\/2021\/02\/Merxhani-Abazi-Shehu.jpg\"><img loading=\"lazy\" decoding=\"async\" class=\"aligncenter size-full wp-image-430829\" src=\"https:\/\/hashtag.al\/wp-content\/uploads\/2021\/02\/Merxhani-Abazi-Shehu.jpg\" alt=\"\" width=\"2407\" height=\"1226\" srcset=\"https:\/\/www.hashtag.al\/wp-content\/uploads\/2021\/02\/Merxhani-Abazi-Shehu.jpg 2407w, https:\/\/www.hashtag.al\/wp-content\/uploads\/2021\/02\/Merxhani-Abazi-Shehu-300x153.jpg 300w, https:\/\/www.hashtag.al\/wp-content\/uploads\/2021\/02\/Merxhani-Abazi-Shehu-768x391.jpg 768w, https:\/\/www.hashtag.al\/wp-content\/uploads\/2021\/02\/Merxhani-Abazi-Shehu-1024x522.jpg 1024w, https:\/\/www.hashtag.al\/wp-content\/uploads\/2021\/02\/Merxhani-Abazi-Shehu-568x290.jpg 568w\" sizes=\"auto, (max-width: 2407px) 100vw, 2407px\" \/><\/a><\/span><\/p>\n<p><span style=\"color: #000000;\">L\u00ebvizja Vet\u00ebvendosje n\u00eb Kosov\u00eb arriti nj\u00eb fitore historike n\u00eb zgjedhjet e parakohshme parlamentare t\u00eb 14 shkurtit, e n\u00eb Shqip\u00ebri sapo ka nisur aktivitetin e saj politik.<\/span><\/p>\n<p><span style=\"color: #000000;\">K\u00ebt\u00eb muaj, L\u00ebvizja Vet\u00ebvendosje n\u00eb Shqip\u00ebri ka prezantuar tre kandidat\u00eb p\u00ebr deputet\u00eb n\u00eb tre qarqe: Boiken Abazi n\u00eb Tiran\u00eb, Iliaz Shehu n\u00eb Lezh\u00eb dhe Kreshnik Merxhani n\u00eb Gjirokast\u00ebr.<\/span><\/p>\n<p><span style=\"color: #000000;\">Por VV nuk \u00ebsht\u00eb regjistruar si nj\u00eb parti politike dhe n\u00eb zgjedhje do t\u00eb futet si nj\u00eb mb\u00ebshtet\u00ebse e shoq\u00ebris\u00eb civile.<\/span><\/p>\n<p><span style=\"color: #000000;\">Arsyeja kryesore lidhet me ndryshimet n\u00eb kodin zgjedhor t\u00eb miratuara nga mazhoranca, q\u00eb sipas k\u00ebsaj organizate i pengon forcat e reja q\u00eb t\u00eb hyjn\u00eb n\u00eb zgjedhje.<\/span><\/p>\n<p><span style=\"color: #000000;\">Por le t\u00eb njihemi pak m\u00eb shum\u00eb me kandidat\u00ebt e Vet\u00ebvendosjes n\u00eb Shqip\u00ebri.<\/span><\/p>\n<p><strong><span style=\"color: #000000;\">Boiken Abazi<\/span><\/strong><\/p>\n<p><span style=\"color: #000000;\">Boiken\u00a0Abazi\u00a0lindi n\u00eb Tiran\u00eb, n\u00eb vitin 1982 dhe sot \u00ebsht\u00eb drejtues ekzekutiv i Qendr\u00ebs s\u00eb L\u00ebvizjes VET\u00cbVENDOSJE n\u00eb Shqip\u00ebri.<\/span><\/p>\n<p><span style=\"color: #000000;\">Por ai ka qen\u00eb i njohur dhe ka bashk\u00ebpunuar me L\u00ebvizjen Vet\u00ebvendosje edhe m\u00eb par\u00eb q\u00eb prej vitit 2006, e madje ka mbajtur dhe disa pozicione brenda organizat\u00ebs, m\u00eb e fundit si Sekretar p\u00ebr Marr\u00ebdh\u00ebnie me Jasht\u00eb derisa dha dor\u00ebheqjen n\u00eb vitin 2019 p\u00ebr t\u00eb drejtuar Qendr\u00ebn n\u00eb Shqip\u00ebri.<\/span><\/p>\n<p><span style=\"color: #000000;\">Abazi \u00ebsht\u00eb diplomuar n\u00eb Universitetin \u201cEastern Michigan\u201d, n\u00eb Shtetet e Bashkuara, me nj\u00eb diplom\u00eb n\u00eb Shkenca Politike (Marr\u00ebdh\u00ebnie Nd\u00ebrkomb\u00ebtare) dhe Ekonomi (Ekonomi Zhvillimore), si dhe me nj\u00eb deg\u00eb plot\u00ebsuese n\u00eb Gjuh\u00eb dhe Let\u00ebrsi Franceze.<\/span><\/p>\n<p><span style=\"color: #000000;\">Para angazhimit me L\u00ebvizjen, ai ka punuar n\u00eb projekte t\u00eb shoq\u00ebris\u00eb civile me OJQ n\u00eb Michigan dhe n\u00eb qytetin e \u201cNe\u00eb York\u201d-ut, m\u00eb pas u kthye n\u00eb Shqip\u00ebri duke u angazhuar n\u00eb organizata t\u00eb ndryshme t\u00eb shoq\u00ebris\u00eb civile, si dhe duke dh\u00ebn\u00eb m\u00ebsim n\u00eb Universitet.<\/span><\/p>\n<p><span style=\"color: #000000;\">Bojken Abazi ka qen\u00eb nj\u00eb nga njer\u00ebzit e af\u00ebrt t\u00eb Erjon Veliajt n\u00eb l\u00ebvizjen\u00a0Mjaft\u00a0dhe n\u00eb vitin 2005 drejtoi projektin \u201cUdha e Shkronjave\u201d ku\u00a0Mjaft\u00a0me fondet e nd\u00ebrkomb\u00ebtar\u00ebve ngriti shkolla ambulante p\u00ebr f\u00ebmij\u00ebt e zonave informale t\u00eb Tiran\u00ebs.<\/span><\/p>\n<p><span style=\"color: #000000;\">Por ai u nda me Veliajn kur nis\u00ebn tronditjet e para brenda Mjaftit, q\u00eb u kthye n\u00eb nj\u00eb parti politike n\u00eb fillim si\u00a0G99-ta, e m\u00eb pas u shkri brenda Partis\u00eb Socialiste.<\/span><\/p>\n<p><span style=\"color: #000000;\">Abazi flet rrjedhsh\u00ebm gjuh\u00ebn angleze, italiane dhe fr\u00ebnge, nd\u00ebrsa ka njohuri edhe n\u00eb gjuh\u00ebn greke dhe spanjolle.<\/span><\/p>\n<p><strong><span style=\"color: #000000;\"><a href=\"https:\/\/hashtag.al\/wp-content\/uploads\/2021\/02\/G7_nZ-UJ.jpg\"><img loading=\"lazy\" decoding=\"async\" class=\"aligncenter size-full wp-image-430830\" src=\"https:\/\/hashtag.al\/wp-content\/uploads\/2021\/02\/G7_nZ-UJ.jpg\" alt=\"\" width=\"960\" height=\"960\" srcset=\"https:\/\/www.hashtag.al\/wp-content\/uploads\/2021\/02\/G7_nZ-UJ.jpg 960w, https:\/\/www.hashtag.al\/wp-content\/uploads\/2021\/02\/G7_nZ-UJ-150x150.jpg 150w, https:\/\/www.hashtag.al\/wp-content\/uploads\/2021\/02\/G7_nZ-UJ-300x300.jpg 300w, https:\/\/www.hashtag.al\/wp-content\/uploads\/2021\/02\/G7_nZ-UJ-768x768.jpg 768w, https:\/\/www.hashtag.al\/wp-content\/uploads\/2021\/02\/G7_nZ-UJ-600x600.jpg 600w, https:\/\/www.hashtag.al\/wp-content\/uploads\/2021\/02\/G7_nZ-UJ-180x180.jpg 180w, https:\/\/www.hashtag.al\/wp-content\/uploads\/2021\/02\/G7_nZ-UJ-80x80.jpg 80w\" sizes=\"auto, (max-width: 960px) 100vw, 960px\" \/><\/a><\/span><\/strong><\/p>\n<p><strong><span style=\"color: #000000;\">Iliaz Shehu<\/span><\/strong><\/p>\n<p><span style=\"color: #000000;\">Iliaz Shehu \u00ebsht\u00eb diplomuar n\u00eb Universitetin Europian t\u00eb Tiran\u00ebs, n\u00eb vitin 2011 p\u00ebr Shkenca Politike. Nd\u00ebrsa masterin e ka kryer n\u00eb Franc\u00eb n\u00eb universitetin e Sorbon\u00ebs, ku tashm\u00eb ai po p\u00ebrmbyll dhe doktoratur\u00ebn e tij n\u00eb Filozofi.<\/span><\/p>\n<p><span style=\"color: #000000;\">Me L\u00ebvizjen VET\u00cbVENDOSJE, nj\u00eblloj si Abazi ai \u00ebsht\u00eb njohur q\u00eb her\u00ebt dhe ka nisur t\u00eb aktivizohet q\u00eb n\u00eb vitin 2009. Madje s\u00eb bashku me disa student\u00eb e pedagog\u00eb nga Tirana ka shkuar ta mb\u00ebshtes\u00eb n\u00eb zgjedhjet parlamentare t\u00eb Kosov\u00ebs, ku kjo l\u00ebvizje garonte p\u00ebr her\u00eb t\u00eb par\u00eb si subjekt politik.<\/span><\/p>\n<p><span style=\"color: #000000;\">N\u00eb nj\u00eb spot t\u00eb publikuar n\u00eb rrjetet sociale, Shehu shprehet: \u201c<em>Zgjodha t\u2019ju drejtohem pra n\u00eb k\u00ebt\u00eb m\u00ebnyr\u00eb p\u00ebr t\u2019ju njoftuar se jam kandidat p\u00ebr deputet dhe p\u00ebr t\u2019ju k\u00ebrkuar q\u00eb ta mendoni mir\u00eb vot\u00ebn q\u00eb do t\u00eb jepni k\u00ebsaj here. Vota \u00ebsht\u00eb vendimtare. Emrat e kandidat\u00ebve jan\u00eb vendimtar\u00eb. Ku nuk ka dije dhe moral, pushteti nuk \u00ebsht\u00eb m\u00eb politik por dhun\u00eb. Nuk \u00ebsht\u00eb m\u00eb prodhues, por grabit\u00ebs.\u201d.<\/em><\/span><\/p>\n<p><strong><span style=\"color: #000000;\"><a href=\"https:\/\/hashtag.al\/wp-content\/uploads\/2021\/02\/iliaz-shehu.jpg\"><img loading=\"lazy\" decoding=\"async\" class=\"aligncenter size-full wp-image-430825\" src=\"https:\/\/hashtag.al\/wp-content\/uploads\/2021\/02\/iliaz-shehu.jpg\" alt=\"\" width=\"960\" height=\"640\" srcset=\"https:\/\/www.hashtag.al\/wp-content\/uploads\/2021\/02\/iliaz-shehu.jpg 960w, https:\/\/www.hashtag.al\/wp-content\/uploads\/2021\/02\/iliaz-shehu-300x200.jpg 300w, https:\/\/www.hashtag.al\/wp-content\/uploads\/2021\/02\/iliaz-shehu-768x512.jpg 768w\" sizes=\"auto, (max-width: 960px) 100vw, 960px\" \/><\/a><\/span><\/strong><\/p>\n<p><strong><span style=\"color: #000000;\">Kreshnik Merxhani<\/span><\/strong><\/p>\n<p><span style=\"color: #000000;\">Kandidati i tret\u00eb i Vet\u00ebvendosjes \u00ebsht\u00eb Kreshnik Merxhani. Ai\u00a0\u00ebsht\u00eb arkitekt dhe specialist i trash\u00ebgimis\u00eb kulturore shqiptare.<\/span><\/p>\n<p><span style=\"color: #000000;\">Merxhani \u00ebsht\u00eb diplomuar p\u00ebr arkitektur\u00eb n\u00eb Universitetin Politeknik t\u00eb Tiran\u00ebs. Ai \u00ebsht\u00eb i fokusuar p\u00ebrgjith\u00ebsisht n\u00eb fush\u00ebn e trash\u00ebgimis\u00eb kulturore dhe arkitektur\u00ebn tradicionale.<\/span><\/p>\n<p><span style=\"color: #000000;\">Q\u00eb nga viti 2008, ai \u00ebsht\u00eb i angazhuar si bashkautor n\u00eb projektet e restaurimit t\u00eb disa monumenteve t\u00eb periudh\u00ebs Osmane dhe Komuniste kryesisht n\u00eb Qytetin e Gjirokastr\u00ebs.<\/span><\/p>\n<p><span style=\"color: #000000;\">N\u00eb 2014-2016 ai ishte Shef i Sektorit Teknik t\u00eb DRKK (Drejtoria Rajonale e Kultur\u00ebs Komb\u00ebtare) &#8211; Gjirokast\u00ebr, nj\u00eb zyr\u00eb terreni n\u00eb Ministrin\u00eb e Kultur\u00ebs.<\/span><\/p>\n<p><span style=\"color: #000000;\">P\u00ebrve\u00e7 k\u00ebsaj, disa projekte q\u00eb ai ishte bashk\u00ebautor dhe disa aktivitete t\u00eb ish-organizat\u00ebs ku Merxhani ishte pjes\u00eb, jan\u00eb nominuar dhe renditur n\u00eb list\u00ebn e shkurt\u00ebr p\u00ebr \u00e7mimin Aga Khan (GCDO) Cikli 2010, dhe jan\u00eb fitues t\u00eb Europa Nostra Price (CHWB) .<\/span><\/p>\n<p><span style=\"color: #000000;\">Merxhani \u00ebsht\u00eb pjes\u00eb e grupit q\u00eb aplikoi p\u00ebr mbrotjen e Teatrit n\u00eb \u201cEuropa Nostra\u201d dhe ka merit\u00ebn kryesore p\u00ebr p\u00ebrzgjedhjen e k\u00ebtij teatri n\u00eb list\u00ebn e 7 finalist\u00ebve p\u00ebr programin &#8220;7-t\u00eb vendndodhjet m\u00eb t\u00eb rrezikuara&#8221; i organizat\u00ebs pan-evropiane Europa Nostra.<\/span><\/p>\n<p><span style=\"color: #000000;\"><a href=\"https:\/\/hashtag.al\/wp-content\/uploads\/2021\/02\/merxhani.jpg\"><img loading=\"lazy\" decoding=\"async\" class=\"aligncenter size-full wp-image-430832\" src=\"https:\/\/hashtag.al\/wp-content\/uploads\/2021\/02\/merxhani.jpg\" alt=\"\" width=\"1280\" height=\"720\" srcset=\"https:\/\/www.hashtag.al\/wp-content\/uploads\/2021\/02\/merxhani.jpg 1280w, https:\/\/www.hashtag.al\/wp-content\/uploads\/2021\/02\/merxhani-300x169.jpg 300w, https:\/\/www.hashtag.al\/wp-content\/uploads\/2021\/02\/merxhani-768x432.jpg 768w, https:\/\/www.hashtag.al\/wp-content\/uploads\/2021\/02\/merxhani-1024x576.jpg 1024w\" sizes=\"auto, (max-width: 1280px) 100vw, 1280px\" \/><\/a><\/span><\/p>\n<p><span style=\"color: #000000;\">Kjo \u00ebsht\u00eb hera e par\u00eb q\u00eb L\u00ebvizja Vet\u00ebvendosje merr pjes\u00eb n\u00eb zgjedhjet n\u00eb Shqip\u00ebri.<\/span><\/p>\n<p><span style=\"color: #000000;\">P\u00ebr t\u2019u konsideruar zyrtarisht kandidat\u00eb p\u00ebr deputet\u00eb, secili prej tyre duhet t\u00eb mbledh\u00eb 3 mij\u00eb firma t\u00eb qytetar\u00ebve.<\/span><\/p>\n<p><span style=\"color: #000000;\">Si\u00e7 b\u00ebn me dije Abazi n\u00eb nj\u00eb njoftim n\u00eb Facebook, deri m\u00eb tani n\u00eb Tiran\u00eb jan\u00eb arritur 2700 n\u00ebnshkrime nd\u00ebrsa u duhen edhe 300 t\u00eb tjera.<\/span><\/p>\n<p><span style=\"color: #000000;\">Afati i fundit p\u00ebr dor\u00ebzimin e n\u00ebnshkrimeve bashk\u00eb me fotokopjen e dokumentit t\u00eb identifikimit p\u00ebr secilin, \u00ebshjt\u00eb data 7 mars.\/<strong> Hashtag.al<\/strong><\/span><\/p>\n<p>&nbsp;<\/p>\n","protected":false,"gt_translate_keys":[{"key":"rendered","format":"html"}]},"excerpt":{"rendered":"<p>L\u00ebvizja Vet\u00ebvendosje n\u00eb Kosov\u00eb arriti nj\u00eb fitore historike n\u00eb zgjedhjet e parakohshme parlamentare t\u00eb 14 shkurtit, e n\u00eb Shqip\u00ebri sapo ka nisur aktivitetin e saj politik. K\u00ebt\u00eb muaj, L\u00ebvizja Vet\u00ebvendosje n\u00eb Shqip\u00ebri ka prezantuar tre kandidat\u00eb p\u00ebr deputet\u00eb n\u00eb tre qarqe: Boiken Abazi n\u00eb Tiran\u00eb, Iliaz Shehu n\u00eb Lezh\u00eb dhe Kreshnik Merxhani n\u00eb Gjirokast\u00ebr. Por [&hellip;]<\/p>\n","protected":false,"gt_translate_keys":[{"key":"rendered","format":"html"}]},"author":30,"featured_media":430829,"comment_status":"open","ping_status":"open","sticky":false,"template":"","format":"standard","meta":{"footnotes":""},"categories":[22,65,13],"tags":[],"class_list":["post-430828","post","type-post","status-publish","format-standard","has-post-thumbnail","hentry","category-ballina","category-lajme","category-te-fundit"],"gt_translate_keys":[{"key":"link","format":"url"}],"_links":{"self":[{"href":"https:\/\/www.hashtag.al\/index.php\/wp-json\/wp\/v2\/posts\/430828","targetHints":{"allow":["GET"]}}],"collection":[{"href":"https:\/\/www.hashtag.al\/index.php\/wp-json\/wp\/v2\/posts"}],"about":[{"href":"https:\/\/www.hashtag.al\/index.php\/wp-json\/wp\/v2\/types\/post"}],"author":[{"embeddable":true,"href":"https:\/\/www.hashtag.al\/index.php\/wp-json\/wp\/v2\/users\/30"}],"replies":[{"embeddable":true,"href":"https:\/\/www.hashtag.al\/index.php\/wp-json\/wp\/v2\/comments?post=430828"}],"version-history":[{"count":0,"href":"https:\/\/www.hashtag.al\/index.php\/wp-json\/wp\/v2\/posts\/430828\/revisions"}],"wp:featuredmedia":[{"embeddable":true,"href":"https:\/\/www.hashtag.al\/index.php\/wp-json\/wp\/v2\/media\/430829"}],"wp:attachment":[{"href":"https:\/\/www.hashtag.al\/index.php\/wp-json\/wp\/v2\/media?parent=430828"}],"wp:term":[{"taxonomy":"category","embeddable":true,"href":"https:\/\/www.hashtag.al\/index.php\/wp-json\/wp\/v2\/categories?post=430828"},{"taxonomy":"post_tag","embeddable":true,"href":"https:\/\/www.hashtag.al\/index.php\/wp-json\/wp\/v2\/tags?post=430828"}],"curies":[{"name":"wp","href":"https:\/\/api.w.org\/{rel}","templated":true}]}}