{"id":430695,"date":"2021-02-17T17:54:54","date_gmt":"2021-02-17T16:54:54","guid":{"rendered":"https:\/\/hashtag.al\/?p=430695"},"modified":"2021-02-17T18:16:36","modified_gmt":"2021-02-17T17:16:36","slug":"intervista-e-albin-kurtit-pas-fitores-se-thelle-cpret-te-ndodhe-e-si-e-sheh-bashkimin-me-shqiperine","status":"publish","type":"post","link":"https:\/\/www.hashtag.al\/index.php\/2021\/02\/17\/intervista-e-albin-kurtit-pas-fitores-se-thelle-cpret-te-ndodhe-e-si-e-sheh-bashkimin-me-shqiperine\/","title":{"rendered":"\u201cUn\u00eb do votoja p\u00ebr t\u00eb bashkuar Shqip\u00ebrin\u00eb dhe Kosov\u00ebn\u201d \u2013 Intervista e Albin Kurtit p\u00ebr Euronews","gt_translate_keys":[{"key":"rendered","format":"text"}]},"content":{"rendered":"<p><span style=\"color: #000000;\"><img loading=\"lazy\" decoding=\"async\" class=\"aligncenter size-full wp-image-430706\" src=\"https:\/\/hashtag.al\/wp-content\/uploads\/2021\/02\/WhatsApp-Image-2021-02-17-at-18.09.00.jpeg\" alt=\"\" width=\"1242\" height=\"1201\" \/><\/span><\/p>\n<p><span style=\"color: #000000;\">Kreu i opozit\u00ebs dhe fituesi i zgjedhjeve t\u00eb Kosov\u00ebs, Albin Kurti, thot\u00eb se n\u00ebse do t\u00eb mbahej nj\u00eb referendum mbi bashkimin e vendit t\u00eb tij me Shqip\u00ebrin\u00eb, ai do t\u00eb votoj\u00eb pro.<\/span><\/p>\n<p><span style=\"color: #000000;\">Komentet e tij erdh\u00ebn n\u00eb nj\u00eb intervist\u00eb p\u00ebr Euronews, vet\u00ebm pak dit\u00eb pasi partia e tij Vet\u00ebvendosje fitoi pjes\u00ebn m\u00eb t\u00eb madhe t\u00eb votave n\u00eb Kosov\u00eb deri m\u00eb tani, duke i hapur rrug\u00ebn Kurtit p\u00ebr t\u00eb formuar nj\u00eb qeveri.<\/span><\/p>\n<p><span style=\"color: #000000;\">Mbi 90% e 1.8 milion njer\u00ebzve t\u00eb Kosov\u00ebs jan\u00eb shqiptar\u00eb etnik\u00eb dhe perspektiva e nj\u00eb bashkimi midis dy kombeve \u00ebsht\u00eb e popullarizuar si n\u00eb Kosov\u00eb ashtu edhe n\u00eb Shqip\u00ebri.<\/span><\/p>\n<p><span style=\"color: #000000;\">Vet\u00ebvendosje &#8211; q\u00eb do t\u00eb thot\u00eb Vet\u00ebp\u00ebrcaktim &#8211; duket se ka dyfishuar rezultatin e saj t\u00eb vitit t\u00eb kaluar, me m\u00eb shum\u00eb se 50% t\u00eb votuesve kosovar\u00eb q\u00eb votuan partin\u00eb, pavar\u00ebsisht se Kurti u ndalua t\u00eb kandidoj\u00eb n\u00eb zgjedhje nga Gjykata Kushtetuese e vendit.<\/span><\/p>\n<p><span style=\"color: #000000;\">Zgjedhjet e 14 shkurtit nd\u00ebshkuan t\u00eb dy partit\u00eb q\u00eb kan\u00eb dominuar Kosov\u00ebn q\u00eb nga p\u00ebrfundimi i luft\u00ebs kund\u00ebr forcave serbe n\u00eb vitin 1999, Lidhjen Demokratike t\u00eb Kosov\u00ebs (LDK) dhe Partin\u00eb Demokratike t\u00eb Kosov\u00ebs (PDK), t\u00eb cilat mor\u00ebn vet\u00ebm 13% dhe 17% t\u00eb votave.<\/span><\/p>\n<p><span style=\"color: #000000;\">Rezultati e ka bindur Kurtin se p\u00ebrkund\u00ebr ngjarjeve t\u00eb vitit t\u00eb kaluar, Vet\u00ebvendosje mund t\u00eb p\u00ebrballoj\u00eb stuhit\u00eb politike t\u00eb jav\u00ebve t\u00eb ardhshme dhe t\u00eb realizoj\u00eb premtimin e saj p\u00ebr t\u00eb luftuar korrupsionin e shfrenuar, p\u00ebr t\u00eb ringjallur ekonomin\u00eb dhe p\u00ebr t\u2019u p\u00ebrballur me gard\u00ebn e vjet\u00ebr t\u00eb politik\u00ebs kosovare.<\/span><\/p>\n<p><span style=\"color: #000000;\">Nj\u00eb aktivist student q\u00eb u burgos gjat\u00eb viteve 1990 p\u00ebr pun\u00ebn e tij me Ushtrin\u00eb \u00c7lirimtare t\u00eb Kosov\u00ebs (U\u00c7K), Kurti doli n\u00eb titujt nd\u00ebrkomb\u00ebtar\u00eb n\u00eb 2015, kur hodhi gaz lot\u00ebsjell\u00ebs n\u00eb parlamentin e Kosov\u00ebs n\u00eb protest\u00eb kund\u00ebr nj\u00eb marr\u00ebveshje t\u00eb sh\u00ebnjimit t\u00eb kufirit me Malin e Zi fqinj.<\/span><\/p>\n<p><span style=\"color: #000000;\">N\u00eb vitet q\u00eb nga ajo koh\u00eb, Vet\u00ebvendosje \u00ebsht\u00eb rritur nga nj\u00eb l\u00ebvizje sociale n\u00eb nj\u00eb forc\u00eb politike n\u00eb Kosov\u00eb, duke t\u00ebrhequr vota nga t\u00eb rinjt\u00eb kosovar\u00eb si dhe n\u00eb diaspor\u00ebn e gjer\u00eb kosovare.<\/span><\/p>\n<p><span style=\"color: #000000;\">Por, p\u00ebrkund\u00ebr kapitalit t\u00eb tij politik n\u00eb Kosov\u00eb, Kurti kthehet n\u00eb pushtet n\u00eb nj\u00eb koh\u00eb t\u00eb v\u00ebshtir\u00eb p\u00ebr kombin e ri, i cili deklaroi pavar\u00ebsin\u00eb e tij nga Serbia n\u00eb 2008, n\u00eb nj\u00eb l\u00ebvizje ende t\u00eb papranuar nga Beogradi. Bisedimet mbi an\u00ebtar\u00ebsimin n\u00eb BE, t\u00eb cilat Kosova i k\u00ebrkon, jan\u00eb kusht\u00ebzuar me zgjidhjen e mosmarr\u00ebveshjes s\u00eb saj me Serbin\u00eb, me t\u00eb cil\u00ebn ajo luftoi nj\u00eb konflikt t\u00eb p\u00ebrgjaksh\u00ebm dy-vje\u00e7ar n\u00eb vitet 1998-1999.<\/span><\/p>\n<p><span style=\"color: #000000;\">Kjo \u00ebsht\u00eb b\u00ebr\u00eb m\u00eb e v\u00ebshtir\u00eb me fuqizimin e presidentit t\u00eb Serbis\u00eb, Aleksandar Vu\u00e7i\u00e7, baza e t\u00eb cilit n\u00eb t\u00eb djatht\u00ebn nacionaliste d\u00ebshiron t\u00eb shoh\u00eb pjes\u00eb t\u00eb territorit t\u00eb Kosov\u00ebs t\u2019i jepen Serbis\u00eb &#8211; apo edhe nj\u00eb ripushtim t\u00eb t\u00eb gjith\u00eb territorit, i cili ishte pjes\u00eb e Serbis\u00eb p\u00ebr shumic\u00ebn t\u00eb shekullit t\u00eb kaluar.<\/span><\/p>\n<p><span style=\"color: #000000;\">Pik\u00ebpamja e Kurti mbi dialogun me Beogradin, shum\u00eb m\u00eb e ashp\u00ebr se paraardh\u00ebsit e tij n\u00eb Prishtin\u00eb, nuk ka gjasa ta b\u00ebj\u00eb k\u00ebt\u00eb m\u00eb t\u00eb leht\u00eb. Por Kurti, \u00e7udit\u00ebrisht, \u00ebsht\u00eb joshfaj\u00ebsues p\u00ebr k\u00ebt\u00eb.<\/span><\/p>\n<p><span style=\"color: #000000;\">Ai foli p\u00ebr Euronews n\u00eb lidhje me perspektiv\u00ebn e rifillimit t\u00eb dialogut me Serbin\u00eb, mund\u00ebsine e bashkimit n\u00eb nj\u00eb federat\u00eb me Shqip\u00ebrin\u00eb, trajektoren e tij politike dhe rrug\u00ebn e Kosov\u00ebs drejt an\u00ebtar\u00ebsimit n\u00eb Bashkimin Evropian.<\/span><\/p>\n<p><span style=\"color: #000000;\"><strong><em><img loading=\"lazy\" decoding=\"async\" class=\"aligncenter size-full wp-image-430701\" src=\"https:\/\/hashtag.al\/wp-content\/uploads\/2021\/02\/albinkurti2.jpg\" alt=\"\" width=\"2048\" height=\"1365\" srcset=\"https:\/\/www.hashtag.al\/wp-content\/uploads\/2021\/02\/albinkurti2.jpg 2048w, https:\/\/www.hashtag.al\/wp-content\/uploads\/2021\/02\/albinkurti2-300x200.jpg 300w, https:\/\/www.hashtag.al\/wp-content\/uploads\/2021\/02\/albinkurti2-768x512.jpg 768w, https:\/\/www.hashtag.al\/wp-content\/uploads\/2021\/02\/albinkurti2-1024x683.jpg 1024w\" sizes=\"auto, (max-width: 2048px) 100vw, 2048px\" \/><\/em><\/strong><\/span><\/p>\n<p><span style=\"color: #000000;\"><strong><em>Fitorja juaj n\u00eb zgjedhjet e s\u00eb diel\u00ebs ishte edhe m\u00eb e madhe nga sa ishte parashikuar. Tani ju duhet t\u00eb siguroni 61 vota n\u00eb parlament p\u00ebr t\u00eb qeverisur, si e planifikoni ta b\u00ebni at\u00eb?<\/em><\/strong><\/span><\/p>\n<p><span style=\"color: #000000;\">Ne krijuam nj\u00eb koalicion parazgjedhor midis l\u00ebvizjes Vet\u00ebvendosje dhe list\u00ebs s\u00eb Presidentes Vjosa Osmani. Votat ende po num\u00ebrohen, por mendoj se kemi tejkaluar gjysm\u00ebn e votave. Kjo nuk do t\u00eb thot\u00eb automatikisht 61 deputet\u00eb q\u00eb jan\u00eb t\u00eb nevojsh\u00ebm p\u00ebr nj\u00eb shumic\u00eb, prandaj do t\u00eb na duhen disa deputet\u00eb nga pakica joserbe. Un\u00eb mendoj se kjo \u00ebsht\u00eb shum\u00eb e mundur.<\/span><\/p>\n<p><span style=\"color: #000000;\"><strong><em>Edhe n\u00ebse kjo nuk arrihet, ju keni p\u00ebrjashtuar nj\u00eb koalicion me PDK-n\u00eb dhe LDK-n\u00eb.<\/em><\/strong><\/span><\/p>\n<p><span style=\"color: #000000;\">PDK-ja dhe LDK-ja jan\u00eb dy fraksione t\u00eb regjimit t\u00eb vjet\u00ebr dhe fitorja e jasht\u00ebzakonshme elektorale q\u00eb kemi pasur na tregon se duhet t\u00eb vazhdojm\u00eb me disa prej deputet\u00ebve nga pakicat komb\u00ebtare nd\u00ebrsa k\u00ebto dy parti t\u00eb m\u00ebdha e t\u00eb vjetra, epo, t\u00eb m\u00ebedha deri dje e t\u00eb vjetra me siguri, ata duhet t\u00eb reformohen. Ne kemi nd\u00ebrtuar val\u00ebn e tret\u00eb t\u00eb entuziazmit n\u00eb historin\u00eb e fundit t\u00eb vendit ton\u00eb. <\/span><\/p>\n<p><span style=\"color: #000000;\">E para ishte \u00e7lirimi n\u00eb 1999. E dyta ishte pavar\u00ebsia n\u00eb 2008. Tani ne duam t\u00eb gjejm\u00eb pun\u00eb dhe drejt\u00ebsi, q\u00eb do t\u00eb thot\u00eb q\u00eb ne duam t\u00eb z\u00ebvend\u00ebsojm\u00eb migrimin e t\u00eb rinjve me pun\u00ebsimin dhe ne duam t\u00eb luftojm\u00eb korrupsionin dhe t&#8217;i japim fund elementeve t\u00eb kapjes s\u00eb shtetit, t\u00eb cilat u kryen kryesisht nga k\u00ebto parti q\u00eb humb\u00ebn zgjedhjet t\u00eb diel\u00ebn.<\/span><\/p>\n<p><span style=\"color: #000000;\"><strong><em>Edhe n\u00ebse arrini n\u00eb 61 deputet\u00eb, ju ende keni nevoj\u00eb p\u00ebr t\u00eb zgjedhur presidentin. N\u00ebse jo, qeveria bie dhe thirren zgjedhje t\u00eb reja. Si do t\u00eb merreni me k\u00ebt\u00eb?<\/em><\/strong><\/span><\/p>\n<p><span style=\"color: #000000;\">Ne kemi n\u00eb plan t\u00eb zgjedhim kryetarin e parlamentit, nj\u00eb qeveri t\u00eb re dhe nj\u00eb president t\u00eb ri. Na duhen dy t\u00eb tretat e deputet\u00ebve p\u00ebr t\u00eb mb\u00ebshtetur vot\u00ebn. Un\u00eb mendoj se pas k\u00ebsaj fitoreje t\u00eb thell\u00eb, \u00ebsht\u00eb e mundur q\u00eb t&#8217;i kesh sepse ata e din\u00eb vullnetin e njer\u00ebzve. N\u00ebse ata do ta kishin imagjinuar bojkotimin m\u00eb her\u00ebt, un\u00eb jam i sigurt se do mendohen dy her\u00eb p\u00ebr k\u00ebt\u00eb, sepse do t\u00eb humbnin edhe m\u00eb shum\u00eb mb\u00ebshtetje n\u00eb mesin e njer\u00ebzve. Ata nuk kan\u00eb mund\u00ebsi t\u00eb shkojn\u00eb n\u00eb zgjedhje t\u00eb parakohshme. N\u00ebse kjo do t\u00eb ndodhte, gj\u00eb q\u00eb nuk mendoj se do t\u00eb ndodh\u00eb, at\u00ebher\u00eb n\u00eb raundin tjet\u00ebr t\u00eb zgjedhjeve un\u00eb mendoj se partit\u00eb e vjetra do zhduken krejt\u00ebsisht.<\/span><\/p>\n<p><span style=\"color: #000000;\"><strong><em>Mandati juaj i fundit si kryeminist\u00ebr p\u00ebrfundoi gjat\u00eb pandemis\u00eb COVID-19. Cila \u00ebsht\u00eb gj\u00ebja e par\u00eb q\u00eb ju do t\u00eb b\u00ebni si kryeminist\u00ebr p\u00ebr t\u00eb luftuar pandemin\u00eb n\u00eb Kosov\u00eb?<\/em><\/strong><\/span><\/p>\n<p><span style=\"color: #000000;\">Ne planifikojm\u00eb t\u00eb fillojm\u00eb t\u00eb japim fonde t\u00eb p\u00ebrshtatshme p\u00ebr vaksinimin dhe nj\u00eb program p\u00ebrpar\u00ebsish n\u00eb lidhje me grupet shoq\u00ebrore t\u00eb cil\u00ebt duhet t\u00eb vaksinohen s\u00eb pari dhe me \u00e7far\u00eb rendi dhe kemi n\u00eb plan t\u00eb kemi 60 p\u00ebrqind t\u00eb popullsis\u00eb t\u00eb vaksinuar deri n\u00eb k\u00ebt\u00eb vit, n\u00eb bashk\u00ebpunim me BE-n\u00eb. Kur un\u00eb u largova nga detyra n\u00eb 3 Qershor t\u00eb vitit t\u00eb kaluar, kishim vet\u00ebm 30 vdekje dhe numri i njer\u00ebzve t\u00eb kuruar ishte tre her\u00eb e gjysm\u00eb m\u00eb i lart\u00eb se rastet aktive. Q\u00eb kur kam l\u00ebn\u00eb detyr\u00ebn, kemi pasur m\u00eb shum\u00eb se 1500 vdekje.<\/span><\/p>\n<p><span style=\"color: #000000;\"><strong><em>A keni diskutuar q\u00eb t\u00eb pranoni vaksina nga Serbia si\u00e7 ka b\u00ebr\u00eb Maqedonia e Veriut?<\/em><\/strong><\/span><\/p>\n<p><span style=\"color: #000000;\">Ne planifikojm\u00eb ta diskutojm\u00eb k\u00ebt\u00eb \u00e7\u00ebshtje me partner\u00ebt tan\u00eb, me vendet q\u00eb na njoh\u00ebn dhe n\u00eb ve\u00e7anti me BE-n\u00eb.<\/span><\/p>\n<p><span style=\"color: #000000;\"><strong><em>A \u00ebsht\u00eb kjo nj\u00eb jo ndaj vaksinave nga Serbia?<\/em><\/strong><\/span><\/p>\n<p><span style=\"color: #000000;\">Jo, ne nuk do t\u00eb marrim vaksina nga Serbia, e cila merr vaksinat nga Rusia dhe Kina. Si p\u00ebr nga vlerat ashtu edhe p\u00ebr nga interesat, orientimi yn\u00eb ka qen\u00eb gjithmon\u00eb drejt Per\u00ebndimit.<\/span><\/p>\n<p><span style=\"color: #000000;\"><strong><em>Mund t\u00eb shihet si nj\u00eb m\u00ebnyr\u00eb p\u00ebr t\u00eb nd\u00ebrtuar ura me Beogradin.<\/em><\/strong><\/span><\/p>\n<p><span style=\"color: #000000;\">Ne nuk duam t\u00eb z\u00ebvend\u00ebsojm\u00eb BE-n\u00eb dhe SHBA-n\u00eb me ndonj\u00eb fuqi lindore jodemokratike, sepse \u00ebsht\u00eb provuar se nuk ka siguri n\u00eb lidhje me cil\u00ebsin\u00eb, nga nj\u00ebra an\u00eb, dhe nga ana tjet\u00ebr, ka gjithmon\u00eb tela t\u00eb bashkangjitur n\u00eb form\u00eb t\u00eb loj\u00ebrave gjeopolitike.<\/span><\/p>\n<p><span style=\"color: #000000;\"><strong><em>Ju keni th\u00ebn\u00eb q\u00eb qeveria juaj do t\u00eb aplikoj\u00eb p\u00ebr statusin e kandidatit n\u00eb BE, por BE-ja ka th\u00ebn\u00eb vazhdimisht se integrimi i Kosov\u00ebs n\u00eb BE varet nga rifillimi i dialogut midis Beogradit dhe Prishtin\u00ebs. A keni nd\u00ebrmend ta rifilloni at\u00eb?<\/em><\/strong><\/span><\/p>\n<p><span style=\"color: #000000;\">Un\u00eb mendoj se Serbia duhet t\u00eb p\u00ebrballet me t\u00eb kaluar\u00ebn e saj. Ajo shkaktoi kat\u00ebr luft\u00ebra n\u00eb ish-Jugosllavi dhe duket se nuk ka keqardhje, asnj\u00eb pendim p\u00ebr k\u00ebt\u00eb brenda shtetit. \u00cbsht\u00eb e r\u00ebnd\u00ebsishme q\u00eb t\u00eb ket\u00eb ndryshime n\u00eb Serbi n\u00eb lidhje me m\u00ebnyr\u00ebn se si ata e shohin Kosov\u00ebn. Un\u00eb jam gati t\u00eb p\u00ebrfshihem n\u00eb nj\u00eb dialog ku njer\u00ebzit do t\u00eb jen\u00eb p\u00ebrfituesit. <\/span><\/p>\n<p><span style=\"color: #000000;\">Por mendoj se nuk \u00ebsht\u00eb e pranueshme p\u00ebr ask\u00ebnd n\u00eb Kosov\u00eb &#8211; natyrisht, duke p\u00ebrfshir\u00eb edhe mua &#8211; q\u00eb t\u00eb p\u00ebrfshihen n\u00eb nj\u00eb dialog ku supozohet se do t\u00eb kompensojm\u00eb shtetin e Serbis\u00eb p\u00ebr humbjen e k\u00ebtij shteti gjat\u00eb koh\u00ebs s\u00eb Milloshevi\u00e7it. Serbia kreu gjenocid n\u00eb Kosov\u00eb. Ne nuk kemi pse t\u00eb lexojm\u00eb libra historie ose t\u00eb d\u00ebgjojm\u00eb gjysh\u00ebrit tan\u00eb. Ne e p\u00ebrjetuam at\u00eb. Un\u00eb mendoj se \u00ebsht\u00eb shum\u00eb e r\u00ebnd\u00ebsishme p\u00ebr t\u00eb adresuar drejt\u00ebsin\u00eb q\u00eb po vonohet dhe mohohet dhe bazohet n\u00eb t\u00eb kaluar\u00ebn n\u00eb m\u00ebnyr\u00eb q\u00eb t\u00eb kemi m\u00eb shum\u00eb paqe, siguri, stabilitet dhe pajtim afatgjat\u00eb.<\/span><\/p>\n<p><span style=\"color: #000000;\"><strong><em>A d\u00ebshironi akoma nj\u00eb ndjes\u00eb, njohje dhe d\u00ebmshp\u00ebrblim t\u00eb plot\u00eb nga Serbia?<\/em><\/strong><\/span><\/p>\n<p><span style=\"color: #000000;\">Un\u00eb mendoj se \u00ebsht\u00eb e nevojshme. \u00c7far\u00eb tjet\u00ebr do t\u00eb b\u00ebj\u00eb Serbia, t\u00eb provoj\u00eb dhe t\u00eb na sulmoj\u00eb p\u00ebrs\u00ebri? Un\u00eb mendoj se ata duhet t\u00eb largohen nga Federata Ruse dhe nga Kina dhe ata duhet t\u00eb p\u00ebrpiqen ta b\u00ebjn\u00eb at\u00eb sa m\u00eb shpejt t\u00eb jet\u00eb e mundur. Ata duhet t\u00eb \u00e7lirohen nga Kosova. Ne e \u00e7liruam Kosov\u00ebn nga Serbia. Un\u00eb mendoj se Serbia duhet t\u00eb \u00e7lirohet nga Kosova.<\/span><\/p>\n<p><span style=\"color: #000000;\"><strong><em>Si do e arrini pajtimin nd\u00ebrmjet serb\u00ebve dhe kosovar\u00ebve n\u00eb Kosov\u00eb?<\/em><\/strong><\/span><\/p>\n<p><span style=\"color: #000000;\">P\u00ebr pajtim, me serb\u00ebt n\u00eb Kosov\u00eb, nuk \u00ebsht\u00eb e nevojshme sepse ne nuk kemi luftuar me ta. Ne luftuam kund\u00ebr Beogradit, i cili ishte kund\u00ebr nesh dhe b\u00ebri gjenocid n\u00eb pranver\u00ebn e vitit 1999 dhe p\u00ebr at\u00eb q\u00ebllim ne kemi nevoj\u00eb q\u00eb Serbia t\u00eb p\u00ebrballet me t\u00eb kaluar\u00ebn e saj, t\u00eb shoh\u00eb veten n\u00eb pasqyr\u00eb, sesa t\u00eb shoh\u00eb Kosov\u00ebn me dylbi ushtarake. Dhe t\u00eb njoh\u00eb pavar\u00ebsin\u00eb ton\u00eb dhe t\u00eb tregoj\u00eb keqardhje p\u00ebr krimet e kryera nga regjimi. Mendoj se ajo q\u00eb i duhet Serbis\u00eb \u00ebsht\u00eb nj\u00eb Charles de Gaulle serb i cili do t\u00eb thot\u00eb, ashtu si Charles de Gaulle tha \u2018Franca \u00ebsht\u00eb e madhe pa Algjerin\u00eb\u2019, se Serbia \u00ebsht\u00eb e madhe pa Kosov\u00ebn.<\/span><\/p>\n<p><span style=\"color: #000000;\"><strong><em>Ju jeni p\u00ebrshkruar si nj\u00eb nacionalist, megjith\u00ebse nacionalist i majt\u00eb, si ndiheni p\u00ebr k\u00ebt\u00eb gj\u00eb?<\/em><\/strong><\/span><\/p>\n<p><span style=\"color: #000000;\">Un\u00eb jam nj\u00eb social demokrat dhe n\u00ebse shihni disa tipare nacionaliste tek un\u00eb kjo vjen nga historia e Kosov\u00ebs dhe \u00ebsht\u00eb e nj\u00eb karakteri anti-kolonial, \u00e7lirimtar. N\u00eb m\u00ebnyr\u00eb q\u00eb t\u00eb arrihet barazia midis njer\u00ebzve dhe kombeve dhe t\u00eb mos mbizot\u00ebroj\u00eb dikush tjet\u00ebr. Mund t\u00eb themi q\u00eb t\u00eb tre ishin nacionalist\u00eb &#8211; Charles de Gaulle, Marine Le Pen dhe Franz Fanon, por n\u00ebse i vendosni k\u00ebta t\u00eb tre n\u00eb t\u00eb nj\u00ebjtin vend mund t\u00eb b\u00ebni nj\u00eb gabim t\u00eb madh.<\/span><\/p>\n<p><span style=\"color: #000000;\"><strong><em>Nj\u00eb her\u00eb keni th\u00ebn\u00eb se do t\u00eb mb\u00ebshtesni nj\u00eb bashkim t\u00eb Kosov\u00ebs me Shqip\u00ebrin\u00eb, a \u00ebsht\u00eb ende k\u00ebshtu?<\/em><\/strong><\/span><\/p>\n<p><span style=\"color: #000000;\">Ne besojm\u00eb n\u00eb forcimin e shtetit t\u00eb Kosov\u00ebs si nj\u00eb republik\u00eb sovrane dhe e pavarur dhe n\u00eb kushtetut\u00ebn ton\u00eb, neni 1.1 \u00ebsht\u00eb n\u00eb kund\u00ebrshtim me nenin 1.3. Neni 1.1 thot\u00eb se Kosova \u00ebsht\u00eb nj\u00eb shtet i pavarur sovran dhe neni 1.3 thot\u00eb se Kosova nuk mund t\u00eb bashkohet me nj\u00eb vend tjet\u00ebr. K\u00ebshtu q\u00eb un\u00eb besoj se pavar\u00ebsia e plot\u00eb n\u00ebnkupton gjithashtu, pavar\u00ebsin\u00eb nga pavar\u00ebsia, k\u00ebshtu q\u00eb ne mund t\u00eb bashkohemi n\u00eb nj\u00eb federat\u00eb me Shqip\u00ebrin\u00eb ose n\u00eb nj\u00eb federat\u00eb t\u00eb BE-s\u00eb. Dy referendume n\u00eb t\u00eb ardhmen mund ta zgjidhin k\u00ebt\u00eb, n\u00eb Shqip\u00ebri dhe Kosov\u00eb, por kurr\u00eb duke shkelur kushtetut\u00ebn ton\u00eb. Kushtetuta duhet t\u00eb ndryshohet s\u00eb pari dhe vet\u00ebm n\u00ebse mund t\u00eb b\u00ebhet n\u00eb m\u00ebnyr\u00eb paq\u00ebsore dhe demokratike nj\u00eb dit\u00eb.<\/span><\/p>\n<p><span style=\"color: #000000;\"><strong><em>Si do t\u00eb votonit n\u00eb at\u00eb referendum?<\/em><\/strong><\/span><\/p>\n<p><span style=\"color: #000000;\">Pasi t\u00eb kishim nj\u00eb forcim t\u00eb shtetit n\u00eb Kosov\u00eb. Pasi ta b\u00ebjm\u00eb n\u00eb m\u00ebnyr\u00eb paq\u00ebsore dhe demokratike. Mendoj se do t\u00eb votoja po. Po.<\/span><\/p>\n<p><span style=\"color: #000000;\"><strong><em>A keni ndonj\u00eb mesazh p\u00ebr Evrop\u00ebn?<\/em><\/strong><\/span><\/p>\n<p><span style=\"color: #000000;\">Evropa duhet t\u00eb reformoj\u00eb vetveten dhe jo vet\u00ebm objektivin e saj t\u00eb zgjerimit. Gjasht\u00eb vendet e Ballkanit Per\u00ebndimor dhe BE-ja jan\u00eb shum\u00eb t\u00eb r\u00ebnd\u00ebsishme p\u00ebr nj\u00ebri-tjetrin. Dhe un\u00eb mendoj se me gjasht\u00eb vendet e Ballkanit Per\u00ebndimor, BE-ja do t\u00eb arrij\u00eb harmonin\u00eb me Evrop\u00ebn si nj\u00eb kontinent dhe ne kurr\u00eb nuk duhet ta harrojm\u00eb k\u00ebt\u00eb dhe mos ta l\u00ebm\u00eb kurr\u00eb t\u00eb mos ndodh\u00eb.<\/span><\/p>\n<p><span style=\"color: #000000;\"><span style=\"color: #ff0000;\"><strong>VINI RE<\/strong><\/span>: Ky material \u00ebsht\u00eb pron\u00ebsi intelektuale e <a href=\"https:\/\/www.euronews.com\/2021\/02\/16\/i-would-vote-to-unify-albania-and-kosovo-election-winner-albin-kurti-tells-euronews?fbclid=IwAR2f4pmEZ6-eJb5I9IxWgoXdRHBSEXvqC39c5EYX5YKyvEuNK9u3PxqMLb4\"><span style=\"color: #0000ff;\">Euronews<\/span><\/a><\/span><\/p>\n<p><span style=\"color: #000000;\"><span style=\"color: #ff0000;\"><strong>*<\/strong><\/span>Materialin video t\u00eb intervist\u00ebs s\u00eb Albin Kurtit n\u00eb Euronews e shikoni <a href=\"https:\/\/www.youtube.com\/watch?v=Ds5SbiSBQMA&amp;feature=emb_logo\"><span style=\"color: #0000ff;\">K\u00ebtu<\/span><\/a><\/span><\/p>\n","protected":false,"gt_translate_keys":[{"key":"rendered","format":"html"}]},"excerpt":{"rendered":"<p>Kreu i opozit\u00ebs dhe fituesi i zgjedhjeve t\u00eb Kosov\u00ebs, Albin Kurti, thot\u00eb se n\u00ebse do t\u00eb mbahej nj\u00eb referendum mbi bashkimin e vendit t\u00eb tij me Shqip\u00ebrin\u00eb, ai do t\u00eb votoj\u00eb pro. Komentet e tij erdh\u00ebn n\u00eb nj\u00eb intervist\u00eb p\u00ebr Euronews, vet\u00ebm pak dit\u00eb pasi partia e tij Vet\u00ebvendosje fitoi pjes\u00ebn m\u00eb t\u00eb madhe t\u00eb [&hellip;]<\/p>\n","protected":false,"gt_translate_keys":[{"key":"rendered","format":"html"}]},"author":51,"featured_media":430706,"comment_status":"open","ping_status":"open","sticky":false,"template":"","format":"standard","meta":{"footnotes":""},"categories":[22,149],"tags":[],"class_list":["post-430695","post","type-post","status-publish","format-standard","has-post-thumbnail","hentry","category-ballina","category-kosoverajon"],"gt_translate_keys":[{"key":"link","format":"url"}],"_links":{"self":[{"href":"https:\/\/www.hashtag.al\/index.php\/wp-json\/wp\/v2\/posts\/430695","targetHints":{"allow":["GET"]}}],"collection":[{"href":"https:\/\/www.hashtag.al\/index.php\/wp-json\/wp\/v2\/posts"}],"about":[{"href":"https:\/\/www.hashtag.al\/index.php\/wp-json\/wp\/v2\/types\/post"}],"author":[{"embeddable":true,"href":"https:\/\/www.hashtag.al\/index.php\/wp-json\/wp\/v2\/users\/51"}],"replies":[{"embeddable":true,"href":"https:\/\/www.hashtag.al\/index.php\/wp-json\/wp\/v2\/comments?post=430695"}],"version-history":[{"count":0,"href":"https:\/\/www.hashtag.al\/index.php\/wp-json\/wp\/v2\/posts\/430695\/revisions"}],"wp:featuredmedia":[{"embeddable":true,"href":"https:\/\/www.hashtag.al\/index.php\/wp-json\/wp\/v2\/media\/430706"}],"wp:attachment":[{"href":"https:\/\/www.hashtag.al\/index.php\/wp-json\/wp\/v2\/media?parent=430695"}],"wp:term":[{"taxonomy":"category","embeddable":true,"href":"https:\/\/www.hashtag.al\/index.php\/wp-json\/wp\/v2\/categories?post=430695"},{"taxonomy":"post_tag","embeddable":true,"href":"https:\/\/www.hashtag.al\/index.php\/wp-json\/wp\/v2\/tags?post=430695"}],"curies":[{"name":"wp","href":"https:\/\/api.w.org\/{rel}","templated":true}]}}