{"id":430629,"date":"2021-02-17T14:32:01","date_gmt":"2021-02-17T13:32:01","guid":{"rendered":"https:\/\/hashtag.al\/?p=430629"},"modified":"2021-02-17T14:32:01","modified_gmt":"2021-02-17T13:32:01","slug":"meta-i-prere-rama-nuk-ka-asnje-autorizim-nga-presidenti-per-te-negociuar-ceshtjen-e-detit-me-greqine","status":"publish","type":"post","link":"https:\/\/www.hashtag.al\/index.php\/2021\/02\/17\/meta-i-prere-rama-nuk-ka-asnje-autorizim-nga-presidenti-per-te-negociuar-ceshtjen-e-detit-me-greqine\/","title":{"rendered":"Meta i prer\u00eb: Rama nuk ka asnj\u00eb autorizim nga Presidenti p\u00ebr t\u00eb negociuar \u00e7\u00ebshtjen e detit me Greqin\u00eb","gt_translate_keys":[{"key":"rendered","format":"text"}]},"content":{"rendered":"<p><span style=\"color: #000000;\"><img loading=\"lazy\" decoding=\"async\" class=\"aligncenter size-full wp-image-430630\" src=\"https:\/\/hashtag.al\/wp-content\/uploads\/2021\/02\/meta-1.jpg\" alt=\"\" width=\"1280\" height=\"853\" srcset=\"https:\/\/www.hashtag.al\/wp-content\/uploads\/2021\/02\/meta-1.jpg 1280w, https:\/\/www.hashtag.al\/wp-content\/uploads\/2021\/02\/meta-1-300x200.jpg 300w, https:\/\/www.hashtag.al\/wp-content\/uploads\/2021\/02\/meta-1-768x512.jpg 768w, https:\/\/www.hashtag.al\/wp-content\/uploads\/2021\/02\/meta-1-1024x682.jpg 1024w\" sizes=\"auto, (max-width: 1280px) 100vw, 1280px\" \/>Presidenti Meta ka theksuar sot se kryeministri Rama nuk \u00ebsht\u00eb k\u00ebshilluar me t\u00eb dhe as ka ndonj\u00eb autorizim p\u00ebr t\u00eb negociuar p\u00ebr \u00e7\u00ebshtjen e detit me Greqin\u00eb. <\/span><\/p>\n<p><span style=\"color: #000000;\">Deklarata e kreut t\u00eb shtetit vjen pas nj\u00eb takimi t\u00eb k\u00ebtij t\u00eb fundit me nj\u00eb grup aktivist\u00ebsh t\u00eb shoq\u00ebris\u00eb civile e an\u00ebtar\u00eb t\u00eb bot\u00ebs akademike.<\/span><\/p>\n<p><span style=\"color: #000000;\">Presidenti e mbyll reagimin e tij n\u00eb Facebook duke th\u00ebn\u00eb se do vijoj\u00eb t\u00eb mbroj\u00eb interesat e vendit e Kushtetut\u00ebn e Shqip\u00ebris\u00eb nga cilido q\u00eb k\u00ebrkon t\u00eb keqp\u00ebrdor\u00eb autoritetin e deleguar t\u00eb popullit.<\/span><\/p>\n<p><span style=\"color: #000000;\"><em>\u201cPrita n\u00eb nj\u00eb takim me k\u00ebrkes\u00eb t\u00eb tyre, aktivist\u00eb t\u00eb shoq\u00ebris\u00eb civile dhe an\u00ebtar\u00eb t\u00eb bot\u00ebs akademike, t\u00eb angazhuar pran\u00eb Akademis\u00eb \u201cRr\u00ebnj\u00ebt tona\u201d, t\u00eb cil\u00ebt m\u00eb shpreh\u00ebn shqet\u00ebsimet lidhur me \u00e7\u00ebshtjen e negociatave me Greqin\u00eb, p\u00ebr delimitimin e zonave detare midis dy vendeve tona.<\/em><\/span><\/p>\n<p><span style=\"color: #000000;\"><em>I informova se Kryeministri n\u00eb detyr\u00eb, Edi Rama, nuk \u00ebsht\u00eb konsultuar, nuk ka k\u00ebrkuar dhe as nuk \u00ebsht\u00eb pajisur me ndonj\u00eb autorizim nga Presidenti i Republik\u00ebs, sipas detyrimit t\u00eb vendimit t\u00eb Gjykat\u00ebs Kushtetuese t\u00eb vitit 2010, p\u00ebr t\u00eb negociuar apo p\u00ebr t\u00eb diskutuar me Republik\u00ebn e Greqis\u00eb n\u00eb em\u00ebr t\u00eb Republik\u00ebs s\u00eb Shqip\u00ebris\u00eb, n\u00eb lidhje me \u00e7\u00ebshtjen e kufizimit t\u00eb zonave detare, e aq m\u00eb pak p\u00ebr t\u00eb vendosur apo dakord\u00ebsuar n\u00ebse kjo \u00e7\u00ebshtje do t\u00eb shkoj\u00eb p\u00ebr alternativ\u00eb n\u00eb ndonj\u00eb nga Gjykatat Nd\u00ebrkomb\u00ebtare.<\/em><\/span><\/p>\n<p><span style=\"color: #000000;\"><em>I siguroj t\u00eb gjith\u00eb qytetar\u00ebt shqiptar\u00eb, se do t\u00eb vijoj t\u00eb ushtroj detyrat e mia me p\u00ebrgjegj\u00ebsin\u00eb maksimale shtet\u00ebrore e kushtetuese dhe se nuk do t\u00eb pranoj p\u00ebr asnj\u00eb \u00e7ast t\u00eb cenohen interesat shtet\u00ebrore dhe komb\u00ebtare t\u00eb Republik\u00ebs s\u00eb Shqip\u00ebris\u00eb nga cilido individ, q\u00eb keqp\u00ebrdor autoritetin e deleguar nga populli shqiptar.\u201d\u00ad<\/em> \u2013 shkruan Meta n\u00eb Facebook.<\/span><\/p>\n","protected":false,"gt_translate_keys":[{"key":"rendered","format":"html"}]},"excerpt":{"rendered":"<p>Presidenti Meta ka theksuar sot se kryeministri Rama nuk \u00ebsht\u00eb k\u00ebshilluar me t\u00eb dhe as ka ndonj\u00eb autorizim p\u00ebr t\u00eb negociuar p\u00ebr \u00e7\u00ebshtjen e detit me Greqin\u00eb. Deklarata e kreut t\u00eb shtetit vjen pas nj\u00eb takimi t\u00eb k\u00ebtij t\u00eb fundit me nj\u00eb grup aktivist\u00ebsh t\u00eb shoq\u00ebris\u00eb civile e an\u00ebtar\u00eb t\u00eb bot\u00ebs akademike. Presidenti e mbyll [&hellip;]<\/p>\n","protected":false,"gt_translate_keys":[{"key":"rendered","format":"html"}]},"author":51,"featured_media":430630,"comment_status":"open","ping_status":"open","sticky":false,"template":"","format":"standard","meta":{"footnotes":""},"categories":[65,13],"tags":[],"class_list":["post-430629","post","type-post","status-publish","format-standard","has-post-thumbnail","hentry","category-lajme","category-te-fundit"],"gt_translate_keys":[{"key":"link","format":"url"}],"_links":{"self":[{"href":"https:\/\/www.hashtag.al\/index.php\/wp-json\/wp\/v2\/posts\/430629","targetHints":{"allow":["GET"]}}],"collection":[{"href":"https:\/\/www.hashtag.al\/index.php\/wp-json\/wp\/v2\/posts"}],"about":[{"href":"https:\/\/www.hashtag.al\/index.php\/wp-json\/wp\/v2\/types\/post"}],"author":[{"embeddable":true,"href":"https:\/\/www.hashtag.al\/index.php\/wp-json\/wp\/v2\/users\/51"}],"replies":[{"embeddable":true,"href":"https:\/\/www.hashtag.al\/index.php\/wp-json\/wp\/v2\/comments?post=430629"}],"version-history":[{"count":0,"href":"https:\/\/www.hashtag.al\/index.php\/wp-json\/wp\/v2\/posts\/430629\/revisions"}],"wp:featuredmedia":[{"embeddable":true,"href":"https:\/\/www.hashtag.al\/index.php\/wp-json\/wp\/v2\/media\/430630"}],"wp:attachment":[{"href":"https:\/\/www.hashtag.al\/index.php\/wp-json\/wp\/v2\/media?parent=430629"}],"wp:term":[{"taxonomy":"category","embeddable":true,"href":"https:\/\/www.hashtag.al\/index.php\/wp-json\/wp\/v2\/categories?post=430629"},{"taxonomy":"post_tag","embeddable":true,"href":"https:\/\/www.hashtag.al\/index.php\/wp-json\/wp\/v2\/tags?post=430629"}],"curies":[{"name":"wp","href":"https:\/\/api.w.org\/{rel}","templated":true}]}}