{"id":430520,"date":"2021-02-17T10:02:05","date_gmt":"2021-02-17T09:02:05","guid":{"rendered":"https:\/\/hashtag.al\/?p=430520"},"modified":"2021-02-17T10:04:27","modified_gmt":"2021-02-17T09:04:27","slug":"rama-te-nesermen-e-termetit-askush-se-besonte-qe-do-tia-dilnim-njesoj-do-ia-dalim-dhe-me-vaksinimin","status":"publish","type":"post","link":"https:\/\/www.hashtag.al\/index.php\/2021\/02\/17\/rama-te-nesermen-e-termetit-askush-se-besonte-qe-do-tia-dilnim-njesoj-do-ia-dalim-dhe-me-vaksinimin\/","title":{"rendered":"Rama: T\u00eb nes\u00ebrmen e t\u00ebrmetit askush s\u2019e besonte q\u00eb do t\u2019ia dilnim, nj\u00ebsoj do ia dalim dhe me vaksinimin","gt_translate_keys":[{"key":"rendered","format":"text"}]},"content":{"rendered":"<p><span style=\"color: #000000;\"><a href=\"https:\/\/hashtag.al\/wp-content\/uploads\/2021\/02\/rama-vaksina.jpg\"><img loading=\"lazy\" decoding=\"async\" class=\"aligncenter size-full wp-image-430525\" src=\"https:\/\/hashtag.al\/wp-content\/uploads\/2021\/02\/rama-vaksina.jpg\" alt=\"\" width=\"1280\" height=\"853\" srcset=\"https:\/\/www.hashtag.al\/wp-content\/uploads\/2021\/02\/rama-vaksina.jpg 1280w, https:\/\/www.hashtag.al\/wp-content\/uploads\/2021\/02\/rama-vaksina-300x200.jpg 300w, https:\/\/www.hashtag.al\/wp-content\/uploads\/2021\/02\/rama-vaksina-768x512.jpg 768w, https:\/\/www.hashtag.al\/wp-content\/uploads\/2021\/02\/rama-vaksina-1024x682.jpg 1024w\" sizes=\"auto, (max-width: 1280px) 100vw, 1280px\" \/><\/a><\/span><\/p>\n<p><span style=\"color: #000000;\">Kryeministri Edi Rama ka b\u00ebr\u00eb nj\u00eb postim n\u00eb Facebook, p\u00ebrmes t\u00eb cilit kujton nisjen e procesit t\u00eb vaksinimit t\u00eb t\u00eb moshuarve n\u00eb Shkod\u00ebr.<\/span><\/p>\n<p><span style=\"color: #000000;\">Rama premton se t\u00eb gjith\u00eb qytetar\u00ebt shqiptar\u00eb do t\u00eb vaksinohen kund\u00ebr Covid-19, jo m\u00eb von\u00eb se sa vendet e tjera n\u00eb Europ\u00eb e n\u00eb rajon.<\/span><\/p>\n<p><span style=\"color: #000000;\">Ai b\u00ebn nj\u00eb krahasim dhe me t\u00ebrmetin e 26 n\u00ebntorit t\u00eb 2019-\u00ebs, duke th\u00ebn\u00eb se t\u00eb nes\u00ebrmen e t\u00ebrmetit askush s\u2019e besonte q\u00eb \u201cdo t\u2019ia dilnim rim\u00ebk\u00ebmbjes\u201d, por sot sipas tij beteja e rind\u00ebrtimit po fitohet hap pas hapi.<\/span><\/p>\n<p><em><span style=\"color: #000000;\">\u201cMos e harroni q\u00eb t\u00eb nes\u00ebrmen e t\u00ebrmetit askush s\u2019e besonte q\u00eb do t\u2019ia dilnim rim\u00ebk\u00ebmbjes s\u00eb atyre mij\u00ebra e mij\u00ebra familjeve t\u00eb mbetura pa streh\u00eb \u2013 por ne po e fitojm\u00eb hap pas hapi betej\u00ebn e Rind\u00ebrtimit, p\u00ebr t\u00eb gjitha ato familje dhe p\u00ebr Tiran\u00ebn, Durr\u00ebsin, Kurbinin, Kruj\u00ebn, Vor\u00ebn, Kamz\u00ebn, Lezh\u00ebn, Mirdit\u00ebn, Kavaj\u00ebn, Rrogozhin\u00ebn e krejt Shqip\u00ebrin\u00eb.<\/span><\/em><\/p>\n<p><span style=\"color: #000000;\"><em>Po nj\u00ebsoj do t\u2019ia dalim vaksinimit t\u00eb t\u00eb gjith\u00eb qytetar\u00ebve t\u00eb k\u00ebtij vendi, hap pas hapi, duke e kap\u00ebrcyer malin e v\u00ebshtir\u00ebsive, siguruar t\u00eb gjitha dozat e nevojshme dhe vaksinuar krejt popullin aspak m\u00eb von\u00eb se sa vendet e tjera, n\u00eb Europ\u00eb e n\u00eb rajon po se po.\u201d<\/em>&#8211; shkruan Rama nd\u00ebrsa ndan dhe disa foto nga vizita e djeshme n\u00eb Shkod\u00ebr p\u00ebr nisjen e procesit t\u00eb vaksinimit atje.<\/span><\/p>\n<p><a href=\"https:\/\/hashtag.al\/wp-content\/uploads\/2021\/02\/150980955_10158561557586523_4312955763931604025_o.jpg\"><img loading=\"lazy\" decoding=\"async\" class=\"aligncenter size-full wp-image-430521\" src=\"https:\/\/hashtag.al\/wp-content\/uploads\/2021\/02\/150980955_10158561557586523_4312955763931604025_o.jpg\" alt=\"\" width=\"1280\" height=\"853\" srcset=\"https:\/\/www.hashtag.al\/wp-content\/uploads\/2021\/02\/150980955_10158561557586523_4312955763931604025_o.jpg 1280w, https:\/\/www.hashtag.al\/wp-content\/uploads\/2021\/02\/150980955_10158561557586523_4312955763931604025_o-300x200.jpg 300w, https:\/\/www.hashtag.al\/wp-content\/uploads\/2021\/02\/150980955_10158561557586523_4312955763931604025_o-768x512.jpg 768w, https:\/\/www.hashtag.al\/wp-content\/uploads\/2021\/02\/150980955_10158561557586523_4312955763931604025_o-1024x682.jpg 1024w\" sizes=\"auto, (max-width: 1280px) 100vw, 1280px\" \/><\/a><a href=\"https:\/\/hashtag.al\/wp-content\/uploads\/2021\/02\/e.jpg\"><img loading=\"lazy\" decoding=\"async\" class=\"aligncenter size-full wp-image-430522\" src=\"https:\/\/hashtag.al\/wp-content\/uploads\/2021\/02\/e.jpg\" alt=\"\" width=\"853\" height=\"1280\" srcset=\"https:\/\/www.hashtag.al\/wp-content\/uploads\/2021\/02\/e.jpg 853w, https:\/\/www.hashtag.al\/wp-content\/uploads\/2021\/02\/e-200x300.jpg 200w, https:\/\/www.hashtag.al\/wp-content\/uploads\/2021\/02\/e-768x1152.jpg 768w, https:\/\/www.hashtag.al\/wp-content\/uploads\/2021\/02\/e-682x1024.jpg 682w\" sizes=\"auto, (max-width: 853px) 100vw, 853px\" \/><\/a><a href=\"https:\/\/hashtag.al\/wp-content\/uploads\/2021\/02\/rama-vaksine.jpg\"><img loading=\"lazy\" decoding=\"async\" class=\"aligncenter size-full wp-image-430523\" src=\"https:\/\/hashtag.al\/wp-content\/uploads\/2021\/02\/rama-vaksine.jpg\" alt=\"\" width=\"960\" height=\"639\" srcset=\"https:\/\/www.hashtag.al\/wp-content\/uploads\/2021\/02\/rama-vaksine.jpg 960w, https:\/\/www.hashtag.al\/wp-content\/uploads\/2021\/02\/rama-vaksine-300x200.jpg 300w, https:\/\/www.hashtag.al\/wp-content\/uploads\/2021\/02\/rama-vaksine-768x511.jpg 768w\" sizes=\"auto, (max-width: 960px) 100vw, 960px\" \/><\/a><a href=\"https:\/\/hashtag.al\/wp-content\/uploads\/2021\/02\/rama-manastirliu-vaksina.jpg\"><img loading=\"lazy\" decoding=\"async\" class=\"aligncenter size-full wp-image-430524\" src=\"https:\/\/hashtag.al\/wp-content\/uploads\/2021\/02\/rama-manastirliu-vaksina.jpg\" alt=\"\" width=\"960\" height=\"639\" srcset=\"https:\/\/www.hashtag.al\/wp-content\/uploads\/2021\/02\/rama-manastirliu-vaksina.jpg 960w, https:\/\/www.hashtag.al\/wp-content\/uploads\/2021\/02\/rama-manastirliu-vaksina-300x200.jpg 300w, https:\/\/www.hashtag.al\/wp-content\/uploads\/2021\/02\/rama-manastirliu-vaksina-768x511.jpg 768w\" sizes=\"auto, (max-width: 960px) 100vw, 960px\" \/><\/a><a href=\"https:\/\/hashtag.al\/wp-content\/uploads\/2021\/02\/rama-vaksina.jpg\"><img loading=\"lazy\" decoding=\"async\" class=\"aligncenter size-full wp-image-430525\" src=\"https:\/\/hashtag.al\/wp-content\/uploads\/2021\/02\/rama-vaksina.jpg\" alt=\"\" width=\"1280\" height=\"853\" srcset=\"https:\/\/www.hashtag.al\/wp-content\/uploads\/2021\/02\/rama-vaksina.jpg 1280w, https:\/\/www.hashtag.al\/wp-content\/uploads\/2021\/02\/rama-vaksina-300x200.jpg 300w, https:\/\/www.hashtag.al\/wp-content\/uploads\/2021\/02\/rama-vaksina-768x512.jpg 768w, https:\/\/www.hashtag.al\/wp-content\/uploads\/2021\/02\/rama-vaksina-1024x682.jpg 1024w\" sizes=\"auto, (max-width: 1280px) 100vw, 1280px\" \/><\/a><a href=\"https:\/\/hashtag.al\/wp-content\/uploads\/2021\/02\/rama-3.jpg\"><img loading=\"lazy\" decoding=\"async\" class=\"aligncenter size-full wp-image-430526\" src=\"https:\/\/hashtag.al\/wp-content\/uploads\/2021\/02\/rama-3.jpg\" alt=\"\" width=\"1280\" height=\"853\" srcset=\"https:\/\/www.hashtag.al\/wp-content\/uploads\/2021\/02\/rama-3.jpg 1280w, https:\/\/www.hashtag.al\/wp-content\/uploads\/2021\/02\/rama-3-300x200.jpg 300w, https:\/\/www.hashtag.al\/wp-content\/uploads\/2021\/02\/rama-3-768x512.jpg 768w, https:\/\/www.hashtag.al\/wp-content\/uploads\/2021\/02\/rama-3-1024x682.jpg 1024w\" sizes=\"auto, (max-width: 1280px) 100vw, 1280px\" \/><\/a><a href=\"https:\/\/hashtag.al\/wp-content\/uploads\/2021\/02\/Shkoder.jpg\"><img loading=\"lazy\" decoding=\"async\" class=\"aligncenter size-full wp-image-430527\" src=\"https:\/\/hashtag.al\/wp-content\/uploads\/2021\/02\/Shkoder.jpg\" alt=\"\" width=\"1280\" height=\"853\" srcset=\"https:\/\/www.hashtag.al\/wp-content\/uploads\/2021\/02\/Shkoder.jpg 1280w, https:\/\/www.hashtag.al\/wp-content\/uploads\/2021\/02\/Shkoder-300x200.jpg 300w, https:\/\/www.hashtag.al\/wp-content\/uploads\/2021\/02\/Shkoder-768x512.jpg 768w, https:\/\/www.hashtag.al\/wp-content\/uploads\/2021\/02\/Shkoder-1024x682.jpg 1024w\" sizes=\"auto, (max-width: 1280px) 100vw, 1280px\" \/><\/a><a href=\"https:\/\/hashtag.al\/wp-content\/uploads\/2021\/02\/stadiumi.jpg\"><img loading=\"lazy\" decoding=\"async\" class=\"aligncenter size-full wp-image-430528\" src=\"https:\/\/hashtag.al\/wp-content\/uploads\/2021\/02\/stadiumi.jpg\" alt=\"\" width=\"960\" height=\"639\" srcset=\"https:\/\/www.hashtag.al\/wp-content\/uploads\/2021\/02\/stadiumi.jpg 960w, https:\/\/www.hashtag.al\/wp-content\/uploads\/2021\/02\/stadiumi-300x200.jpg 300w, https:\/\/www.hashtag.al\/wp-content\/uploads\/2021\/02\/stadiumi-768x511.jpg 768w\" sizes=\"auto, (max-width: 960px) 100vw, 960px\" \/><\/a><a href=\"https:\/\/hashtag.al\/wp-content\/uploads\/2021\/02\/vaksinim.jpg\"><img loading=\"lazy\" decoding=\"async\" class=\"aligncenter size-full wp-image-430529\" src=\"https:\/\/hashtag.al\/wp-content\/uploads\/2021\/02\/vaksinim.jpg\" alt=\"\" width=\"960\" height=\"639\" srcset=\"https:\/\/www.hashtag.al\/wp-content\/uploads\/2021\/02\/vaksinim.jpg 960w, https:\/\/www.hashtag.al\/wp-content\/uploads\/2021\/02\/vaksinim-300x200.jpg 300w, https:\/\/www.hashtag.al\/wp-content\/uploads\/2021\/02\/vaksinim-768x511.jpg 768w\" sizes=\"auto, (max-width: 960px) 100vw, 960px\" \/><\/a><\/p>\n","protected":false,"gt_translate_keys":[{"key":"rendered","format":"html"}]},"excerpt":{"rendered":"<p>Kryeministri Edi Rama ka b\u00ebr\u00eb nj\u00eb postim n\u00eb Facebook, p\u00ebrmes t\u00eb cilit kujton nisjen e procesit t\u00eb vaksinimit t\u00eb t\u00eb moshuarve n\u00eb Shkod\u00ebr. Rama premton se t\u00eb gjith\u00eb qytetar\u00ebt shqiptar\u00eb do t\u00eb vaksinohen kund\u00ebr Covid-19, jo m\u00eb von\u00eb se sa vendet e tjera n\u00eb Europ\u00eb e n\u00eb rajon. Ai b\u00ebn nj\u00eb krahasim dhe me t\u00ebrmetin [&hellip;]<\/p>\n","protected":false,"gt_translate_keys":[{"key":"rendered","format":"html"}]},"author":30,"featured_media":430525,"comment_status":"open","ping_status":"open","sticky":false,"template":"","format":"standard","meta":{"footnotes":""},"categories":[65,13],"tags":[],"class_list":["post-430520","post","type-post","status-publish","format-standard","has-post-thumbnail","hentry","category-lajme","category-te-fundit"],"gt_translate_keys":[{"key":"link","format":"url"}],"_links":{"self":[{"href":"https:\/\/www.hashtag.al\/index.php\/wp-json\/wp\/v2\/posts\/430520","targetHints":{"allow":["GET"]}}],"collection":[{"href":"https:\/\/www.hashtag.al\/index.php\/wp-json\/wp\/v2\/posts"}],"about":[{"href":"https:\/\/www.hashtag.al\/index.php\/wp-json\/wp\/v2\/types\/post"}],"author":[{"embeddable":true,"href":"https:\/\/www.hashtag.al\/index.php\/wp-json\/wp\/v2\/users\/30"}],"replies":[{"embeddable":true,"href":"https:\/\/www.hashtag.al\/index.php\/wp-json\/wp\/v2\/comments?post=430520"}],"version-history":[{"count":0,"href":"https:\/\/www.hashtag.al\/index.php\/wp-json\/wp\/v2\/posts\/430520\/revisions"}],"wp:featuredmedia":[{"embeddable":true,"href":"https:\/\/www.hashtag.al\/index.php\/wp-json\/wp\/v2\/media\/430525"}],"wp:attachment":[{"href":"https:\/\/www.hashtag.al\/index.php\/wp-json\/wp\/v2\/media?parent=430520"}],"wp:term":[{"taxonomy":"category","embeddable":true,"href":"https:\/\/www.hashtag.al\/index.php\/wp-json\/wp\/v2\/categories?post=430520"},{"taxonomy":"post_tag","embeddable":true,"href":"https:\/\/www.hashtag.al\/index.php\/wp-json\/wp\/v2\/tags?post=430520"}],"curies":[{"name":"wp","href":"https:\/\/api.w.org\/{rel}","templated":true}]}}