{"id":430025,"date":"2021-02-15T14:50:09","date_gmt":"2021-02-15T13:50:09","guid":{"rendered":"https:\/\/hashtag.al\/?p=430025"},"modified":"2021-02-15T14:48:04","modified_gmt":"2021-02-15T13:48:04","slug":"humbja-me-e-thelle-ne-histori-isa-mustafa-pritet-te-dorehiqet-si-kryetar-i-ldk-se","status":"publish","type":"post","link":"https:\/\/www.hashtag.al\/index.php\/2021\/02\/15\/humbja-me-e-thelle-ne-histori-isa-mustafa-pritet-te-dorehiqet-si-kryetar-i-ldk-se\/","title":{"rendered":"Humbja m\u00eb e thell\u00eb n\u00eb histori, Isa Mustafa dor\u00ebhiqet si kryetar i LDK-s\u00eb","gt_translate_keys":[{"key":"rendered","format":"text"}]},"content":{"rendered":"<p><img loading=\"lazy\" decoding=\"async\" class=\"aligncenter size-full wp-image-430026\" src=\"https:\/\/hashtag.al\/wp-content\/uploads\/2021\/02\/isa-mustafa.jpg\" alt=\"\" width=\"1800\" height=\"1013\" srcset=\"https:\/\/www.hashtag.al\/wp-content\/uploads\/2021\/02\/isa-mustafa.jpg 1800w, https:\/\/www.hashtag.al\/wp-content\/uploads\/2021\/02\/isa-mustafa-300x169.jpg 300w, https:\/\/www.hashtag.al\/wp-content\/uploads\/2021\/02\/isa-mustafa-768x432.jpg 768w, https:\/\/www.hashtag.al\/wp-content\/uploads\/2021\/02\/isa-mustafa-1024x576.jpg 1024w\" sizes=\"auto, (max-width: 1800px) 100vw, 1800px\" \/><\/p>\n<p><span style=\"color: #000000;\">Isa Mustafa pritet t\u00eb jap\u00eb sot dor\u00ebheqjen si kryetar i LDK-s\u00eb pas humbjes d\u00ebrrmuese n\u00eb zgjedhjet e djeshme n\u00eb Kosov\u00eb.<\/span><\/p>\n<p><span style=\"color: #000000;\"> Lajmi pohohet nga burimet brenda forc\u00ebs politike n\u00eb fjal\u00eb, q\u00eb citohen nga mediat e atjeshme. <\/span><\/p>\n<p><span style=\"color: #000000;\">Dy kandidat\u00ebt kryesor\u00eb p\u00ebr t\u00eb marr\u00eb kreun e LDK-s\u00eb jan\u00eb Lutfi Haziri ose Kujtim Shala.<\/span><\/p>\n<p><span style=\"color: #000000;\"> N\u00eb zgjedhjet e dit\u00ebs s\u00eb djeshme, partia e drejtuar nga Mustafa p\u00ebsoi humbjen m\u00eb t\u00eb thell\u00eb n\u00eb historin\u00eb e saj duke marr\u00eb 13.08 p\u00ebr qind t\u00eb votave, duke u renditur n\u00eb vend t\u00eb tret\u00eb, shkruan Lajmi.<\/span><\/p>\n","protected":false,"gt_translate_keys":[{"key":"rendered","format":"html"}]},"excerpt":{"rendered":"<p>Isa Mustafa pritet t\u00eb jap\u00eb sot dor\u00ebheqjen si kryetar i LDK-s\u00eb pas humbjes d\u00ebrrmuese n\u00eb zgjedhjet e djeshme n\u00eb Kosov\u00eb. Lajmi pohohet nga burimet brenda forc\u00ebs politike n\u00eb fjal\u00eb, q\u00eb citohen nga mediat e atjeshme. Dy kandidat\u00ebt kryesor\u00eb p\u00ebr t\u00eb marr\u00eb kreun e LDK-s\u00eb jan\u00eb Lutfi Haziri ose Kujtim Shala. N\u00eb zgjedhjet e dit\u00ebs s\u00eb [&hellip;]<\/p>\n","protected":false,"gt_translate_keys":[{"key":"rendered","format":"html"}]},"author":51,"featured_media":430026,"comment_status":"open","ping_status":"open","sticky":false,"template":"","format":"standard","meta":{"footnotes":""},"categories":[149],"tags":[],"class_list":["post-430025","post","type-post","status-publish","format-standard","has-post-thumbnail","hentry","category-kosoverajon"],"gt_translate_keys":[{"key":"link","format":"url"}],"_links":{"self":[{"href":"https:\/\/www.hashtag.al\/index.php\/wp-json\/wp\/v2\/posts\/430025","targetHints":{"allow":["GET"]}}],"collection":[{"href":"https:\/\/www.hashtag.al\/index.php\/wp-json\/wp\/v2\/posts"}],"about":[{"href":"https:\/\/www.hashtag.al\/index.php\/wp-json\/wp\/v2\/types\/post"}],"author":[{"embeddable":true,"href":"https:\/\/www.hashtag.al\/index.php\/wp-json\/wp\/v2\/users\/51"}],"replies":[{"embeddable":true,"href":"https:\/\/www.hashtag.al\/index.php\/wp-json\/wp\/v2\/comments?post=430025"}],"version-history":[{"count":0,"href":"https:\/\/www.hashtag.al\/index.php\/wp-json\/wp\/v2\/posts\/430025\/revisions"}],"wp:featuredmedia":[{"embeddable":true,"href":"https:\/\/www.hashtag.al\/index.php\/wp-json\/wp\/v2\/media\/430026"}],"wp:attachment":[{"href":"https:\/\/www.hashtag.al\/index.php\/wp-json\/wp\/v2\/media?parent=430025"}],"wp:term":[{"taxonomy":"category","embeddable":true,"href":"https:\/\/www.hashtag.al\/index.php\/wp-json\/wp\/v2\/categories?post=430025"},{"taxonomy":"post_tag","embeddable":true,"href":"https:\/\/www.hashtag.al\/index.php\/wp-json\/wp\/v2\/tags?post=430025"}],"curies":[{"name":"wp","href":"https:\/\/api.w.org\/{rel}","templated":true}]}}