{"id":429968,"date":"2021-02-15T10:59:48","date_gmt":"2021-02-15T09:59:48","guid":{"rendered":"https:\/\/hashtag.al\/?p=429968"},"modified":"2021-02-15T10:59:48","modified_gmt":"2021-02-15T09:59:48","slug":"manastirliu-sot-hapim-spitalet-covid-ne-durres-e-shkoder","status":"publish","type":"post","link":"https:\/\/www.hashtag.al\/index.php\/2021\/02\/15\/manastirliu-sot-hapim-spitalet-covid-ne-durres-e-shkoder\/","title":{"rendered":"Manastirliu: Sot hapim spitalet COVID n\u00eb Durr\u00ebs e Shkod\u00ebr","gt_translate_keys":[{"key":"rendered","format":"text"}]},"content":{"rendered":"<p><span style=\"color: #000000;\"><a href=\"https:\/\/hashtag.al\/wp-content\/uploads\/2021\/02\/Manastirliu.png\"><img loading=\"lazy\" decoding=\"async\" class=\"aligncenter size-full wp-image-429969\" src=\"https:\/\/hashtag.al\/wp-content\/uploads\/2021\/02\/Manastirliu.png\" alt=\"\" width=\"800\" height=\"450\" srcset=\"https:\/\/www.hashtag.al\/wp-content\/uploads\/2021\/02\/Manastirliu.png 800w, https:\/\/www.hashtag.al\/wp-content\/uploads\/2021\/02\/Manastirliu-300x169.png 300w, https:\/\/www.hashtag.al\/wp-content\/uploads\/2021\/02\/Manastirliu-768x432.png 768w\" sizes=\"auto, (max-width: 800px) 100vw, 800px\" \/><\/a><\/span><\/p>\n<p><span style=\"color: #000000;\">Gjat\u00eb fjal\u00ebs s\u00eb saj sot n\u00eb Kuvend, ministrja e Sh\u00ebndet\u00ebsis\u00eb, Ogerta Manastirliu deklaroi se si pasoj\u00eb e rritjeve t\u00eb rasteve t\u00eb reja me Covid do t\u00eb hapen sot dy spitalet e para rajonale\u00a0 t\u00eb Covid, ai i Shkodr\u00ebs dhe i Durr\u00ebsit.<\/span><\/p>\n<p><span style=\"color: #000000;\">M\u00eb pas ajo shtoi se sot do t\u00eb mb\u00ebrrijn\u00eb n\u00eb vendin ton\u00eb 7 mij\u00eb e 20 doza nga kompania Pfizer.<\/span><\/p>\n<p><span style=\"color: #000000;\">\u00a0\u201cDje kemi arritur m\u00eb shum\u00eb se 500 t\u00eb shtruar n\u00eb 4 spitalet COVID. Kemi rritje t\u00eb pacient\u00ebve n\u00eb reaminacione.<\/span><\/p>\n<p><span style=\"color: #000000;\">\u00a0Do aktivizojm\u00eb nga sot, spitalet rajonale. nisim me Durr\u00ebsin e Shkodr\u00ebn. Dhe m\u00eb tej me Vlor\u00ebn, Kor\u00e7\u00ebn dhe Elbasanin.<\/span><\/p>\n<p><span style=\"color: #000000;\">\u00a0M\u00eb pas vijojm\u00eb n\u00eb skenar\u00ebt e tjer\u00eb. 7 mij\u00eb e 20 doza vij\u00eb sot nga Pfizer. Ne do t\u00eb vazhdojm\u00eb t\u00eb l\u00ebvizim \u00e7do gur.\u201d- tha ministrja.<\/span><\/p>\n<p>&nbsp;<\/p>\n","protected":false,"gt_translate_keys":[{"key":"rendered","format":"html"}]},"excerpt":{"rendered":"<p>Gjat\u00eb fjal\u00ebs s\u00eb saj sot n\u00eb Kuvend, ministrja e Sh\u00ebndet\u00ebsis\u00eb, Ogerta Manastirliu deklaroi se si pasoj\u00eb e rritjeve t\u00eb rasteve t\u00eb reja me Covid do t\u00eb hapen sot dy spitalet e para rajonale\u00a0 t\u00eb Covid, ai i Shkodr\u00ebs dhe i Durr\u00ebsit. M\u00eb pas ajo shtoi se sot do t\u00eb mb\u00ebrrijn\u00eb n\u00eb vendin ton\u00eb 7 mij\u00eb [&hellip;]<\/p>\n","protected":false,"gt_translate_keys":[{"key":"rendered","format":"html"}]},"author":30,"featured_media":429969,"comment_status":"open","ping_status":"open","sticky":false,"template":"","format":"standard","meta":{"footnotes":""},"categories":[65,13],"tags":[],"class_list":["post-429968","post","type-post","status-publish","format-standard","has-post-thumbnail","hentry","category-lajme","category-te-fundit"],"gt_translate_keys":[{"key":"link","format":"url"}],"_links":{"self":[{"href":"https:\/\/www.hashtag.al\/index.php\/wp-json\/wp\/v2\/posts\/429968","targetHints":{"allow":["GET"]}}],"collection":[{"href":"https:\/\/www.hashtag.al\/index.php\/wp-json\/wp\/v2\/posts"}],"about":[{"href":"https:\/\/www.hashtag.al\/index.php\/wp-json\/wp\/v2\/types\/post"}],"author":[{"embeddable":true,"href":"https:\/\/www.hashtag.al\/index.php\/wp-json\/wp\/v2\/users\/30"}],"replies":[{"embeddable":true,"href":"https:\/\/www.hashtag.al\/index.php\/wp-json\/wp\/v2\/comments?post=429968"}],"version-history":[{"count":0,"href":"https:\/\/www.hashtag.al\/index.php\/wp-json\/wp\/v2\/posts\/429968\/revisions"}],"wp:featuredmedia":[{"embeddable":true,"href":"https:\/\/www.hashtag.al\/index.php\/wp-json\/wp\/v2\/media\/429969"}],"wp:attachment":[{"href":"https:\/\/www.hashtag.al\/index.php\/wp-json\/wp\/v2\/media?parent=429968"}],"wp:term":[{"taxonomy":"category","embeddable":true,"href":"https:\/\/www.hashtag.al\/index.php\/wp-json\/wp\/v2\/categories?post=429968"},{"taxonomy":"post_tag","embeddable":true,"href":"https:\/\/www.hashtag.al\/index.php\/wp-json\/wp\/v2\/tags?post=429968"}],"curies":[{"name":"wp","href":"https:\/\/api.w.org\/{rel}","templated":true}]}}