{"id":429770,"date":"2021-02-14T11:40:00","date_gmt":"2021-02-14T10:40:00","guid":{"rendered":"https:\/\/hashtag.al\/?p=429770"},"modified":"2021-02-14T11:40:00","modified_gmt":"2021-02-14T10:40:00","slug":"vucic-i-dorezon-zaevit-4800-vaksina-te-pfizerit","status":"publish","type":"post","link":"https:\/\/www.hashtag.al\/index.php\/2021\/02\/14\/vucic-i-dorezon-zaevit-4800-vaksina-te-pfizerit\/","title":{"rendered":"Vu\u00e7i\u00e7 i dor\u00ebzon Zaevit 4800 vaksina t\u00eb Pfizerit","gt_translate_keys":[{"key":"rendered","format":"text"}]},"content":{"rendered":"<p><img loading=\"lazy\" decoding=\"async\" class=\"aligncenter size-full wp-image-429771\" src=\"https:\/\/hashtag.al\/wp-content\/uploads\/2021\/02\/vucic-zaev-780x470.png\" alt=\"\" width=\"780\" height=\"470\" srcset=\"https:\/\/www.hashtag.al\/wp-content\/uploads\/2021\/02\/vucic-zaev-780x470.png 780w, https:\/\/www.hashtag.al\/wp-content\/uploads\/2021\/02\/vucic-zaev-780x470-300x181.png 300w, https:\/\/www.hashtag.al\/wp-content\/uploads\/2021\/02\/vucic-zaev-780x470-768x463.png 768w\" sizes=\"auto, (max-width: 780px) 100vw, 780px\" \/><\/p>\n<p><span style=\"color: #000000;\">N\u00eb vendkalimin kufitar t\u00eb Tabanocit sot kryeministri i Maqedonis\u00eb s\u00eb Veriut Zoran Zaev ka pranuar 4.800 vaksina nga gjithsej 8.000 vaksina q\u00eb jan\u00eb siguruar p\u00ebrmes Serbis\u00eb, transmeton Alsat.<\/span><\/p>\n<p><span style=\"color: #000000;\">Vaksinat jan\u00eb nga kompania Pfizer. Zaev ka fal\u00ebnderuar presidentin serb Aleksandar Vu\u00e7i\u00e7, popullin serb dhe kryeministren serbe Ana B\u00ebrnabi\u00e7.<\/span><\/p>\n<p><span style=\"color: #000000;\">\u201c<em>Edhe nj\u00eb her\u00eb popullin serb, presidentit Vu\u00e7i\u00e7 dhe kryeministres B\u00ebrnabi\u00e7 i them faleminderit q\u00eb po ndihmoni popullin ton\u00eb dhe sh\u00ebndetin ton\u00eb publik. N\u00eb k\u00ebt\u00eb dit\u00eb t\u00eb bukur, fal\u00ebnderoj secilin q\u00eb ka kontribuar q\u00eb t\u00eb ket\u00eb paqe, dashuri dhe sh\u00ebndet n\u00eb Ballkan<\/em>\u201d- tha mes tjerash Zaev.<\/span><\/p>\n<p><span style=\"color: #000000;\">Vu\u00e7i\u00e7 nga ana tjet\u00ebr deklaroi se \u00ebsht\u00eb i lumtur q\u00eb ndihmoi popullin e Maqedonis\u00eb s\u00eb Veriut.<\/span><\/p>\n<p><span style=\"color: #000000;\">\u201c<em>Po ngrihem, k\u00ebshtu q\u00eb do ta shkurtoj fjalimin. E shoh q\u00eb as ju nuk e keni ngroht\u00eb. Un\u00eb jam i lumtur q\u00eb kemi pasur mund\u00ebsi ta b\u00ebjm\u00eb k\u00ebt\u00eb, mund ta kishim b\u00ebr\u00eb k\u00ebt\u00eb dhjet\u00eb dit\u00eb m\u00eb par\u00eb, por kemi pasur shum\u00eb probleme p\u00ebr t\u00eb marr\u00eb leje eksporti sepse k\u00ebto jan\u00eb procedura shum\u00eb t\u00eb rrepta. Jam i lumtur q\u00eb mund t\u00eb ndihmojm\u00eb v\u00ebllez\u00ebrit dhe miqt\u00eb tan\u00eb. Kur e them k\u00ebt\u00eb dua t\u00eb them nj\u00eb gj\u00eb, Serbia nuk ka asnj\u00eb interes tjet\u00ebr p\u00ebrve\u00e7 se t\u00eb tregoj\u00eb miq\u00ebsi me popullin maqedonas dhe t\u00eb gjith\u00eb qytetar\u00ebve n\u00eb Maqedonin\u00eb e Veriut<\/em>\u201d- tha Vu\u00e7i\u00e7.<\/span><\/p>\n<p>Ministri i Sh\u00ebndet\u00ebsis\u00eb, Venko Filip\u00e7e njoftoi se t\u00eb m\u00ebrkur\u00ebn do t\u00eb nis\u00eb imunizimi kund\u00ebr Covid-19 n\u00eb MV, ku fillimisht me k\u00ebto vaksina do t\u00eb imunizohet nj\u00eb pjes\u00eb e personelit mjek\u00ebsor.<\/p>\n<div class=\"angwp_9733 _ning_outer ang_zone_9733 _ning_jss_zone has_label _align_center\">\n<div id=\"_ning_zone_9733_1179430889\" class=\"_ning_zone_inner\" data-jssor-slider=\"1\">\n<div>\n<div>\u201c<em>Fal\u00ebnderoj presidentin Vu\u00e7i\u00e7 p\u00ebr k\u00ebt\u00eb gjest miq\u00ebsor. Kjo kriz\u00eb ka treguar se solidariteti \u00ebsht\u00eb i r\u00ebnd\u00ebsish\u00ebm dhe se nuk ka kufij. Ne jemi plot\u00ebsisht t\u00eb p\u00ebrgatitur, vaksinat jan\u00eb tashm\u00eb n\u00eb rrug\u00ebn e tyre p\u00ebr t\u2019u vendosur n\u00eb frigorifer\u00ebt e duhur. Pas njoftimit t\u00eb Pfizer t\u00eb premten n\u00eb mbr\u00ebmje, kemi punuar deri dje. N\u00ebnshkruam marr\u00ebveshjen trepal\u00ebshe, e cila ishte praktikisht nj\u00eb kusht q\u00eb t\u00eb ndodhte ky donacion nga Serbia. Vaksinat jan\u00eb n\u00eb vendin ton\u00eb sot. Procedura e rregullt n\u00eb Agjencin\u00eb e Ila\u00e7eve do t\u00eb p\u00ebrfundoj\u00eb nes\u00ebr, pas s\u00eb cil\u00ebs vaksinimi do t\u00eb filloj\u00eb t\u00eb m\u00ebrkur\u00ebn me pun\u00ebtor\u00ebt sh\u00ebndet\u00ebsor\u00eb n\u00eb klinik\u00ebn modulare n\u00eb Qendr\u00ebn Klinike n\u00eb Shkup<\/em> \u201d-theksoi Filip\u00e7e.<\/div>\n<\/div>\n<\/div>\n<\/div>\n","protected":false,"gt_translate_keys":[{"key":"rendered","format":"html"}]},"excerpt":{"rendered":"<p>N\u00eb vendkalimin kufitar t\u00eb Tabanocit sot kryeministri i Maqedonis\u00eb s\u00eb Veriut Zoran Zaev ka pranuar 4.800 vaksina nga gjithsej 8.000 vaksina q\u00eb jan\u00eb siguruar p\u00ebrmes Serbis\u00eb, transmeton Alsat. Vaksinat jan\u00eb nga kompania Pfizer. Zaev ka fal\u00ebnderuar presidentin serb Aleksandar Vu\u00e7i\u00e7, popullin serb dhe kryeministren serbe Ana B\u00ebrnabi\u00e7. \u201cEdhe nj\u00eb her\u00eb popullin serb, presidentit Vu\u00e7i\u00e7 dhe [&hellip;]<\/p>\n","protected":false,"gt_translate_keys":[{"key":"rendered","format":"html"}]},"author":32,"featured_media":429771,"comment_status":"open","ping_status":"open","sticky":false,"template":"","format":"standard","meta":{"footnotes":""},"categories":[149,13],"tags":[],"class_list":["post-429770","post","type-post","status-publish","format-standard","has-post-thumbnail","hentry","category-kosoverajon","category-te-fundit"],"gt_translate_keys":[{"key":"link","format":"url"}],"_links":{"self":[{"href":"https:\/\/www.hashtag.al\/index.php\/wp-json\/wp\/v2\/posts\/429770","targetHints":{"allow":["GET"]}}],"collection":[{"href":"https:\/\/www.hashtag.al\/index.php\/wp-json\/wp\/v2\/posts"}],"about":[{"href":"https:\/\/www.hashtag.al\/index.php\/wp-json\/wp\/v2\/types\/post"}],"author":[{"embeddable":true,"href":"https:\/\/www.hashtag.al\/index.php\/wp-json\/wp\/v2\/users\/32"}],"replies":[{"embeddable":true,"href":"https:\/\/www.hashtag.al\/index.php\/wp-json\/wp\/v2\/comments?post=429770"}],"version-history":[{"count":0,"href":"https:\/\/www.hashtag.al\/index.php\/wp-json\/wp\/v2\/posts\/429770\/revisions"}],"wp:featuredmedia":[{"embeddable":true,"href":"https:\/\/www.hashtag.al\/index.php\/wp-json\/wp\/v2\/media\/429771"}],"wp:attachment":[{"href":"https:\/\/www.hashtag.al\/index.php\/wp-json\/wp\/v2\/media?parent=429770"}],"wp:term":[{"taxonomy":"category","embeddable":true,"href":"https:\/\/www.hashtag.al\/index.php\/wp-json\/wp\/v2\/categories?post=429770"},{"taxonomy":"post_tag","embeddable":true,"href":"https:\/\/www.hashtag.al\/index.php\/wp-json\/wp\/v2\/tags?post=429770"}],"curies":[{"name":"wp","href":"https:\/\/api.w.org\/{rel}","templated":true}]}}