{"id":429213,"date":"2021-02-11T13:12:54","date_gmt":"2021-02-11T12:12:54","guid":{"rendered":"https:\/\/hashtag.al\/?p=429213"},"modified":"2021-02-11T13:12:54","modified_gmt":"2021-02-11T12:12:54","slug":"dyshime-per-arratisjen-e-dritan-dajtit-shtohen-masat-e-sigurise-ne-spitalin-e-burgut","status":"publish","type":"post","link":"https:\/\/www.hashtag.al\/index.php\/2021\/02\/11\/dyshime-per-arratisjen-e-dritan-dajtit-shtohen-masat-e-sigurise-ne-spitalin-e-burgut\/","title":{"rendered":"Dyshime p\u00ebr arratisjen e Dritan Dajtit, shtohen masat e siguris\u00eb n\u00eb spitalin e burgut \u00a0\u00a0","gt_translate_keys":[{"key":"rendered","format":"text"}]},"content":{"rendered":"<p><img loading=\"lazy\" decoding=\"async\" class=\"aligncenter size-full wp-image-429214\" src=\"https:\/\/hashtag.al\/wp-content\/uploads\/2021\/02\/dajtidritan.jpg\" alt=\"\" width=\"780\" height=\"440\" \/><\/p>\n<p><span style=\"color: #000000;\">N\u00eb spitalin e burgut ku po q\u00ebndron Dritan Dajti jan\u00eb marr\u00eb masa shtes\u00eb sigurie. Masat vijn\u00eb lidhur me dyshimet p\u00ebr nj\u00eb arratisje t\u00eb mundshme t\u00eb Dajtit nga spitali i burgut ku po q\u00ebndron p\u00ebr t\u2019u trajtuar. <\/span><\/p>\n<p><span style=\"color: #000000;\">Sipas A2, n\u00eb Drejtorin\u00eb e P\u00ebrgjithshme t\u00eb Policis\u00eb kan\u00eb mb\u00ebrritur dy shkresa nga Sh\u00ebrbimi Informativ ku flitet p\u00ebr nj\u00eb dyshim rreth nj\u00eb plani p\u00ebr arratisjen e Dritan Dajtit. <\/span><\/p>\n<p><span style=\"color: #000000;\">Ky i fundit \u00ebsht\u00eb d\u00ebnuar me 25 vite burg p\u00ebr vrasjen e kat\u00ebr efektiv\u00ebve n\u00eb gusht t\u00eb vitit 2009. <\/span><\/p>\n<p><span style=\"color: #000000;\">N\u00eb spitalin e burgut jan\u00eb shtuar efektiv\u00ebt e policis\u00eb dhe agjent\u00eb civil\u00eb q\u00eb ruajn\u00eb mjediset e jashtme. Dajti \u00ebsht\u00eb shtruar n\u00eb spitalin e burgut dy jav\u00eb m\u00eb par\u00eb pasi dyshohej se ishte prekur nga Covid-19 dhe po q\u00ebndron aty.<\/span><\/p>\n","protected":false,"gt_translate_keys":[{"key":"rendered","format":"html"}]},"excerpt":{"rendered":"<p>N\u00eb spitalin e burgut ku po q\u00ebndron Dritan Dajti jan\u00eb marr\u00eb masa shtes\u00eb sigurie. Masat vijn\u00eb lidhur me dyshimet p\u00ebr nj\u00eb arratisje t\u00eb mundshme t\u00eb Dajtit nga spitali i burgut ku po q\u00ebndron p\u00ebr t\u2019u trajtuar. Sipas A2, n\u00eb Drejtorin\u00eb e P\u00ebrgjithshme t\u00eb Policis\u00eb kan\u00eb mb\u00ebrritur dy shkresa nga Sh\u00ebrbimi Informativ ku flitet p\u00ebr nj\u00eb [&hellip;]<\/p>\n","protected":false,"gt_translate_keys":[{"key":"rendered","format":"html"}]},"author":51,"featured_media":0,"comment_status":"open","ping_status":"open","sticky":false,"template":"","format":"standard","meta":{"footnotes":""},"categories":[65,13],"tags":[],"class_list":["post-429213","post","type-post","status-publish","format-standard","hentry","category-lajme","category-te-fundit"],"gt_translate_keys":[{"key":"link","format":"url"}],"_links":{"self":[{"href":"https:\/\/www.hashtag.al\/index.php\/wp-json\/wp\/v2\/posts\/429213","targetHints":{"allow":["GET"]}}],"collection":[{"href":"https:\/\/www.hashtag.al\/index.php\/wp-json\/wp\/v2\/posts"}],"about":[{"href":"https:\/\/www.hashtag.al\/index.php\/wp-json\/wp\/v2\/types\/post"}],"author":[{"embeddable":true,"href":"https:\/\/www.hashtag.al\/index.php\/wp-json\/wp\/v2\/users\/51"}],"replies":[{"embeddable":true,"href":"https:\/\/www.hashtag.al\/index.php\/wp-json\/wp\/v2\/comments?post=429213"}],"version-history":[{"count":0,"href":"https:\/\/www.hashtag.al\/index.php\/wp-json\/wp\/v2\/posts\/429213\/revisions"}],"wp:attachment":[{"href":"https:\/\/www.hashtag.al\/index.php\/wp-json\/wp\/v2\/media?parent=429213"}],"wp:term":[{"taxonomy":"category","embeddable":true,"href":"https:\/\/www.hashtag.al\/index.php\/wp-json\/wp\/v2\/categories?post=429213"},{"taxonomy":"post_tag","embeddable":true,"href":"https:\/\/www.hashtag.al\/index.php\/wp-json\/wp\/v2\/tags?post=429213"}],"curies":[{"name":"wp","href":"https:\/\/api.w.org\/{rel}","templated":true}]}}