{"id":429184,"date":"2021-02-11T12:06:12","date_gmt":"2021-02-11T11:06:12","guid":{"rendered":"https:\/\/hashtag.al\/?p=429184"},"modified":"2021-02-11T12:06:12","modified_gmt":"2021-02-11T11:06:12","slug":"vendimi-i-ri-nuk-lejohet-me-ushqimi-nga-jashte-per-te-shtruarit-ne-spitalin-covid-1","status":"publish","type":"post","link":"https:\/\/www.hashtag.al\/index.php\/2021\/02\/11\/vendimi-i-ri-nuk-lejohet-me-ushqimi-nga-jashte-per-te-shtruarit-ne-spitalin-covid-1\/","title":{"rendered":"Vendimi i ri, nuk lejohet m\u00eb ushqimi nga jasht\u00eb p\u00ebr t\u00eb shtruarit n\u00eb spitalin Covid-1","gt_translate_keys":[{"key":"rendered","format":"text"}]},"content":{"rendered":"<p><span style=\"color: #000000;\"><a href=\"https:\/\/hashtag.al\/wp-content\/uploads\/2021\/02\/WhatsApp-Image-2021-02-11-at-12.04.47-1.jpeg\"><img loading=\"lazy\" decoding=\"async\" class=\"aligncenter size-full wp-image-429185\" src=\"https:\/\/hashtag.al\/wp-content\/uploads\/2021\/02\/WhatsApp-Image-2021-02-11-at-12.04.47-1.jpeg\" alt=\"\" width=\"1107\" height=\"469\" srcset=\"https:\/\/www.hashtag.al\/wp-content\/uploads\/2021\/02\/WhatsApp-Image-2021-02-11-at-12.04.47-1.jpeg 1107w, https:\/\/www.hashtag.al\/wp-content\/uploads\/2021\/02\/WhatsApp-Image-2021-02-11-at-12.04.47-1-300x127.jpeg 300w, https:\/\/www.hashtag.al\/wp-content\/uploads\/2021\/02\/WhatsApp-Image-2021-02-11-at-12.04.47-1-768x325.jpeg 768w, https:\/\/www.hashtag.al\/wp-content\/uploads\/2021\/02\/WhatsApp-Image-2021-02-11-at-12.04.47-1-1024x434.jpeg 1024w\" sizes=\"auto, (max-width: 1107px) 100vw, 1107px\" \/><\/a>Me nj\u00eb urdh\u00ebr t\u00eb ri nga Ministria e Sh\u00ebndet\u00ebsis\u00eb, nuk do t\u00eb lejohen m\u00eb ushqimet nga jasht\u00eb p\u00ebr t\u00eb s\u00ebmur\u00ebt me Covid-19 t\u00eb shtruar n\u00eb Spitalin Infektiv.<\/span><\/p>\n<p><span style=\"color: #000000;\">K\u00ebshtu, familjar\u00ebt do mund t\u00eb sjellin p\u00ebr t\u00eb shtruarit vet\u00ebm veshmbathje.<\/span><\/p>\n<p><span style=\"color: #000000;\">Nj\u00eb familjar i cili po q\u00ebndronte jasht\u00eb spitalit, tha n\u00eb nj\u00eb prononcim p\u00ebr \u201cNews 24\u201d se nuk e kishin lejuar t\u2019i \u00e7onte uj\u00eb n\u00ebn\u00ebs s\u00eb tij t\u00eb s\u00ebmur\u00eb me Covid-19.<\/span><\/p>\n<p><em><span style=\"color: #000000;\">\u00a0\u201cJo m\u00eb tha vet\u00ebm rrobat e trupit lejohen.<\/span><\/em><\/p>\n<p><span style=\"color: #000000;\"><em>Un\u00eb mbr\u00ebm\u00eb e solla, \u00ebsht\u00eb hera e par\u00eb. Donte uj\u00eb mamaja dhe nuk lejohej. Ka uj\u00eb, por e donte nga jasht\u00eb, nuk e di pse. Deri tani mir\u00eb m\u00eb thot\u00eb, nuk e di.\u201d<\/em>&#8211; tregoi qytetari.<\/span><\/p>\n<p><span style=\"color: #000000;\">Nd\u00ebrkoh\u00eb qytetari tha se nuk kishte patur komunikim me asnj\u00eb mjek lidhur me sh\u00ebndetin e n\u00ebn\u00ebs s\u00eb tij, por vet\u00ebm me k\u00ebt\u00eb t\u00eb fundit p\u00ebrmes celularit.<\/span><\/p>\n<p><span style=\"color: #000000;\"><em>\u201cJo jo, vet\u00ebm me maman\u00eb. U lidha mbr\u00ebm\u00eb n\u00eb telefon, m\u00eb tha do t\u00eb kthej p\u00ebrgjigje. Nuk kam patur komunikim me asnj\u00eb tjet\u00ebr.\u201d-<\/em> iu p\u00ebrgjigj qytetari pyetjes s\u00eb gazetarit.<\/span><\/p>\n<p><span style=\"color: #000000;\">Ky vendim p\u00ebr ndalimin e ushqimeve nga jasht\u00eb n\u00eb spital, vjen nj\u00eb dit\u00eb pasi Ministrja Ogerta Manastirliu tha se edhe pse shteti e ofron k\u00ebt\u00eb sh\u00ebrbim, ka qen\u00eb thjesht k\u00ebrkes\u00eb e familjar\u00ebve q\u00eb \u00ebsht\u00eb plot\u00ebsuar, por jo se pacient\u00ebve nuk u ofrohet sh\u00ebrbimi n\u00eb spitale.<\/span><\/p>\n<p><span style=\"color: #000000;\">Manastirliu e b\u00ebri k\u00ebt\u00eb deklarat\u00eb pas pyetjeve t\u00eb shumta lidhur me ushqimin n\u00eb spitale, pas denoncimeve t\u00eb forta p\u00ebr mashtrimet q\u00eb jan\u00eb b\u00ebr\u00eb n\u00eb spitale dhe ankesave t\u00eb pacient\u00ebve se nuk po iu \u00e7ojn\u00eb ushqimin.<\/span><\/p>\n<p><a href=\"https:\/\/hashtag.al\/wp-content\/uploads\/2021\/02\/WhatsApp-Image-2021-02-11-at-12.04.47.jpeg\"><img loading=\"lazy\" decoding=\"async\" class=\"aligncenter size-full wp-image-429186\" src=\"https:\/\/hashtag.al\/wp-content\/uploads\/2021\/02\/WhatsApp-Image-2021-02-11-at-12.04.47.jpeg\" alt=\"\" width=\"1082\" height=\"536\" srcset=\"https:\/\/www.hashtag.al\/wp-content\/uploads\/2021\/02\/WhatsApp-Image-2021-02-11-at-12.04.47.jpeg 1082w, https:\/\/www.hashtag.al\/wp-content\/uploads\/2021\/02\/WhatsApp-Image-2021-02-11-at-12.04.47-300x149.jpeg 300w, https:\/\/www.hashtag.al\/wp-content\/uploads\/2021\/02\/WhatsApp-Image-2021-02-11-at-12.04.47-768x380.jpeg 768w, https:\/\/www.hashtag.al\/wp-content\/uploads\/2021\/02\/WhatsApp-Image-2021-02-11-at-12.04.47-1024x507.jpeg 1024w\" sizes=\"auto, (max-width: 1082px) 100vw, 1082px\" \/><\/a><\/p>\n","protected":false,"gt_translate_keys":[{"key":"rendered","format":"html"}]},"excerpt":{"rendered":"<p>Me nj\u00eb urdh\u00ebr t\u00eb ri nga Ministria e Sh\u00ebndet\u00ebsis\u00eb, nuk do t\u00eb lejohen m\u00eb ushqimet nga jasht\u00eb p\u00ebr t\u00eb s\u00ebmur\u00ebt me Covid-19 t\u00eb shtruar n\u00eb Spitalin Infektiv. K\u00ebshtu, familjar\u00ebt do mund t\u00eb sjellin p\u00ebr t\u00eb shtruarit vet\u00ebm veshmbathje. Nj\u00eb familjar i cili po q\u00ebndronte jasht\u00eb spitalit, tha n\u00eb nj\u00eb prononcim p\u00ebr \u201cNews 24\u201d se nuk [&hellip;]<\/p>\n","protected":false,"gt_translate_keys":[{"key":"rendered","format":"html"}]},"author":30,"featured_media":429186,"comment_status":"open","ping_status":"open","sticky":false,"template":"","format":"standard","meta":{"footnotes":""},"categories":[65,13],"tags":[],"class_list":["post-429184","post","type-post","status-publish","format-standard","has-post-thumbnail","hentry","category-lajme","category-te-fundit"],"gt_translate_keys":[{"key":"link","format":"url"}],"_links":{"self":[{"href":"https:\/\/www.hashtag.al\/index.php\/wp-json\/wp\/v2\/posts\/429184","targetHints":{"allow":["GET"]}}],"collection":[{"href":"https:\/\/www.hashtag.al\/index.php\/wp-json\/wp\/v2\/posts"}],"about":[{"href":"https:\/\/www.hashtag.al\/index.php\/wp-json\/wp\/v2\/types\/post"}],"author":[{"embeddable":true,"href":"https:\/\/www.hashtag.al\/index.php\/wp-json\/wp\/v2\/users\/30"}],"replies":[{"embeddable":true,"href":"https:\/\/www.hashtag.al\/index.php\/wp-json\/wp\/v2\/comments?post=429184"}],"version-history":[{"count":0,"href":"https:\/\/www.hashtag.al\/index.php\/wp-json\/wp\/v2\/posts\/429184\/revisions"}],"wp:featuredmedia":[{"embeddable":true,"href":"https:\/\/www.hashtag.al\/index.php\/wp-json\/wp\/v2\/media\/429186"}],"wp:attachment":[{"href":"https:\/\/www.hashtag.al\/index.php\/wp-json\/wp\/v2\/media?parent=429184"}],"wp:term":[{"taxonomy":"category","embeddable":true,"href":"https:\/\/www.hashtag.al\/index.php\/wp-json\/wp\/v2\/categories?post=429184"},{"taxonomy":"post_tag","embeddable":true,"href":"https:\/\/www.hashtag.al\/index.php\/wp-json\/wp\/v2\/tags?post=429184"}],"curies":[{"name":"wp","href":"https:\/\/api.w.org\/{rel}","templated":true}]}}