{"id":429063,"date":"2021-02-10T21:26:15","date_gmt":"2021-02-10T20:26:15","guid":{"rendered":"https:\/\/hashtag.al\/?p=429063"},"modified":"2021-02-10T21:26:59","modified_gmt":"2021-02-10T20:26:59","slug":"biden-vendos-sanksione-ndaj-pergjegjesve-te-grushtit-te-shtetit-ne-mianmar","status":"publish","type":"post","link":"https:\/\/www.hashtag.al\/index.php\/2021\/02\/10\/biden-vendos-sanksione-ndaj-pergjegjesve-te-grushtit-te-shtetit-ne-mianmar\/","title":{"rendered":"Biden vendos sanksione ndaj p\u00ebrgjegj\u00ebsve t\u00eb grushtit t\u00eb shtetit n\u00eb Mianmar","gt_translate_keys":[{"key":"rendered","format":"text"}]},"content":{"rendered":"<p><img loading=\"lazy\" decoding=\"async\" class=\"aligncenter size-full wp-image-428323\" src=\"https:\/\/hashtag.al\/wp-content\/uploads\/2021\/02\/biden-1.jpg\" alt=\"\" width=\"981\" height=\"550\" srcset=\"https:\/\/www.hashtag.al\/wp-content\/uploads\/2021\/02\/biden-1.jpg 981w, https:\/\/www.hashtag.al\/wp-content\/uploads\/2021\/02\/biden-1-300x168.jpg 300w, https:\/\/www.hashtag.al\/wp-content\/uploads\/2021\/02\/biden-1-768x431.jpg 768w\" sizes=\"auto, (max-width: 981px) 100vw, 981px\" \/><\/p>\n<p>Presidenti i SHBA Joe Biden njoftoi t\u00eb m\u00ebrkur\u00ebn se kishte miratuar nj\u00eb urdh\u00ebr ekzekutiv p\u00ebr sanksione t\u00eb reja ndaj atyre q\u00eb jan\u00eb p\u00ebrgjegj\u00ebs p\u00ebr grushtin ushtarak t\u00eb shtetit n\u00eb Mianmar dhe p\u00ebrs\u00ebriti k\u00ebrkesat q\u00eb gjeneral\u00ebt t\u00eb heqin dor\u00eb nga pushteti dhe lider\u00ebt civil\u00eb t\u00eb lir\u00eb.<\/p>\n<p>Biden tha se urdhri ekzekutiv do t&#8217;i mund\u00ebsonte administrat\u00ebs s\u00eb tij &#8220;<em>t\u00eb sanksiononte menj\u00ebher\u00eb udh\u00ebheq\u00ebsit ushtarak\u00eb q\u00eb drejtuan grushtin e shtetit, interesat e tyre t\u00eb biznesit si dhe an\u00ebtar\u00ebt e ngusht\u00eb t\u00eb familjes<\/em>&#8220;.<\/p>\n<p>Ai tha se Uashingtoni do t\u00eb identifikonte raundin e par\u00eb t\u00eb synimeve k\u00ebt\u00eb jav\u00eb dhe po merrte hapa p\u00ebr t\u00eb parandaluar gjeneral\u00ebt n\u00eb Mianmar, i cili njihet gjithashtu si Burma, t\u00eb ken\u00eb qasje n\u00eb 1 miliard dollar\u00eb n\u00eb fonde t\u00eb mbajtura n\u00eb Shtetet e Bashkuara.<\/p>\n<p>&#8220;<em>Ne gjithashtu do t\u00eb vendosim kontrolle t\u00eb forta t\u00eb eksporteve. Ne jemi duke ngrir\u00eb pasurit\u00eb e SHBA q\u00eb p\u00ebrfitojn\u00eb nga qeveria Burmane, nd\u00ebrsa ruajm\u00eb mb\u00ebshtetjen ton\u00eb p\u00ebr kujdesin sh\u00ebndet\u00ebsor, grupet e shoq\u00ebris\u00eb civile dhe zona t\u00eb tjera q\u00eb p\u00ebrfitojn\u00eb drejtp\u00ebrdrejt nga populli i Birmanis\u00eb<\/em>&#8220;-tha Biden n\u00eb Sht\u00ebpin\u00eb e Bardh\u00eb.<\/p>\n","protected":false,"gt_translate_keys":[{"key":"rendered","format":"html"}]},"excerpt":{"rendered":"<p>Presidenti i SHBA Joe Biden njoftoi t\u00eb m\u00ebrkur\u00ebn se kishte miratuar nj\u00eb urdh\u00ebr ekzekutiv p\u00ebr sanksione t\u00eb reja ndaj atyre q\u00eb jan\u00eb p\u00ebrgjegj\u00ebs p\u00ebr grushtin ushtarak t\u00eb shtetit n\u00eb Mianmar dhe p\u00ebrs\u00ebriti k\u00ebrkesat q\u00eb gjeneral\u00ebt t\u00eb heqin dor\u00eb nga pushteti dhe lider\u00ebt civil\u00eb t\u00eb lir\u00eb. Biden tha se urdhri ekzekutiv do t&#8217;i mund\u00ebsonte administrat\u00ebs s\u00eb [&hellip;]<\/p>\n","protected":false,"gt_translate_keys":[{"key":"rendered","format":"html"}]},"author":32,"featured_media":428323,"comment_status":"open","ping_status":"open","sticky":false,"template":"","format":"standard","meta":{"footnotes":""},"categories":[6,13],"tags":[],"class_list":["post-429063","post","type-post","status-publish","format-standard","has-post-thumbnail","hentry","category-nderkombetare","category-te-fundit"],"gt_translate_keys":[{"key":"link","format":"url"}],"_links":{"self":[{"href":"https:\/\/www.hashtag.al\/index.php\/wp-json\/wp\/v2\/posts\/429063","targetHints":{"allow":["GET"]}}],"collection":[{"href":"https:\/\/www.hashtag.al\/index.php\/wp-json\/wp\/v2\/posts"}],"about":[{"href":"https:\/\/www.hashtag.al\/index.php\/wp-json\/wp\/v2\/types\/post"}],"author":[{"embeddable":true,"href":"https:\/\/www.hashtag.al\/index.php\/wp-json\/wp\/v2\/users\/32"}],"replies":[{"embeddable":true,"href":"https:\/\/www.hashtag.al\/index.php\/wp-json\/wp\/v2\/comments?post=429063"}],"version-history":[{"count":0,"href":"https:\/\/www.hashtag.al\/index.php\/wp-json\/wp\/v2\/posts\/429063\/revisions"}],"wp:featuredmedia":[{"embeddable":true,"href":"https:\/\/www.hashtag.al\/index.php\/wp-json\/wp\/v2\/media\/428323"}],"wp:attachment":[{"href":"https:\/\/www.hashtag.al\/index.php\/wp-json\/wp\/v2\/media?parent=429063"}],"wp:term":[{"taxonomy":"category","embeddable":true,"href":"https:\/\/www.hashtag.al\/index.php\/wp-json\/wp\/v2\/categories?post=429063"},{"taxonomy":"post_tag","embeddable":true,"href":"https:\/\/www.hashtag.al\/index.php\/wp-json\/wp\/v2\/tags?post=429063"}],"curies":[{"name":"wp","href":"https:\/\/api.w.org\/{rel}","templated":true}]}}