{"id":428819,"date":"2021-02-09T18:41:00","date_gmt":"2021-02-09T17:41:00","guid":{"rendered":"https:\/\/hashtag.al\/?p=428819"},"modified":"2021-02-09T18:41:00","modified_gmt":"2021-02-09T17:41:00","slug":"rama-asnje-qindarke-e-donatoreve-nuk-ka-hyre-ne-buxhetin-e-shtetit-po-i-menaxhojne-vete","status":"publish","type":"post","link":"https:\/\/www.hashtag.al\/index.php\/2021\/02\/09\/rama-asnje-qindarke-e-donatoreve-nuk-ka-hyre-ne-buxhetin-e-shtetit-po-i-menaxhojne-vete\/","title":{"rendered":"Rama: Asnj\u00eb qindark\u00eb e donator\u00ebve nuk ka hyr\u00eb n\u00eb buxhetin e shtetit, po i menaxhojn\u00eb vet\u00eb","gt_translate_keys":[{"key":"rendered","format":"text"}]},"content":{"rendered":"<p><img loading=\"lazy\" decoding=\"async\" class=\"aligncenter size-full wp-image-428820\" src=\"https:\/\/hashtag.al\/wp-content\/uploads\/2021\/02\/rama-tiriot.png\" alt=\"\" width=\"1302\" height=\"725\" srcset=\"https:\/\/www.hashtag.al\/wp-content\/uploads\/2021\/02\/rama-tiriot.png 1302w, https:\/\/www.hashtag.al\/wp-content\/uploads\/2021\/02\/rama-tiriot-300x167.png 300w, https:\/\/www.hashtag.al\/wp-content\/uploads\/2021\/02\/rama-tiriot-768x428.png 768w, https:\/\/www.hashtag.al\/wp-content\/uploads\/2021\/02\/rama-tiriot-1024x570.png 1024w\" sizes=\"auto, (max-width: 1302px) 100vw, 1302px\" \/><\/p>\n<p><span style=\"color: #000000;\">Kryeministri Edi Rama i gjendur n\u00eb Durr\u00ebs duke folur mbi rind\u00ebrtimin dhe fondet e p\u00ebrcaktuara ka th\u00ebn\u00eb se nga parat\u00eb e donator\u00ebve nuk kan\u00eb shkuar n\u00eb buxhetin e shtetit.<\/span><\/p>\n<p><span style=\"color: #000000;\">Rama deklaroi se Bashkimi Evropian ka nisur t\u00eb nd\u00ebrtoj\u00eb shkollat dhe nj\u00eb pjes\u00eb t\u00eb fondeve do i \u00e7oj\u00eb p\u00ebr trash\u00ebgimin\u00eb kulturore.<\/span><\/p>\n<p><span style=\"color: #000000;\">\u201c<em>Sigurisht q\u00eb bota ne na ndihmoi shum\u00eb. Bashkimi Europian b\u00ebri nj\u00eb gjest t\u00eb rrall\u00eb. Ne kemi pasur konferenc\u00ebn m\u00eb t\u00eb suksesshme t\u00eb donator\u00ebve krahasuar me rastet e ngjashme, edhe p\u00ebr k\u00ebt\u00eb nj\u00eb merit\u00eb e kemi. Nuk thuhet se ne s\u2019ishim gj\u00ebkundi dhe bota jo. T\u00eb gjitha \u00e7far\u00eb keni par\u00eb deri m\u00eb tani, sht\u00ebpi, shkolla, kopshte, \u00e7erdhe, jan\u00eb nd\u00ebrtuar me lek\u00ebt e buxhetit t\u00eb shtetit shqiptar, t\u00eb gjitha komplet. Programet e konferenc\u00ebs s\u00eb donator\u00ebve jan\u00eb programe t\u00eb tjera. BE do t\u00eb nd\u00ebrtoj\u00eb pjes\u00ebn tjet\u00ebr t\u00eb shkollave, n\u00eb Durr\u00ebs kan\u00eb nisur shkollat me nd\u00ebrhyrjen e tyre. BE ka dh\u00ebn\u00eb 100 mln euro, nga t\u00eb cilat nj\u00eb pjes\u00eb jan\u00eb p\u00ebr shkollat dhe t\u00eb tjerat nga trash\u00ebgimit\u00eb kulturore. Bota lek\u00ebt e veta i menaxhon vet\u00eb. Shkollat q\u00eb po nd\u00ebrtohen nga BE menaxhohet nga ata. Nuk na kan\u00eb ardhur lek\u00ebt n\u00eb buxhetin e shtetit shqiptar<\/em>\u201d- tha Rama.<\/span><\/p>\n","protected":false,"gt_translate_keys":[{"key":"rendered","format":"html"}]},"excerpt":{"rendered":"<p>Kryeministri Edi Rama i gjendur n\u00eb Durr\u00ebs duke folur mbi rind\u00ebrtimin dhe fondet e p\u00ebrcaktuara ka th\u00ebn\u00eb se nga parat\u00eb e donator\u00ebve nuk kan\u00eb shkuar n\u00eb buxhetin e shtetit. Rama deklaroi se Bashkimi Evropian ka nisur t\u00eb nd\u00ebrtoj\u00eb shkollat dhe nj\u00eb pjes\u00eb t\u00eb fondeve do i \u00e7oj\u00eb p\u00ebr trash\u00ebgimin\u00eb kulturore. \u201cSigurisht q\u00eb bota ne na [&hellip;]<\/p>\n","protected":false,"gt_translate_keys":[{"key":"rendered","format":"html"}]},"author":32,"featured_media":428820,"comment_status":"open","ping_status":"open","sticky":false,"template":"","format":"standard","meta":{"footnotes":""},"categories":[65,13],"tags":[],"class_list":["post-428819","post","type-post","status-publish","format-standard","has-post-thumbnail","hentry","category-lajme","category-te-fundit"],"gt_translate_keys":[{"key":"link","format":"url"}],"_links":{"self":[{"href":"https:\/\/www.hashtag.al\/index.php\/wp-json\/wp\/v2\/posts\/428819","targetHints":{"allow":["GET"]}}],"collection":[{"href":"https:\/\/www.hashtag.al\/index.php\/wp-json\/wp\/v2\/posts"}],"about":[{"href":"https:\/\/www.hashtag.al\/index.php\/wp-json\/wp\/v2\/types\/post"}],"author":[{"embeddable":true,"href":"https:\/\/www.hashtag.al\/index.php\/wp-json\/wp\/v2\/users\/32"}],"replies":[{"embeddable":true,"href":"https:\/\/www.hashtag.al\/index.php\/wp-json\/wp\/v2\/comments?post=428819"}],"version-history":[{"count":0,"href":"https:\/\/www.hashtag.al\/index.php\/wp-json\/wp\/v2\/posts\/428819\/revisions"}],"wp:featuredmedia":[{"embeddable":true,"href":"https:\/\/www.hashtag.al\/index.php\/wp-json\/wp\/v2\/media\/428820"}],"wp:attachment":[{"href":"https:\/\/www.hashtag.al\/index.php\/wp-json\/wp\/v2\/media?parent=428819"}],"wp:term":[{"taxonomy":"category","embeddable":true,"href":"https:\/\/www.hashtag.al\/index.php\/wp-json\/wp\/v2\/categories?post=428819"},{"taxonomy":"post_tag","embeddable":true,"href":"https:\/\/www.hashtag.al\/index.php\/wp-json\/wp\/v2\/tags?post=428819"}],"curies":[{"name":"wp","href":"https:\/\/api.w.org\/{rel}","templated":true}]}}