{"id":428774,"date":"2021-02-09T14:40:49","date_gmt":"2021-02-09T13:40:49","guid":{"rendered":"https:\/\/hashtag.al\/?p=428774"},"modified":"2021-02-09T14:40:49","modified_gmt":"2021-02-09T13:40:49","slug":"basha-akuza-rames-eshte-pergjegjesi-i-vetem-per-situaten-e-rende-te-pandemise-covid-19","status":"publish","type":"post","link":"https:\/\/www.hashtag.al\/index.php\/2021\/02\/09\/basha-akuza-rames-eshte-pergjegjesi-i-vetem-per-situaten-e-rende-te-pandemise-covid-19\/","title":{"rendered":"Basha akuza Ram\u00ebs: \u00cbsht\u00eb p\u00ebrgjegj\u00ebsi i vet\u00ebm p\u00ebr situat\u00ebn e r\u00ebnd\u00eb t\u00eb pandemis\u00eb Covid-19","gt_translate_keys":[{"key":"rendered","format":"text"}]},"content":{"rendered":"<p><img loading=\"lazy\" decoding=\"async\" class=\"aligncenter size-full wp-image-428775\" src=\"https:\/\/hashtag.al\/wp-content\/uploads\/2021\/02\/basha-2.jpg\" alt=\"\" width=\"1082\" height=\"594\" srcset=\"https:\/\/www.hashtag.al\/wp-content\/uploads\/2021\/02\/basha-2.jpg 1082w, https:\/\/www.hashtag.al\/wp-content\/uploads\/2021\/02\/basha-2-300x165.jpg 300w, https:\/\/www.hashtag.al\/wp-content\/uploads\/2021\/02\/basha-2-768x422.jpg 768w, https:\/\/www.hashtag.al\/wp-content\/uploads\/2021\/02\/basha-2-1024x562.jpg 1024w\" sizes=\"auto, (max-width: 1082px) 100vw, 1082px\" \/><\/p>\n<p><span style=\"color: #000000;\">Kreu i Partis\u00eb Demokratike ka akuzuar kryeministrin Rama lidhur me situat\u00ebn q\u00eb po kalon vendi p\u00ebr sa i p\u00ebrket pandemis\u00eb Covid-19.<\/span><\/p>\n<p><span style=\"color: #000000;\"> N\u00eb nj\u00eb deklarat\u00eb p\u00ebr mediat nga selia blu, Basha tha se p\u00ebrgjegj\u00ebsi e fajtori i vet\u00ebm p\u00ebr k\u00ebt\u00eb \u00ebsht\u00eb kreu i qeveris\u00eb. <\/span><\/p>\n<p><span style=\"color: #000000;\">Ai shtoi se p\u00ebr shqiptar\u00ebt, Edi Rama \u00ebsht\u00eb e shkuara dhe se pas 25 prillit vendi do ket\u00eb nj\u00eb kryeminist\u00ebr q\u00eb do i \u00e7oj\u00eb parat\u00eb e shqiptar\u00ebve n\u00eb xhepat e tyre dhe jo t\u00eb nj\u00eb grupi njer\u00ebzish.<\/span><\/p>\n<p><span style=\"color: #000000;\"><em>\u201cKa nj\u00eb njeri p\u00ebrgjegj\u00ebs pse situata ka shkuar k\u00ebtu. Pozitiviteti n\u00eb testime \u00ebsht\u00eb n\u00eb nivele rekord. Rama ka ndjekur nj\u00eb filozofi, q\u00eb t\u00eb fsheh\u00eb t\u00eb v\u00ebrtet\u00ebn. E v\u00ebrteta nuk fshihet me propagand\u00eb. Rama p\u00ebr shumic\u00ebn d\u00ebrrmuese t\u00eb shqiptar\u00ebve \u00ebsht\u00eb e shkuara. Shqiptar\u00ebt do ken\u00eb nj\u00eb kryeminist\u00ebr, q\u00eb parat\u00eb e tyre do t\u00eb shkojn\u00eb tek ta, nuk do ken\u00eb kryeministrin si gogol, q\u00eb g\u00ebnjen e shpik. Pas 8 vitesh d\u00ebshtime, do t\u00eb g\u00ebnjej\u00eb.\u201d<\/em> &#8211; tha Basha.<\/span><\/p>\n","protected":false,"gt_translate_keys":[{"key":"rendered","format":"html"}]},"excerpt":{"rendered":"<p>Kreu i Partis\u00eb Demokratike ka akuzuar kryeministrin Rama lidhur me situat\u00ebn q\u00eb po kalon vendi p\u00ebr sa i p\u00ebrket pandemis\u00eb Covid-19. N\u00eb nj\u00eb deklarat\u00eb p\u00ebr mediat nga selia blu, Basha tha se p\u00ebrgjegj\u00ebsi e fajtori i vet\u00ebm p\u00ebr k\u00ebt\u00eb \u00ebsht\u00eb kreu i qeveris\u00eb. Ai shtoi se p\u00ebr shqiptar\u00ebt, Edi Rama \u00ebsht\u00eb e shkuara dhe se [&hellip;]<\/p>\n","protected":false,"gt_translate_keys":[{"key":"rendered","format":"html"}]},"author":51,"featured_media":428775,"comment_status":"open","ping_status":"open","sticky":false,"template":"","format":"standard","meta":{"footnotes":""},"categories":[65,13],"tags":[],"class_list":["post-428774","post","type-post","status-publish","format-standard","has-post-thumbnail","hentry","category-lajme","category-te-fundit"],"gt_translate_keys":[{"key":"link","format":"url"}],"_links":{"self":[{"href":"https:\/\/www.hashtag.al\/index.php\/wp-json\/wp\/v2\/posts\/428774","targetHints":{"allow":["GET"]}}],"collection":[{"href":"https:\/\/www.hashtag.al\/index.php\/wp-json\/wp\/v2\/posts"}],"about":[{"href":"https:\/\/www.hashtag.al\/index.php\/wp-json\/wp\/v2\/types\/post"}],"author":[{"embeddable":true,"href":"https:\/\/www.hashtag.al\/index.php\/wp-json\/wp\/v2\/users\/51"}],"replies":[{"embeddable":true,"href":"https:\/\/www.hashtag.al\/index.php\/wp-json\/wp\/v2\/comments?post=428774"}],"version-history":[{"count":0,"href":"https:\/\/www.hashtag.al\/index.php\/wp-json\/wp\/v2\/posts\/428774\/revisions"}],"wp:featuredmedia":[{"embeddable":true,"href":"https:\/\/www.hashtag.al\/index.php\/wp-json\/wp\/v2\/media\/428775"}],"wp:attachment":[{"href":"https:\/\/www.hashtag.al\/index.php\/wp-json\/wp\/v2\/media?parent=428774"}],"wp:term":[{"taxonomy":"category","embeddable":true,"href":"https:\/\/www.hashtag.al\/index.php\/wp-json\/wp\/v2\/categories?post=428774"},{"taxonomy":"post_tag","embeddable":true,"href":"https:\/\/www.hashtag.al\/index.php\/wp-json\/wp\/v2\/tags?post=428774"}],"curies":[{"name":"wp","href":"https:\/\/api.w.org\/{rel}","templated":true}]}}