{"id":428630,"date":"2021-02-08T23:03:26","date_gmt":"2021-02-08T22:03:26","guid":{"rendered":"https:\/\/hashtag.al\/?p=428630"},"modified":"2021-02-08T23:03:26","modified_gmt":"2021-02-08T22:03:26","slug":"meta-25-prilli-do-vendose-legjitimitetin-partite-te-perfaqesohen-me-figura-te-denja","status":"publish","type":"post","link":"https:\/\/www.hashtag.al\/index.php\/2021\/02\/08\/meta-25-prilli-do-vendose-legjitimitetin-partite-te-perfaqesohen-me-figura-te-denja\/","title":{"rendered":"Meta: 25 prilli do vendos\u00eb legjitimitetin, partit\u00eb t\u00eb p\u00ebrfaq\u00ebsohen me figura t\u00eb denja","gt_translate_keys":[{"key":"rendered","format":"text"}]},"content":{"rendered":"<p><img loading=\"lazy\" decoding=\"async\" class=\"aligncenter size-full wp-image-428631\" src=\"https:\/\/hashtag.al\/wp-content\/uploads\/2021\/02\/meta-sot7.jpg\" alt=\"\" width=\"900\" height=\"600\" srcset=\"https:\/\/www.hashtag.al\/wp-content\/uploads\/2021\/02\/meta-sot7.jpg 900w, https:\/\/www.hashtag.al\/wp-content\/uploads\/2021\/02\/meta-sot7-300x200.jpg 300w, https:\/\/www.hashtag.al\/wp-content\/uploads\/2021\/02\/meta-sot7-768x512.jpg 768w\" sizes=\"auto, (max-width: 900px) 100vw, 900px\" \/><\/p>\n<p><span style=\"color: #000000;\">Presidenti Ilir Meta n\u00eb nj\u00eb intervist\u00eb p\u00ebr emisionin \u201cKonak\u201d n\u00eb televizionin \u201cSot7\u201d se zgjedhjet e 25 prillit do rivendosin e legjitimitetin e institucioneve.<\/span><\/p>\n<p><span style=\"color: #000000;\">Meta b\u00ebri thirrje q\u00eb partit\u00eb t\u00eb kontribuojn\u00eb p\u00ebr zgjedhje t\u00eb lira por edhe t\u00eb p\u00ebrfaq\u00ebsohen me figura pa probleme.<\/span><\/p>\n<p><span style=\"color: #000000;\">\u201c<em>25 prilli \u00ebsht\u00eb nj\u00eb moment shum\u00eb i r\u00ebnd\u00ebsish\u00ebm dhe historik, p\u00ebr rivendosjen e legjitimiteti demokratik t\u00eb t\u00eb gjith\u00eb institucioneve.<\/em><\/span><\/p>\n<p><span style=\"color: #000000;\"><em>\u00cbsht\u00eb shum\u00eb e r\u00ebnd\u00ebsishme, q\u00eb partit\u00eb jo vet\u00ebm t\u00eb kontribuojn\u00eb\u00a0 p\u00ebr zgjedhje t\u00eb lira e t\u00eb ndershme, por edhe\u00a0 t\u00eb p\u00ebrfaq\u00ebsohen me figura t\u00eb denja dhe\u00a0 pa probleme me dekriminalizimin, apo edhe me ata, q\u00eb kan\u00eb abuzuar me pushtetin.<\/em><\/span><\/p>\n<p><span style=\"color: #000000;\"><em>K\u00ebt\u00eb gjykim sigurisht do ta b\u00ebj vet\u00eb sovrani.<\/em><\/span><\/p>\n<p><span style=\"color: #000000;\"><em>Un\u00eb kam nj\u00eb vot\u00eb n\u00eb dit\u00ebn e votimeve, p\u00ebr t\u00eb zgjedhur nj\u00eb parti apo nj\u00eb kandidat t\u00eb caktuar edhe kjo \u00ebsht\u00eb e fsheht\u00eb.<\/em><\/span><\/p>\n<p><span style=\"color: #000000;\"><em>Njer\u00ebzit jan\u00eb lodhur nga deformimi i p\u00ebrfaq\u00ebsimit t\u00eb tyre dhe i shnd\u00ebrrimit t\u00eb Kuvendit dhe institucioneve t\u00eb tjera n\u00eb grupe t\u00eb \u201cfort\u00ebsh\u201d apo n\u00eb klube arrogant\u00ebsh posht\u00ebrues p\u00ebr qytetarin e thjesht\u00eb<\/em>\u201d-deklaroi Meta.<\/span><\/p>\n","protected":false,"gt_translate_keys":[{"key":"rendered","format":"html"}]},"excerpt":{"rendered":"<p>Presidenti Ilir Meta n\u00eb nj\u00eb intervist\u00eb p\u00ebr emisionin \u201cKonak\u201d n\u00eb televizionin \u201cSot7\u201d se zgjedhjet e 25 prillit do rivendosin e legjitimitetin e institucioneve. Meta b\u00ebri thirrje q\u00eb partit\u00eb t\u00eb kontribuojn\u00eb p\u00ebr zgjedhje t\u00eb lira por edhe t\u00eb p\u00ebrfaq\u00ebsohen me figura pa probleme. \u201c25 prilli \u00ebsht\u00eb nj\u00eb moment shum\u00eb i r\u00ebnd\u00ebsish\u00ebm dhe historik, p\u00ebr rivendosjen e [&hellip;]<\/p>\n","protected":false,"gt_translate_keys":[{"key":"rendered","format":"html"}]},"author":32,"featured_media":428631,"comment_status":"open","ping_status":"open","sticky":false,"template":"","format":"standard","meta":{"footnotes":""},"categories":[65,13],"tags":[],"class_list":["post-428630","post","type-post","status-publish","format-standard","has-post-thumbnail","hentry","category-lajme","category-te-fundit"],"gt_translate_keys":[{"key":"link","format":"url"}],"_links":{"self":[{"href":"https:\/\/www.hashtag.al\/index.php\/wp-json\/wp\/v2\/posts\/428630","targetHints":{"allow":["GET"]}}],"collection":[{"href":"https:\/\/www.hashtag.al\/index.php\/wp-json\/wp\/v2\/posts"}],"about":[{"href":"https:\/\/www.hashtag.al\/index.php\/wp-json\/wp\/v2\/types\/post"}],"author":[{"embeddable":true,"href":"https:\/\/www.hashtag.al\/index.php\/wp-json\/wp\/v2\/users\/32"}],"replies":[{"embeddable":true,"href":"https:\/\/www.hashtag.al\/index.php\/wp-json\/wp\/v2\/comments?post=428630"}],"version-history":[{"count":0,"href":"https:\/\/www.hashtag.al\/index.php\/wp-json\/wp\/v2\/posts\/428630\/revisions"}],"wp:featuredmedia":[{"embeddable":true,"href":"https:\/\/www.hashtag.al\/index.php\/wp-json\/wp\/v2\/media\/428631"}],"wp:attachment":[{"href":"https:\/\/www.hashtag.al\/index.php\/wp-json\/wp\/v2\/media?parent=428630"}],"wp:term":[{"taxonomy":"category","embeddable":true,"href":"https:\/\/www.hashtag.al\/index.php\/wp-json\/wp\/v2\/categories?post=428630"},{"taxonomy":"post_tag","embeddable":true,"href":"https:\/\/www.hashtag.al\/index.php\/wp-json\/wp\/v2\/tags?post=428630"}],"curies":[{"name":"wp","href":"https:\/\/api.w.org\/{rel}","templated":true}]}}