{"id":428340,"date":"2021-02-07T19:26:47","date_gmt":"2021-02-07T18:26:47","guid":{"rendered":"https:\/\/hashtag.al\/?p=428340"},"modified":"2021-02-07T19:27:40","modified_gmt":"2021-02-07T18:27:40","slug":"thyen-kemben-17-vjecari-bllokohen-ne-malin-prane-kufirit-me-greqine-grupi-i-alpinisteve-video","status":"publish","type":"post","link":"https:\/\/www.hashtag.al\/index.php\/2021\/02\/07\/thyen-kemben-17-vjecari-bllokohen-ne-malin-prane-kufirit-me-greqine-grupi-i-alpinisteve-video\/","title":{"rendered":"Thyen k\u00ebmb\u00ebn 17-vje\u00e7ari, bllokohet n\u00eb malin pran\u00eb kufirit me Greqin\u00eb grupi i alpinist\u00ebve (Video)","gt_translate_keys":[{"key":"rendered","format":"text"}]},"content":{"rendered":"<div style=\"width: 1170px;\" class=\"wp-video\"><video class=\"wp-video-shortcode\" id=\"video-428340-1\" width=\"1170\" height=\"658\" preload=\"metadata\" controls=\"controls\"><source type=\"video\/mp4\" src=\"https:\/\/hashtag.al\/wp-content\/uploads\/2021\/02\/adoleshentimurgane.mp4?_=1\" \/><a href=\"https:\/\/hashtag.al\/wp-content\/uploads\/2021\/02\/adoleshentimurgane.mp4\">https:\/\/hashtag.al\/wp-content\/uploads\/2021\/02\/adoleshentimurgane.mp4<\/a><\/video><\/div>\n<p><span style=\"color: #000000;\">Nj\u00eb 17-vje\u00e7ar ka thyer k\u00ebmb\u00ebn n\u00eb malin e Murgan\u00ebs, pran\u00eb kufirit me Greqin\u00eb.<\/span><\/p>\n<p><span style=\"color: #000000;\"> Ai ishte pjes\u00eb e nj\u00eb grupi prej 20 alpinist\u00ebsh q\u00eb ishin ngjitur n\u00eb k\u00ebt\u00eb mal. <\/span><\/p>\n<p><span style=\"color: #000000;\">Personat e grupit po e ndihmojn\u00eb adoleshentin p\u00ebr ta zbritur posht\u00eb m\u00eb mjete rrethanore, nd\u00ebrsa \u00ebsht\u00eb k\u00ebrkuar ndihma e efektiv\u00ebve t\u00eb policis\u00eb q\u00eb po ngjiten n\u00eb lart\u00ebsin\u00eb mbi 1200 metra.<\/span><\/p>\n<p><span style=\"color: #000000;\"><span style=\"color: #ff0000;\"><strong>*<\/strong><\/span>Video Credit: <span style=\"color: #0000ff;\">TCH<\/span><\/span><\/p>\n","protected":false,"gt_translate_keys":[{"key":"rendered","format":"html"}]},"excerpt":{"rendered":"<p>Nj\u00eb 17-vje\u00e7ar ka thyer k\u00ebmb\u00ebn n\u00eb malin e Murgan\u00ebs, pran\u00eb kufirit me Greqin\u00eb. Ai ishte pjes\u00eb e nj\u00eb grupi prej 20 alpinist\u00ebsh q\u00eb ishin ngjitur n\u00eb k\u00ebt\u00eb mal. Personat e grupit po e ndihmojn\u00eb adoleshentin p\u00ebr ta zbritur posht\u00eb m\u00eb mjete rrethanore, nd\u00ebrsa \u00ebsht\u00eb k\u00ebrkuar ndihma e efektiv\u00ebve t\u00eb policis\u00eb q\u00eb po ngjiten n\u00eb lart\u00ebsin\u00eb [&hellip;]<\/p>\n","protected":false,"gt_translate_keys":[{"key":"rendered","format":"html"}]},"author":51,"featured_media":428342,"comment_status":"open","ping_status":"open","sticky":false,"template":"","format":"standard","meta":{"footnotes":""},"categories":[65,13],"tags":[],"class_list":["post-428340","post","type-post","status-publish","format-standard","has-post-thumbnail","hentry","category-lajme","category-te-fundit"],"gt_translate_keys":[{"key":"link","format":"url"}],"_links":{"self":[{"href":"https:\/\/www.hashtag.al\/index.php\/wp-json\/wp\/v2\/posts\/428340","targetHints":{"allow":["GET"]}}],"collection":[{"href":"https:\/\/www.hashtag.al\/index.php\/wp-json\/wp\/v2\/posts"}],"about":[{"href":"https:\/\/www.hashtag.al\/index.php\/wp-json\/wp\/v2\/types\/post"}],"author":[{"embeddable":true,"href":"https:\/\/www.hashtag.al\/index.php\/wp-json\/wp\/v2\/users\/51"}],"replies":[{"embeddable":true,"href":"https:\/\/www.hashtag.al\/index.php\/wp-json\/wp\/v2\/comments?post=428340"}],"version-history":[{"count":0,"href":"https:\/\/www.hashtag.al\/index.php\/wp-json\/wp\/v2\/posts\/428340\/revisions"}],"wp:featuredmedia":[{"embeddable":true,"href":"https:\/\/www.hashtag.al\/index.php\/wp-json\/wp\/v2\/media\/428342"}],"wp:attachment":[{"href":"https:\/\/www.hashtag.al\/index.php\/wp-json\/wp\/v2\/media?parent=428340"}],"wp:term":[{"taxonomy":"category","embeddable":true,"href":"https:\/\/www.hashtag.al\/index.php\/wp-json\/wp\/v2\/categories?post=428340"},{"taxonomy":"post_tag","embeddable":true,"href":"https:\/\/www.hashtag.al\/index.php\/wp-json\/wp\/v2\/tags?post=428340"}],"curies":[{"name":"wp","href":"https:\/\/api.w.org\/{rel}","templated":true}]}}