{"id":427831,"date":"2021-02-04T18:41:20","date_gmt":"2021-02-04T17:41:20","guid":{"rendered":"https:\/\/hashtag.al\/?p=427831"},"modified":"2021-02-04T18:41:20","modified_gmt":"2021-02-04T17:41:20","slug":"aguero-pritet-te-kaloje-te-barcelona","status":"publish","type":"post","link":"https:\/\/www.hashtag.al\/index.php\/2021\/02\/04\/aguero-pritet-te-kaloje-te-barcelona\/","title":{"rendered":"Aguero pritet t\u00eb kaloj\u00eb te Barcelona","gt_translate_keys":[{"key":"rendered","format":"text"}]},"content":{"rendered":"<p><img loading=\"lazy\" decoding=\"async\" class=\"aligncenter size-full wp-image-293093\" src=\"https:\/\/hashtag.al\/wp-content\/uploads\/2019\/04\/aguero.jpg\" alt=\"\" width=\"800\" height=\"450\" srcset=\"https:\/\/www.hashtag.al\/wp-content\/uploads\/2019\/04\/aguero.jpg 800w, https:\/\/www.hashtag.al\/wp-content\/uploads\/2019\/04\/aguero-300x169.jpg 300w, https:\/\/www.hashtag.al\/wp-content\/uploads\/2019\/04\/aguero-768x432.jpg 768w\" sizes=\"auto, (max-width: 800px) 100vw, 800px\" \/><\/p>\n<p><span style=\"color: #000000;\">Sulmuesi Sergio Aguero pritet t\u00eb jet\u00eb p\u00ebrforcimi i par\u00eb i Barcelon\u00ebs n\u00eb afatin kalimtar t\u00eb ver\u00ebs.<\/span><\/p>\n<p><span style=\"color: #000000;\">Mediumet spanjolle kan\u00eb raportuar t\u00eb enjten se Aguero n\u00eb parim ka arritur marr\u00ebveshje me Barcelon\u00ebn dhe ekipit spanjoll do t\u2019i bashkohet si lojtar i lir\u00eb pas p\u00ebrfundimit t\u00eb k\u00ebtij edicioni kur edhe i skadon kontrata me Manchester Cityn.<\/span><\/p>\n<p><span style=\"color: #000000;\">Me transferimin e tij te Barcelona, Aguero do t\u00eb kthehet n\u00eb Spanj\u00eb pas nj\u00eb dekade t\u00eb kaluar te Manchester City, me t\u00eb cilin ekip ka fituar kat\u00ebr tituj kampioni t\u00eb Anglis\u00eb.<\/span><\/p>\n<p><span style=\"color: #000000;\">Sulmuesi 32-vje\u00e7ar k\u00ebt\u00eb edicion ka pasur telashe me l\u00ebndime dhe deri m\u00eb tash ka regjistruar n\u00ebnt\u00eb paraqitje ku ka sh\u00ebnuar dy gola n\u00eb t\u00eb gjitha garat p\u00ebr Cityn.<\/span><\/p>\n<p><span style=\"color: #000000;\">Tek ekipi anglez u transferua n\u00eb ver\u00ebn e vitit 2011 nga Atletico Madridi p\u00ebr 45 milion\u00eb euro d\u00ebmshp\u00ebrblim.<\/span><\/p>\n","protected":false,"gt_translate_keys":[{"key":"rendered","format":"html"}]},"excerpt":{"rendered":"<p>Sulmuesi Sergio Aguero pritet t\u00eb jet\u00eb p\u00ebrforcimi i par\u00eb i Barcelon\u00ebs n\u00eb afatin kalimtar t\u00eb ver\u00ebs. Mediumet spanjolle kan\u00eb raportuar t\u00eb enjten se Aguero n\u00eb parim ka arritur marr\u00ebveshje me Barcelon\u00ebn dhe ekipit spanjoll do t\u2019i bashkohet si lojtar i lir\u00eb pas p\u00ebrfundimit t\u00eb k\u00ebtij edicioni kur edhe i skadon kontrata me Manchester Cityn. Me [&hellip;]<\/p>\n","protected":false,"gt_translate_keys":[{"key":"rendered","format":"html"}]},"author":32,"featured_media":293093,"comment_status":"open","ping_status":"open","sticky":false,"template":"","format":"standard","meta":{"footnotes":""},"categories":[134,13],"tags":[],"class_list":["post-427831","post","type-post","status-publish","format-standard","has-post-thumbnail","hentry","category-sport","category-te-fundit"],"gt_translate_keys":[{"key":"link","format":"url"}],"_links":{"self":[{"href":"https:\/\/www.hashtag.al\/index.php\/wp-json\/wp\/v2\/posts\/427831","targetHints":{"allow":["GET"]}}],"collection":[{"href":"https:\/\/www.hashtag.al\/index.php\/wp-json\/wp\/v2\/posts"}],"about":[{"href":"https:\/\/www.hashtag.al\/index.php\/wp-json\/wp\/v2\/types\/post"}],"author":[{"embeddable":true,"href":"https:\/\/www.hashtag.al\/index.php\/wp-json\/wp\/v2\/users\/32"}],"replies":[{"embeddable":true,"href":"https:\/\/www.hashtag.al\/index.php\/wp-json\/wp\/v2\/comments?post=427831"}],"version-history":[{"count":0,"href":"https:\/\/www.hashtag.al\/index.php\/wp-json\/wp\/v2\/posts\/427831\/revisions"}],"wp:featuredmedia":[{"embeddable":true,"href":"https:\/\/www.hashtag.al\/index.php\/wp-json\/wp\/v2\/media\/293093"}],"wp:attachment":[{"href":"https:\/\/www.hashtag.al\/index.php\/wp-json\/wp\/v2\/media?parent=427831"}],"wp:term":[{"taxonomy":"category","embeddable":true,"href":"https:\/\/www.hashtag.al\/index.php\/wp-json\/wp\/v2\/categories?post=427831"},{"taxonomy":"post_tag","embeddable":true,"href":"https:\/\/www.hashtag.al\/index.php\/wp-json\/wp\/v2\/tags?post=427831"}],"curies":[{"name":"wp","href":"https:\/\/api.w.org\/{rel}","templated":true}]}}