{"id":427711,"date":"2021-02-04T11:14:13","date_gmt":"2021-02-04T10:14:13","guid":{"rendered":"https:\/\/hashtag.al\/?p=427711"},"modified":"2021-02-04T11:14:13","modified_gmt":"2021-02-04T10:14:13","slug":"arben-frroku-kerkese-gjkko-se-me-llogarisni-vitet-e-paraburgimit","status":"publish","type":"post","link":"https:\/\/www.hashtag.al\/index.php\/2021\/02\/04\/arben-frroku-kerkese-gjkko-se-me-llogarisni-vitet-e-paraburgimit\/","title":{"rendered":"Arben Frroku k\u00ebrkes\u00eb GJKKO-s\u00eb: M\u00eb llogarisni vitet e paraburgimit","gt_translate_keys":[{"key":"rendered","format":"text"}]},"content":{"rendered":"<p><span style=\"color: #000000;\"><a href=\"https:\/\/hashtag.al\/wp-content\/uploads\/2021\/02\/Srben-Frroku.jpg\"><img loading=\"lazy\" decoding=\"async\" class=\"aligncenter size-full wp-image-427712\" src=\"https:\/\/hashtag.al\/wp-content\/uploads\/2021\/02\/Srben-Frroku.jpg\" alt=\"\" width=\"832\" height=\"485\" srcset=\"https:\/\/www.hashtag.al\/wp-content\/uploads\/2021\/02\/Srben-Frroku.jpg 832w, https:\/\/www.hashtag.al\/wp-content\/uploads\/2021\/02\/Srben-Frroku-300x175.jpg 300w, https:\/\/www.hashtag.al\/wp-content\/uploads\/2021\/02\/Srben-Frroku-768x448.jpg 768w\" sizes=\"auto, (max-width: 832px) 100vw, 832px\" \/><\/a><\/span><\/p>\n<p><span style=\"color: #000000;\">I akuzuari p\u00ebr vrasjen e komisar Dritan Lamaj, Arben Frroku i ka b\u00ebr\u00eb sot nj\u00eb k\u00ebrkes\u00eb Gjykat\u00ebs s\u00eb Posa\u00e7me.<\/span><\/p>\n<p><span style=\"color: #000000;\">Ai i k\u00ebrkon GJKKO-s\u00eb t\u2019i llogaris\u00eb edhe koh\u00ebn e paraburgimit, q\u00eb ka q\u00ebndruar n\u00eb Greqi, kur u arrestua n\u00eb vitin 2013.<\/span><\/p>\n<p><span style=\"color: #000000;\">Sipas televizionit \u201cNews 24\u201d, k\u00ebrkesa e Frrokut po shqyrtohet nga gjyqtari Klodian Kurushi.<\/span><\/p>\n<p><span style=\"color: #000000;\">Kujtojm\u00eb se Arben Frroku \u00ebsht\u00eb d\u00ebnuar nga ish-Apeli i Krimeve t\u00eb R\u00ebnda me burgim t\u00eb p\u00ebrjetsh\u00ebm, por ky d\u00ebnim iu konvertua me 18 vite burg n\u00eb Holand\u00eb. Ai akuzohet p\u00ebr vrasjen e komisarit Dritan Lamaj m\u00eb 24 Shkurt 2013.<\/span><\/p>\n<p><span style=\"color: #000000;\">Shteti holandez e ka refuzuar k\u00ebrkes\u00ebn p\u00ebr ekstradimin e Arben Frrokut drejt Shqip\u00ebris\u00eb.<\/span><\/p>\n","protected":false,"gt_translate_keys":[{"key":"rendered","format":"html"}]},"excerpt":{"rendered":"<p>I akuzuari p\u00ebr vrasjen e komisar Dritan Lamaj, Arben Frroku i ka b\u00ebr\u00eb sot nj\u00eb k\u00ebrkes\u00eb Gjykat\u00ebs s\u00eb Posa\u00e7me. Ai i k\u00ebrkon GJKKO-s\u00eb t\u2019i llogaris\u00eb edhe koh\u00ebn e paraburgimit, q\u00eb ka q\u00ebndruar n\u00eb Greqi, kur u arrestua n\u00eb vitin 2013. Sipas televizionit \u201cNews 24\u201d, k\u00ebrkesa e Frrokut po shqyrtohet nga gjyqtari Klodian Kurushi. Kujtojm\u00eb se [&hellip;]<\/p>\n","protected":false,"gt_translate_keys":[{"key":"rendered","format":"html"}]},"author":30,"featured_media":427712,"comment_status":"open","ping_status":"open","sticky":false,"template":"","format":"standard","meta":{"footnotes":""},"categories":[65,13],"tags":[],"class_list":["post-427711","post","type-post","status-publish","format-standard","has-post-thumbnail","hentry","category-lajme","category-te-fundit"],"gt_translate_keys":[{"key":"link","format":"url"}],"_links":{"self":[{"href":"https:\/\/www.hashtag.al\/index.php\/wp-json\/wp\/v2\/posts\/427711","targetHints":{"allow":["GET"]}}],"collection":[{"href":"https:\/\/www.hashtag.al\/index.php\/wp-json\/wp\/v2\/posts"}],"about":[{"href":"https:\/\/www.hashtag.al\/index.php\/wp-json\/wp\/v2\/types\/post"}],"author":[{"embeddable":true,"href":"https:\/\/www.hashtag.al\/index.php\/wp-json\/wp\/v2\/users\/30"}],"replies":[{"embeddable":true,"href":"https:\/\/www.hashtag.al\/index.php\/wp-json\/wp\/v2\/comments?post=427711"}],"version-history":[{"count":0,"href":"https:\/\/www.hashtag.al\/index.php\/wp-json\/wp\/v2\/posts\/427711\/revisions"}],"wp:featuredmedia":[{"embeddable":true,"href":"https:\/\/www.hashtag.al\/index.php\/wp-json\/wp\/v2\/media\/427712"}],"wp:attachment":[{"href":"https:\/\/www.hashtag.al\/index.php\/wp-json\/wp\/v2\/media?parent=427711"}],"wp:term":[{"taxonomy":"category","embeddable":true,"href":"https:\/\/www.hashtag.al\/index.php\/wp-json\/wp\/v2\/categories?post=427711"},{"taxonomy":"post_tag","embeddable":true,"href":"https:\/\/www.hashtag.al\/index.php\/wp-json\/wp\/v2\/tags?post=427711"}],"curies":[{"name":"wp","href":"https:\/\/api.w.org\/{rel}","templated":true}]}}