{"id":427526,"date":"2021-02-03T10:37:05","date_gmt":"2021-02-03T09:37:05","guid":{"rendered":"https:\/\/hashtag.al\/?p=427526"},"modified":"2021-02-03T10:37:05","modified_gmt":"2021-02-03T09:37:05","slug":"pse-i-keni-bere-pamjet-e-rames-bardhe-e-zi-analisti-merzitet-dhe-debaton-me-sonila-mecon-video","status":"publish","type":"post","link":"https:\/\/www.hashtag.al\/index.php\/2021\/02\/03\/pse-i-keni-bere-pamjet-e-rames-bardhe-e-zi-analisti-merzitet-dhe-debaton-me-sonila-mecon-video\/","title":{"rendered":"&#8220;Pse i keni b\u00ebr\u00eb pamjet e Ram\u00ebs bardh\u00eb e zi?&#8221; &#8211; analisti m\u00ebrzitet dhe debaton me Sonila Me\u00e7on (VIDEO)","gt_translate_keys":[{"key":"rendered","format":"text"}]},"content":{"rendered":"<p><a href=\"https:\/\/hashtag.al\/wp-content\/uploads\/2021\/02\/Zyla-Meco.jpg\"><img loading=\"lazy\" decoding=\"async\" class=\"aligncenter size-full wp-image-427527\" src=\"https:\/\/hashtag.al\/wp-content\/uploads\/2021\/02\/Zyla-Meco.jpg\" alt=\"\" width=\"1280\" height=\"720\" srcset=\"https:\/\/www.hashtag.al\/wp-content\/uploads\/2021\/02\/Zyla-Meco.jpg 1280w, https:\/\/www.hashtag.al\/wp-content\/uploads\/2021\/02\/Zyla-Meco-300x169.jpg 300w, https:\/\/www.hashtag.al\/wp-content\/uploads\/2021\/02\/Zyla-Meco-768x432.jpg 768w, https:\/\/www.hashtag.al\/wp-content\/uploads\/2021\/02\/Zyla-Meco-1024x576.jpg 1024w\" sizes=\"auto, (max-width: 1280px) 100vw, 1280px\" \/><\/a><\/p>\n<p><span style=\"color: #000000;\">Analisti dhe eksperti i komunikimit Julian Zyla, ka debatuar mbr\u00ebmjen e kaluar me gazetaren Sonila Me\u00e7o, nd\u00ebrsa ishte i ftuar n\u00eb emisionin \u201cTempora\u201d t\u00eb k\u00ebsaj t\u00eb fundit, q\u00eb transmetohet n\u00eb RTV Ora.<\/span><\/p>\n<p><span style=\"color: #000000;\">Pasi u transmetua nj\u00eb kronik\u00eb mbi kanabisin dhe zgjedhjet, analisti Zyla u revoltua me drejtuesen e emisionit lidhur me faktin se pse disa nga pamjet e kryeministrit Edi Rama ishin b\u00ebr\u00eb n\u00eb ngjyrat bardh\u00eb e zi. Sipas tij k\u00ebto ngjyra vendosen kur b\u00ebhet nj\u00eb p\u00ebrballje mes t\u00eb mir\u00ebs dhe s\u00eb keqes dhe n\u00eb k\u00ebt\u00eb rast nuk duheshin p\u00ebrdorur nga gazetar\u00ebt.<\/span><\/p>\n<p><strong><span style=\"color: #000000;\">DEBATI:<\/span><\/strong><\/p>\n<p><span style=\"color: #000000;\"><strong>Zyla:<\/strong> Nj\u00eb pyetje kam, n\u00eb k\u00ebt\u00eb kronik\u00eb cili \u00ebsht\u00eb sh\u00ebrbimi gazetaresk q\u00eb pamjet e kryeministrit t\u00eb b\u00ebhen bardh\u00eb e zi?! E kam shum\u00eb t\u00eb sinqert\u00eb.<\/span><\/p>\n<p><span style=\"color: #000000;\">Shoh nj\u00eb kronik\u00eb televizive q\u00eb duhet t\u00eb jet\u00eb e paanshme teorikisht, dhe duket si nj\u00eb video e sjell\u00eb nga studiot e PD-s\u00eb.<\/span><\/p>\n<p><span style=\"color: #000000;\"><strong>Me\u00e7o:<\/strong> Ta them un\u00eb pse jan\u00eb bardh\u00eb e zi?<\/span><\/p>\n<p><span style=\"color: #000000;\"><strong>Zyla:<\/strong> Jo nj\u00eb sekond\u00eb. Tani un\u00eb po b\u00ebj nj\u00eb koment si ekspert komunikimi.<\/span><\/p>\n<p><span style=\"color: #000000;\"><strong>Me\u00e7o:<\/strong> Ta them un\u00eb pse, ti p\u00ebrgjigjem pyetjes?<\/span><\/p>\n<p><span style=\"color: #000000;\"><strong>Zyla:<\/strong> Jo, t\u00eb mbaroj pyetjen. Pamjet e kryeministrit jan\u00eb bardh\u00eb e zi.<\/span><\/p>\n<p><span style=\"color: #000000;\"><strong>Me\u00e7o:<\/strong> \u00cbsht\u00eb hartim jo pyetje profesor<\/span><\/p>\n<p><span style=\"color: #000000;\"><strong>Zyla:<\/strong> N\u00ebse \u00ebsht\u00eb hartim e l\u00eb fare pastaj<\/span><\/p>\n<p><span style=\"color: #000000;\"><strong>Me\u00e7o:<\/strong> \u00c7oje deri n\u00eb fund<\/span><\/p>\n<p><span style=\"color: #000000;\"><strong>Zyla:<\/strong> Ajo q\u00eb un\u00eb konstatova \u00ebsht\u00eb se pamjet jan\u00eb bardh\u00eb e zi dhe kjo b\u00ebhet kur b\u00ebn nj\u00eb p\u00ebrballje mes t\u00eb mir\u00ebs dhe t\u00eb keqes, mes t\u00eb shkuar\u00ebs dhe t\u00eb ardhmes. Un\u00eb mendoj se gazetaria nuk i b\u00ebn bardh\u00eb e zi, por i b\u00ebn politika. Kjo ishte pyetja ime: Pse?<\/span><\/p>\n<p><span style=\"color: #000000;\"><strong>Me\u00e7o:<\/strong>\u00a0Bardh\u00eb e zi, sepse me ngjyra \u00ebsht\u00eb l\u00ebn\u00eb vet\u00ebm pjesa e p\u00ebrgjimeve, q\u00eb \u00ebsht\u00eb n\u00eb zhvillim, nd\u00ebrsa pjesa tjet\u00ebr e Samir Tahirit \u00ebsht\u00eb b\u00ebr\u00eb bardh\u00eb e zi se askush nuk u d\u00ebnua. As p\u00ebr manipulimin e vot\u00ebs nuk \u00ebsht\u00eb b\u00ebr\u00eb gj\u00eb. Kush u d\u00ebnua nga ata, n\u00ebse juve ju shqet\u00ebson forma, p\u00ebr futjen e kanabisit n\u00eb zgjedhje?<\/span><\/p>\n<p><span style=\"color: #000000;\"><strong>Zyla<\/strong>:\u00a0Un\u00eb nuk e kam ekspertiz\u00ebn e duhur p\u00ebr t\u2019ju p\u00ebrgjigjur k\u00ebsaj pyetjeje. Un\u00eb vet\u00ebm konstatoj. K\u00ebto \u00e7\u00ebshtje, shpresoj q\u00eb PD-ja ta kuptoj\u00eb se p\u00ebrderisa nuk kan\u00eb prodhuar produkt, nuk prodhojn\u00eb m\u00eb.<\/span><\/p>\n<p><iframe loading=\"lazy\" title=\"Pse i keni b\u00ebr\u00eb pamjet bardh e zi t\u00eb Edi Ram\u00ebs? Pyetja q\u00eb ndezi debat t\u00eb fort\u00eb n\u00eb Tempora\" width=\"1170\" height=\"658\" src=\"https:\/\/www.youtube.com\/embed\/50BpA4OatwA?feature=oembed\" frameborder=\"0\" allow=\"accelerometer; autoplay; clipboard-write; encrypted-media; gyroscope; picture-in-picture\" allowfullscreen><\/iframe><\/p>\n","protected":false,"gt_translate_keys":[{"key":"rendered","format":"html"}]},"excerpt":{"rendered":"<p>Analisti dhe eksperti i komunikimit Julian Zyla, ka debatuar mbr\u00ebmjen e kaluar me gazetaren Sonila Me\u00e7o, nd\u00ebrsa ishte i ftuar n\u00eb emisionin \u201cTempora\u201d t\u00eb k\u00ebsaj t\u00eb fundit, q\u00eb transmetohet n\u00eb RTV Ora. Pasi u transmetua nj\u00eb kronik\u00eb mbi kanabisin dhe zgjedhjet, analisti Zyla u revoltua me drejtuesen e emisionit lidhur me faktin se pse disa [&hellip;]<\/p>\n","protected":false,"gt_translate_keys":[{"key":"rendered","format":"html"}]},"author":30,"featured_media":427527,"comment_status":"open","ping_status":"open","sticky":false,"template":"","format":"standard","meta":{"footnotes":""},"categories":[65,13],"tags":[],"class_list":["post-427526","post","type-post","status-publish","format-standard","has-post-thumbnail","hentry","category-lajme","category-te-fundit"],"gt_translate_keys":[{"key":"link","format":"url"}],"_links":{"self":[{"href":"https:\/\/www.hashtag.al\/index.php\/wp-json\/wp\/v2\/posts\/427526","targetHints":{"allow":["GET"]}}],"collection":[{"href":"https:\/\/www.hashtag.al\/index.php\/wp-json\/wp\/v2\/posts"}],"about":[{"href":"https:\/\/www.hashtag.al\/index.php\/wp-json\/wp\/v2\/types\/post"}],"author":[{"embeddable":true,"href":"https:\/\/www.hashtag.al\/index.php\/wp-json\/wp\/v2\/users\/30"}],"replies":[{"embeddable":true,"href":"https:\/\/www.hashtag.al\/index.php\/wp-json\/wp\/v2\/comments?post=427526"}],"version-history":[{"count":0,"href":"https:\/\/www.hashtag.al\/index.php\/wp-json\/wp\/v2\/posts\/427526\/revisions"}],"wp:featuredmedia":[{"embeddable":true,"href":"https:\/\/www.hashtag.al\/index.php\/wp-json\/wp\/v2\/media\/427527"}],"wp:attachment":[{"href":"https:\/\/www.hashtag.al\/index.php\/wp-json\/wp\/v2\/media?parent=427526"}],"wp:term":[{"taxonomy":"category","embeddable":true,"href":"https:\/\/www.hashtag.al\/index.php\/wp-json\/wp\/v2\/categories?post=427526"},{"taxonomy":"post_tag","embeddable":true,"href":"https:\/\/www.hashtag.al\/index.php\/wp-json\/wp\/v2\/tags?post=427526"}],"curies":[{"name":"wp","href":"https:\/\/api.w.org\/{rel}","templated":true}]}}